{"id":638716,"date":"2026-08-22T06:40:15","date_gmt":"2026-08-22T06:40:15","guid":{"rendered":"https:\/\/www.europesays.com\/pl\/638716\/"},"modified":"2026-08-22T06:40:15","modified_gmt":"2026-08-22T06:40:15","slug":"moko-moko-moko-w-lodzi-2","status":"publish","type":"post","link":"https:\/\/www.europesays.com\/pl\/638716\/","title":{"rendered":"Moko Moko Moko w \u0141odzi"},"content":{"rendered":"<p class=\"atomsHappeningContent__desc\">Pierwsze co\u015b wyrasta i ro\u015bnie. Drugie co\u015b wyrasta i ro\u015bnie. Pierwsze co\u015b zjada drugie co\u015b. P\u00f3\u017aniej na pierwszym czym\u015b wyrasta drugie co\u015b \u2013 ro\u015bnie i ro\u015bnie, a\u017c wybucha. Nastaje nic. Pierwsze co\u015b wyrasta i ro\u015bnie\u2026 I tak dalej\u2026<\/p>\n<p>Przedstawienie na podstawie picturebooka \u201eMoko Moko Moko\u201d autorstwa Shuntar\u014d Kanikawy to zabawa abstrakcyjnymi formami o\u017cywianymi przez aktor\u00f3w i aktorki Teatru Pinokio w \u0141odzi. Pobudza wyobra\u017ani\u0119 poprzez pojawianie si\u0119, znikanie, powtarzalno\u015b\u0107 i onomatopeiczno\u015b\u0107. Przez to publiczno\u015b\u0107 wypracowuje nowe kody komunikacyjne \u2013 nowe j\u0119zyki, kt\u00f3re wpisuj\u0105 si\u0119 w dyskurs sztuki wsp\u00f3\u0142czesnej.<\/p>\n<p>Gatunek: teatr lalek<br \/>Czas trwania: 60 min<\/p>\n","protected":false},"excerpt":{"rendered":"Pierwsze co\u015b wyrasta i ro\u015bnie. Drugie co\u015b wyrasta i ro\u015bnie. Pierwsze co\u015b zjada drugie co\u015b. P\u00f3\u017aniej na pierwszym&hellip;\n","protected":false},"author":2,"featured_media":638717,"comment_status":"","ping_status":"","sticky":false,"template":"","format":"standard","meta":{"footnotes":"","_share_on_mastodon":"0"},"categories":[51608],"tags":[6226,10195,3652,42,38,40,39,41,8812,22920],"class_list":["post-638716","post","type-post","status-publish","format-standard","has-post-thumbnail","category-lodz","tag-bilety","tag-impreza","tag-lodz","tag-pl","tag-poland","tag-polish","tag-polska","tag-polski","tag-spektakle","tag-wydarzenie"],"share_on_mastodon":{"url":"https:\/\/pubeurope.com\/@pl\/117137796105945759","error":""},"_links":{"self":[{"href":"https:\/\/www.europesays.com\/pl\/wp-json\/wp\/v2\/posts\/638716","targetHints":{"allow":["GET"]}}],"collection":[{"href":"https:\/\/www.europesays.com\/pl\/wp-json\/wp\/v2\/posts"}],"about":[{"href":"https:\/\/www.europesays.com\/pl\/wp-json\/wp\/v2\/types\/post"}],"author":[{"embeddable":true,"href":"https:\/\/www.europesays.com\/pl\/wp-json\/wp\/v2\/users\/2"}],"replies":[{"embeddable":true,"href":"https:\/\/www.europesays.com\/pl\/wp-json\/wp\/v2\/comments?post=638716"}],"version-history":[{"count":0,"href":"https:\/\/www.europesays.com\/pl\/wp-json\/wp\/v2\/posts\/638716\/revisions"}],"wp:featuredmedia":[{"embeddable":true,"href":"https:\/\/www.europesays.com\/pl\/wp-json\/wp\/v2\/media\/638717"}],"wp:attachment":[{"href":"https:\/\/www.europesays.com\/pl\/wp-json\/wp\/v2\/media?parent=638716"}],"wp:term":[{"taxonomy":"category","embeddable":true,"href":"https:\/\/www.europesays.com\/pl\/wp-json\/wp\/v2\/categories?post=638716"},{"taxonomy":"post_tag","embeddable":true,"href":"https:\/\/www.europesays.com\/pl\/wp-json\/wp\/v2\/tags?post=638716"}],"curies":[{"name":"wp","href":"https:\/\/api.w.org\/{rel}","templated":true}]}}