{"id":638780,"date":"2026-08-22T07:22:10","date_gmt":"2026-08-22T07:22:10","guid":{"rendered":"https:\/\/www.europesays.com\/pl\/638780\/"},"modified":"2026-08-22T07:22:10","modified_gmt":"2026-08-22T07:22:10","slug":"kanada-zawiesza-negocjacje-z-usa-zapowiada-cla-odwetowe","status":"publish","type":"post","link":"https:\/\/www.europesays.com\/pl\/638780\/","title":{"rendered":"Kanada zawiesza negocjacje z USA. Zapowiada c\u0142a odwetowe"},"content":{"rendered":"<p>&#8222;W ostatnich tygodniach poczynili\u015bmy istotne post\u0119py na rzecz poprawy pozycji Kanady jako kraju z najlepsz\u0105 na \u015bwiecie umow\u0105 [handlow\u0105] z USA. Jednak ten post\u0119p nie by\u0142 wystarczaj\u0105cy, by osi\u0105gn\u0105\u0107 nasze cele dla Kanadyjczyk\u00f3w. W rezultacie dzi\u015b wieczorem zdecydowa\u0142em, by zawiesi\u0107 negocjacje handlowe z USA&#8221; \u2014 napisa\u0142 Carney.<\/p>\n<p>Doda\u0142, \u017ce poleci\u0142 kanadyjskim negocjatorom, by wr\u00f3cili do Ottawy. &#8222;Pracowali ci\u0119\u017cko, w dobrej wierze (\u2026) Jednak dokonywane w ostatniej chwili przez Amerykan\u00f3w zmiany w proponowanych warunkach by\u0142y nieuczciwe, nieekonomiczne i podawa\u0142y w w\u0105tpliwo\u015b\u0107 wiarygodno\u015b\u0107 porozumienia&#8221; \u2014 podkre\u015bli\u0142 premier.<\/p>\n<p>Dalszy ci\u0105g artyku\u0142u pod materia\u0142em wideoKanada zapowiada c\u0142a odwetowe na USADoda\u0142, \u017ce w nocy z pi\u0105tku na sobot\u0119 <a href=\"https:\/\/wiadomosci.onet.pl\/swiat\/trump-naklada-cla-na-kanade-najblizszy-przyjaciel-usa-slono-zaplaci\/p7jhhx1\" id=\"6c0d21cf-b817-4fb8-ad42-f08529fb9f1a\" rel=\"nofollow noopener\" target=\"_blank\">USA wprowadzaj\u0105 wynosz\u0105ce 50 proc. c\u0142a na eksport z Kanady o warto\u015bci ok. 28 mld dol<\/a>. &#8222;Kanada odpowie na c\u0142a, dolar za dolara, by chroni\u0107 naszych pracownik\u00f3w i firmy&#8221; \u2014 podkre\u015bli\u0142 Carney.<\/p>\n<p>Doda\u0142, \u017ce w najbli\u017cszych dniach rz\u0105d wdro\u017cy dodatkowe formy wsparcia dla pracownik\u00f3w i firm w Kanadzie, jako uzupe\u0142nienie wprowadzonych w ci\u0105gu minionych 18 miesi\u0119cy 25 mld dol. kanadyjskich pomocy.<\/p>\n<p>&#8222;Nasz rz\u0105d zrozumia\u0142, przed innymi, \u017ce Ameryka zmienia wszystkie swoje relacje handlowe&#8221; \u2014 doda\u0142 Carney, przypominaj\u0105c, \u017ce USA na\u0142o\u017cy\u0142y c\u0142a na swoich najbli\u017cszych sojusznik\u00f3w. Podkre\u015bli\u0142, \u017ce celem w negocjacjach by\u0142o osi\u0105gni\u0119cie jak najlepszych warunk\u00f3w umowy, ale &#8222;nie za wszelk\u0105 cen\u0119 czy przed jakimkolwiek terminem&#8221;.<\/p>\n<p><a href=\"https:\/\/wiadomosci.onet.pl\/swiat\/donald-trump-wstrzymuje-sie-z-decyzja-wobec-kanady-zawarlismy-porozumienie\/w7qp306\" id=\"b0074396-b5e8-4124-8011-a841f5c52634\" rel=\"nofollow noopener\" target=\"_blank\">Jeszcze w \u015brod\u0119 Trump informowa\u0142, \u017ce na trzy dni wstrzyma\u0142 wej\u015bcie w \u017cycie 50-proc. ce\u0142 na cz\u0119\u015b\u0107 importu z Kanady<\/a>.&#8221;Gospodarczy D-Day&#8221;. Zdesperowany Trump idzie o krok dalej w sprawie Iranu. &#8222;Na niespotykan\u0105 dot\u0105d skal\u0119&#8221;<img class=\"ods-a-photo ods-a-photo--background\" src=\"https:\/\/www.europesays.com\/pl\/wp-content\/uploads\/2026\/08\/1787383330_405_E2Nk9lBaHR0cHM6Ly9vY2RuLmV1L3B1bHNjbXMvTURBXy80ZDY1MmIyY2E2ZmUwNGEyOTI4NTZlMDgwMzU5OWNhMy5qcGeRlQLNA.jpeg\" height=\"300\" width=\"450\" alt=\"Prezydent USA Donald Trump, 14 sierpnia 2026 r.\" loading=\"lazy\" fetchpriority=\"low\" decoding=\"async\"\/><\/p>\n","protected":false},"excerpt":{"rendered":"&#8222;W ostatnich tygodniach poczynili\u015bmy istotne post\u0119py na rzecz poprawy pozycji Kanady jako kraju z najlepsz\u0105 na \u015bwiecie umow\u0105&hellip;\n","protected":false},"author":2,"featured_media":638781,"comment_status":"","ping_status":"","sticky":false,"template":"","format":"standard","meta":{"footnotes":"","_share_on_mastodon":"0"},"categories":[14],"tags":[61195,32,33,63,44,27,193,34,35,10875,28,31,48,25,46,40,41,47,80,29,30,71,26,82,83,84],"class_list":["post-638780","post","type-post","status-publish","format-standard","has-post-thumbnail","category-swiat","tag-bottomfeed_styl","tag-breaking-news","tag-breakingnews","tag-cla","tag-donald_trump","tag-headlines","tag-kanada","tag-latest-news","tag-latestnews","tag-mark_carney","tag-naglowki","tag-najwazniejsze-artykuly","tag-nat_styl","tag-news","tag-omp","tag-polish","tag-polski","tag-screening_general","tag-swiat","tag-top-stories","tag-topstories","tag-usa","tag-wiadomosci","tag-world","tag-world-news","tag-worldnews"],"share_on_mastodon":{"url":"https:\/\/pubeurope.com\/@pl\/117137961505250043","error":""},"_links":{"self":[{"href":"https:\/\/www.europesays.com\/pl\/wp-json\/wp\/v2\/posts\/638780","targetHints":{"allow":["GET"]}}],"collection":[{"href":"https:\/\/www.europesays.com\/pl\/wp-json\/wp\/v2\/posts"}],"about":[{"href":"https:\/\/www.europesays.com\/pl\/wp-json\/wp\/v2\/types\/post"}],"author":[{"embeddable":true,"href":"https:\/\/www.europesays.com\/pl\/wp-json\/wp\/v2\/users\/2"}],"replies":[{"embeddable":true,"href":"https:\/\/www.europesays.com\/pl\/wp-json\/wp\/v2\/comments?post=638780"}],"version-history":[{"count":0,"href":"https:\/\/www.europesays.com\/pl\/wp-json\/wp\/v2\/posts\/638780\/revisions"}],"wp:featuredmedia":[{"embeddable":true,"href":"https:\/\/www.europesays.com\/pl\/wp-json\/wp\/v2\/media\/638781"}],"wp:attachment":[{"href":"https:\/\/www.europesays.com\/pl\/wp-json\/wp\/v2\/media?parent=638780"}],"wp:term":[{"taxonomy":"category","embeddable":true,"href":"https:\/\/www.europesays.com\/pl\/wp-json\/wp\/v2\/categories?post=638780"},{"taxonomy":"post_tag","embeddable":true,"href":"https:\/\/www.europesays.com\/pl\/wp-json\/wp\/v2\/tags?post=638780"}],"curies":[{"name":"wp","href":"https:\/\/api.w.org\/{rel}","templated":true}]}}