{"id":638834,"date":"2026-08-22T07:54:41","date_gmt":"2026-08-22T07:54:41","guid":{"rendered":"https:\/\/www.europesays.com\/pl\/638834\/"},"modified":"2026-08-22T07:54:41","modified_gmt":"2026-08-22T07:54:41","slug":"nawrocki-odsyla-lex-szarlatan-do-tk-sam-proponuje-nawet-15-lat-wiezienia","status":"publish","type":"post","link":"https:\/\/www.europesays.com\/pl\/638834\/","title":{"rendered":"Nawrocki odsy\u0142a &#8222;lex szarlatan&#8221; do TK. Sam proponuje nawet 15 lat wi\u0119zienia"},"content":{"rendered":"<p>&#8222;Do 15 lat wi\u0119zienia za doprowadzenie do \u015bmierci pacjenta&#8221;<\/p>\n<p class=\"font-primary mb-8 text-lg leading-[1.55] [&amp;_a]:text-[#23437D] [&amp;_a]:underline [&amp;_a]:font-bold\">Prezydent Karol Nawrocki <a href=\"https:\/\/polskieradio24.pl\/polityka\/nawrocki-zdecydowal-ws-trzech-ustaw-lex-szarlatan-trafi-do-tk\" rel=\"nofollow noopener\" target=\"_blank\">skieruje do Trybuna\u0142u Konstytucyjnego w ramach kontroli prewencyjnej<\/a> przygotowan\u0105 przez rz\u0105d ustaw\u0119 o prawach pacjenta i Rzeczniku Praw Pacjenta, okre\u015blan\u0105 jako &#8222;lex szarlatan&#8221;. Jednocze\u015bnie zapowiedzia\u0142 w\u0142asn\u0105 inicjatyw\u0119 legislacyjn\u0105 dotycz\u0105c\u0105 walki z pseudomedycyn\u0105.<\/p>\n<p>Redakcja poleca<\/p>\n<p class=\"font-primary mb-8 text-lg leading-[1.55] [&amp;_a]:text-[#23437D] [&amp;_a]:underline [&amp;_a]:font-bold\">Za\u0142o\u017cenia prezydenckiego projektu przedstawi\u0142 w czwartek rzecznik Karola Nawrockiego Rafa\u0142 Le\u015bkiewicz. Jak poinformowa\u0142, propozycja zak\u0142ada nowelizacj\u0119 Kodeksu karnego i wprowadzenie nowego rodzaju przest\u0119pstwa &#8211; nak\u0142aniania do niebezpiecznych decyzji zdrowotnych.<\/p>\n<p class=\"font-primary mb-8 text-lg leading-[1.55] [&amp;_a]:text-[#23437D] [&amp;_a]:underline [&amp;_a]:font-bold\">Za namawianie chorej osoby do rezygnacji z zaleconego leczenia lub stosowania niebezpiecznych praktyk mia\u0142aby grozi\u0107 kara do trzech lat pozbawienia wolno\u015bci.<\/p>\n<p class=\"font-primary mb-8 text-lg leading-[1.55] [&amp;_a]:text-[#23437D] [&amp;_a]:underline [&amp;_a]:font-bold\">Projekt przewiduje r\u00f3wnie\u017c surowe kary, je\u015bli dzia\u0142alno\u015b\u0107 tzw. szarlatana doprowadzi do powa\u017cnych konsekwencji zdrowotnych.<\/p>\n<p class=\"font-primary mb-8 text-lg leading-[1.55] [&amp;_a]:text-[#23437D] [&amp;_a]:underline [&amp;_a]:font-bold\">Je\u017celi pacjent pod wp\u0142ywem takiej osoby zrezygnuje z leczenia albo zastosuje szkodliw\u0105 praktyk\u0119, sprawcy mia\u0142oby grozi\u0107 do pi\u0119ciu lat wi\u0119zienia. W przypadku ci\u0119\u017ckiego uszczerbku na zdrowiu kara mog\u0142aby wynie\u015b\u0107 do 10 lat.<\/p>\n<p class=\"font-primary mb-8 text-lg leading-[1.55] [&amp;_a]:text-[#23437D] [&amp;_a]:underline [&amp;_a]:font-bold\">Najsurowsza kara by\u0142aby przewidziana za \u015bmier\u0107 pacjenta. Za czyn, w wyniku kt\u00f3rego pacjent umrze, sprawcy grozi\u0142oby od 2 do 15 lat pozbawienia wolno\u015bci.<\/p>\n<p class=\"font-primary mb-8 text-lg leading-[1.55] [&amp;_a]:text-[#23437D] [&amp;_a]:underline [&amp;_a]:font-bold\">Le\u015bkiewicz zapowiedzia\u0142, \u017ce prezydencki projekt zostanie szybko skierowany do Sejmu.<\/p>\n<p>&#8222;Prezydent stan\u0105\u0142 po stronie szarlatan\u00f3w&#8221;<\/p>\n<p class=\"font-primary mb-8 text-lg leading-[1.55] [&amp;_a]:text-[#23437D] [&amp;_a]:underline [&amp;_a]:font-bold\">Decyzj\u0119 o skierowaniu rz\u0105dowej ustawy do TK skomentowa\u0142 w mediach spo\u0142eczno\u015bciowych <a href=\"https:\/\/polskieradio24.pl\/polska\/lex-szarlatan-skierowane-do-tk-tusk-trudno-w-to-uwierzyc\" rel=\"nofollow noopener\" target=\"_blank\">premier Donald Tusk<\/a>. &#8222;Trudno w to uwierzy\u0107, ale <a href=\"https:\/\/polskieradio24.pl\/polityka\/nawrocki-zdecydowal-ws-trzech-ustaw-lex-szarlatan-trafi-do-tk\" rel=\"nofollow noopener\" target=\"_blank\">Karol Nawrocki<\/a> zablokowa\u0142 ustaw\u0119 chroni\u0105c\u0105 pacjent\u00f3w przed oszustami, wy\u0142udzeniami i gro\u017anymi niesprawdzonymi terapiami&#8221; &#8211; napisa\u0142 szef rz\u0105du. Oceni\u0142 r\u00f3wnie\u017c, \u017ce prezydent &#8222;zamiast po stronie chorych, stan\u0105\u0142 po stronie szarlatan\u00f3w&#8221;.<\/p>\n<p>Co zak\u0142ada\u0142a rz\u0105dowa &#8222;lex szarlatan&#8221;?<\/p>\n<p class=\"font-primary mb-8 text-lg leading-[1.55] [&amp;_a]:text-[#23437D] [&amp;_a]:underline [&amp;_a]:font-bold\">Rz\u0105dowa ustawa, kt\u00f3r\u0105 prezydent zamierza skierowa\u0107 do TK, zak\u0142ada\u0142a zakaz stosowania praktyk pseudomedycznych.<\/p>\n<p class=\"font-primary mb-8 text-lg leading-[1.55] [&amp;_a]:text-[#23437D] [&amp;_a]:underline [&amp;_a]:font-bold\">Za takie praktyki uznano m.in. udzielanie \u015bwiadcze\u0144 zdrowotnych przez osoby niewykonuj\u0105ce zawodu medycznego, je\u015bli stwarzaj\u0105 one ryzyko uszkodzenia cia\u0142a, rozstroju zdrowia lub \u015bmierci. Zakaz mia\u0142 r\u00f3wnie\u017c obejmowa\u0107 oferowanie lub stosowanie metod diagnostycznych i leczniczych, kt\u00f3re nie s\u0105 \u015bwiadczeniami zdrowotnymi, ale przedstawia si\u0119 je pacjentom jako posiadaj\u0105ce takie w\u0142a\u015bciwo\u015bci.<\/p>\n<p class=\"text-dark text-center text-lg leading-[1.35] font-semibold md:!text-2xl\">O podpisanie ustawy apelowa\u0142y do prezydenta m.in. \u015brodowisko lekarskie, Ministerstwo Zdrowia i Rzecznik Praw Pacjenta. Przeciwni regulacji byli natomiast przedstawiciele tzw. medycyny alternatywnej<\/p>\n<p class=\"font-primary mb-8 text-lg leading-[1.55] [&amp;_a]:text-[#23437D] [&amp;_a]:underline [&amp;_a]:font-bold\">Szczeg\u00f3lna ochrona mia\u0142a dotyczy\u0107 ma\u0142oletnich oraz os\u00f3b zmagaj\u0105cych si\u0119 z chorobami onkologicznymi, ci\u0119\u017ckimi i nieuleczalnymi chorobami oraz zaburzeniami psychicznymi.<\/p>\n<p class=\"font-primary mb-8 text-lg leading-[1.55] [&amp;_a]:text-[#23437D] [&amp;_a]:underline [&amp;_a]:font-bold\">O podpisanie ustawy apelowa\u0142y do prezydenta m.in. \u015brodowisko lekarskie, Ministerstwo Zdrowia i Rzecznik Praw Pacjenta. Przeciwni regulacji byli natomiast przedstawiciele tzw. medycyny alternatywnej.<\/p>\n<p>Redakcja poleca<\/p>\n","protected":false},"excerpt":{"rendered":"&#8222;Do 15 lat wi\u0119zienia za doprowadzenie do \u015bmierci pacjenta&#8221; Prezydent Karol Nawrocki skieruje do Trybuna\u0142u Konstytucyjnego w ramach&hellip;\n","protected":false},"author":2,"featured_media":638835,"comment_status":"","ping_status":"","sticky":false,"template":"","format":"standard","meta":{"footnotes":"","_share_on_mastodon":"0"},"categories":[62712],"tags":[1345,690,10013,383,253],"class_list":["post-638834","post","type-post","status-publish","format-standard","has-post-thumbnail","category-karol-nawrocki","tag-donald-tusk","tag-karol-nawrocki","tag-medycyna","tag-prawo","tag-zdrowie"],"share_on_mastodon":{"url":"https:\/\/pubeurope.com\/@pl\/117138087306318920","error":""},"_links":{"self":[{"href":"https:\/\/www.europesays.com\/pl\/wp-json\/wp\/v2\/posts\/638834","targetHints":{"allow":["GET"]}}],"collection":[{"href":"https:\/\/www.europesays.com\/pl\/wp-json\/wp\/v2\/posts"}],"about":[{"href":"https:\/\/www.europesays.com\/pl\/wp-json\/wp\/v2\/types\/post"}],"author":[{"embeddable":true,"href":"https:\/\/www.europesays.com\/pl\/wp-json\/wp\/v2\/users\/2"}],"replies":[{"embeddable":true,"href":"https:\/\/www.europesays.com\/pl\/wp-json\/wp\/v2\/comments?post=638834"}],"version-history":[{"count":0,"href":"https:\/\/www.europesays.com\/pl\/wp-json\/wp\/v2\/posts\/638834\/revisions"}],"wp:featuredmedia":[{"embeddable":true,"href":"https:\/\/www.europesays.com\/pl\/wp-json\/wp\/v2\/media\/638835"}],"wp:attachment":[{"href":"https:\/\/www.europesays.com\/pl\/wp-json\/wp\/v2\/media?parent=638834"}],"wp:term":[{"taxonomy":"category","embeddable":true,"href":"https:\/\/www.europesays.com\/pl\/wp-json\/wp\/v2\/categories?post=638834"},{"taxonomy":"post_tag","embeddable":true,"href":"https:\/\/www.europesays.com\/pl\/wp-json\/wp\/v2\/tags?post=638834"}],"curies":[{"name":"wp","href":"https:\/\/api.w.org\/{rel}","templated":true}]}}