{"id":638982,"date":"2026-08-22T09:44:11","date_gmt":"2026-08-22T09:44:11","guid":{"rendered":"https:\/\/www.europesays.com\/pl\/638982\/"},"modified":"2026-08-22T09:44:11","modified_gmt":"2026-08-22T09:44:11","slug":"polska-zaczyna-me-stefano-lavarini-przemowil","status":"publish","type":"post","link":"https:\/\/www.europesays.com\/pl\/638982\/","title":{"rendered":"Polska zaczyna ME. Stefano Lavarini przem\u00f3wi\u0142"},"content":{"rendered":"\n<p class=\"contentpart contentpart--default contentpart--text\" data-position=\"0\">W sobot\u0119 (22 sierpnia) pierwsze spotkanie na <a href=\"https:\/\/sportowefakty.wp.pl\/siatkowka\/mistrzostwa-europy-2026-kobiet\" rel=\"nofollow noopener\" target=\"_blank\">mistrzostwach Europy siatkarek<\/a>\u00a0rozegra <a href=\"https:\/\/sportowefakty.wp.pl\/siatkowka\/reprezentacja-kobiet\" rel=\"nofollow noopener\" target=\"_blank\">reprezentacja Polski kobiet<\/a>. Bia\u0142o-Czerwone, kt\u00f3re trafi\u0142y do grupy A, b\u0119d\u0105 rywalizowa\u0107 w Stambule i najpierw zmierz\u0105 si\u0119 z <a href=\"https:\/\/sportowefakty.wp.pl\/siatkowka\/reprezentacja-wegier-kobiet\" rel=\"nofollow noopener\" target=\"_blank\">W\u0119grami<\/a>.<\/p>\n<p class=\"contentpart contentpart--default contentpart--text\" data-position=\"1\">Nasze siatkarki s\u0105 zdecydowanymi faworytkami tego spotkania i powinny zdoby\u0107 komplet punkt\u00f3w. W ko\u0144cu Polki nale\u017c\u0105 do grona kandydatek do medalu, o kt\u00f3ry z pewno\u015bci\u0105 nie b\u0119dzie jednak \u0142atwo.<\/p>\n<p>  <img decoding=\"async\" src=\"https:\/\/v.wpimg.pl\/X3dwLnN2d1IFFTpdYUl6R0ZNbgcnEHQREVV2TGEGbUtRT2MdOlZ2RBQUKABgQjQcDRotCStBd1IAAWMeIlM7VgwYIAorQAdEFFk_GCkQJQ\" alt=\"\" width=\"45\" height=\"58\" loading=\"lazy\"\/>  <\/p>\n<p class=\"contentpart contentpart--default contentpart--text\" data-position=\"2\">ZOBACZ WIDEO: Bia\u0142o-Czerwone gotowe na ME. Tak wygl\u0105da\u0142 pierwszy dzie\u0144 siatkarek w Stambule<\/p>\n<p class=\"contentpart contentpart--default contentpart--text\" data-position=\"4\">W fazie grupowej Bia\u0142o-Czerwone zagraj\u0105 te\u017c z \u0141otw\u0105, S\u0142oweni\u0105, Niemcami oraz Turcj\u0105. &#8211;\u00a0To oczywiste, \u017ce nasza grupa jest trudna, ale faktycznie my\u015bl\u0119, \u017ce zazwyczaj lepiej jest mierzy\u0107 si\u0119 z dru\u017cynami klasowymi ju\u017c od samego pocz\u0105tku turnieju. Uwa\u017cam, \u017ce to dobrze, bo dzi\u0119ki temu od razu wiadomo, co trzeba poprawi\u0107 i co wdro\u017cy\u0107, aby gra\u0107 lepiej. Jednocze\u015bnie rywalizowanie z takimi dru\u017cynami pozwala nabra\u0107 pewno\u015bci co do tego, co ju\u017c potrafimy i stworzy\u0107 co\u015b w rodzaju &#8222;przeciwcia\u0142&#8221; na dalsz\u0105 cz\u0119\u015b\u0107 turnieju, zar\u00f3wno podczas mecz\u00f3w, jak i poza nimi &#8211; stwierdzi\u0142 selekcjoner <a href=\"https:\/\/sportowefakty.wp.pl\/siatkowka\/stefano-lavarini\" rel=\"nofollow noopener\" target=\"_blank\">Stefano Lavarini<\/a>\u00a0w rozmowie z oficjalnym portalem Tauron Liga kobiet.<\/p>\n<p class=\"contentpart contentpart--default contentpart--text\" data-position=\"5\">W\u0142och nie zamierza\u0142 kalkulowa\u0107 nad tym, z kim jego podopieczne mog\u0105 zmierzy\u0107 si\u0119 w dalszej fazie turnieju. Podkre\u015bli\u0142, \u017ce on i nasze siatkarki b\u0119d\u0105 skupia\u0107 si\u0119 na ka\u017cdym kolejnym spotkaniu, bez wybiegania w przysz\u0142o\u015b\u0107.<\/p>\n<p>  <img decoding=\"async\" src=\"https:\/\/v.wpimg.pl\/X3dwLnN2d1IFFTpdYUl6R0ZNbgcnEHQREVV2TGEGbUtRT2MdOlZ2RBQUKABgQjQcDRotCStBd1IAAWMeIlM7VgwYIAorQAdEFFk_GCkQJQ\" alt=\"\" width=\"45\" height=\"58\" loading=\"lazy\"\/>  <\/p>\n<p class=\"contentpart contentpart--default contentpart--text\" data-position=\"6\">Nie chcia\u0142 r\u00f3wnie\u017c analizowa\u0107, czy realny jest medal. &#8211;\u00a0Oczywi\u015bcie ka\u017cdy jedzie na taki turniej jak mistrzostwa Europy, \u017ceby spr\u00f3bowa\u0107 dotrze\u0107 do fina\u0142u i wr\u00f3ci\u0107 do kraju z medalem; to dotyczy wszystkich. Nie uwa\u017cam jednak, \u017ceby takie przewidywania co si\u0119 mo\u017ce wydarzy\u0107 i jak wiele mo\u017cemy osi\u0105gn\u0105\u0107, by\u0142y nam teraz potrzebne. Na tym turnieju chcemy by\u0107 najlepsz\u0105 wersj\u0105 samych siebie &#8211; zaznaczy\u0142 Lavarini.<\/p>\n<p class=\"contentpart contentpart--default contentpart--text\" data-position=\"7\">Jasno jednak podkre\u015bli\u0142, \u017ce jego zesp\u00f3\u0142 pokaza\u0142 ju\u017c, i\u017c jest w stanie walczy\u0107 ze wszystkimi przeciwnikami podczas tegorocznej edycji Ligi Narod\u00f3w. Cho\u0107 Polki niedawno przegra\u0142y z W\u0142oszkami 0:3 w Koszalinie, to jest przekonany, \u017ce mo\u017ce by\u0107 to dobra lekcja na przysz\u0142o\u015b\u0107.<\/p>\n<p class=\"contentpart contentpart--default contentpart--text\" data-position=\"8\">Pocz\u0105tek sobotniego spotkania W\u0119gry &#8211; Polska zaplanowano na godzin\u0119 18:00 naszego czasu. Transmisja telewizyjna na Polsacie, Polsacie Sport 1 i Polsacie Sport Extra 2, w internecie na Pilot WP i Polsat Box Go, a <a href=\"https:\/\/sportowefakty.wp.pl\/siatkowka\/relacja-na-zywo\/182152\/wegry-polska-live\" rel=\"nofollow noopener\" target=\"_blank\">relacja tekstowa na portalu WP SportoweFakty<\/a>.<\/p>\n","protected":false},"excerpt":{"rendered":"W sobot\u0119 (22 sierpnia) pierwsze spotkanie na mistrzostwach Europy siatkarek\u00a0rozegra reprezentacja Polski kobiet. Bia\u0142o-Czerwone, kt\u00f3re trafi\u0142y do grupy&hellip;\n","protected":false},"author":2,"featured_media":638983,"comment_status":"","ping_status":"","sticky":false,"template":"","format":"standard","meta":{"footnotes":"","_share_on_mastodon":"0"},"categories":[12],"tags":[124983,42,38,40,39,41,539,131,33996,2670],"class_list":["post-638982","post","type-post","status-publish","format-standard","has-post-thumbnail","category-polska","tag-mistrzostwa-europy-2026-kobiet","tag-pl","tag-poland","tag-polish","tag-polska","tag-polski","tag-reprezentacje","tag-siatkowka","tag-stefano-lavarini","tag-wegry"],"share_on_mastodon":{"url":"https:\/\/pubeurope.com\/@pl\/117138521107752688","error":""},"_links":{"self":[{"href":"https:\/\/www.europesays.com\/pl\/wp-json\/wp\/v2\/posts\/638982","targetHints":{"allow":["GET"]}}],"collection":[{"href":"https:\/\/www.europesays.com\/pl\/wp-json\/wp\/v2\/posts"}],"about":[{"href":"https:\/\/www.europesays.com\/pl\/wp-json\/wp\/v2\/types\/post"}],"author":[{"embeddable":true,"href":"https:\/\/www.europesays.com\/pl\/wp-json\/wp\/v2\/users\/2"}],"replies":[{"embeddable":true,"href":"https:\/\/www.europesays.com\/pl\/wp-json\/wp\/v2\/comments?post=638982"}],"version-history":[{"count":0,"href":"https:\/\/www.europesays.com\/pl\/wp-json\/wp\/v2\/posts\/638982\/revisions"}],"wp:featuredmedia":[{"embeddable":true,"href":"https:\/\/www.europesays.com\/pl\/wp-json\/wp\/v2\/media\/638983"}],"wp:attachment":[{"href":"https:\/\/www.europesays.com\/pl\/wp-json\/wp\/v2\/media?parent=638982"}],"wp:term":[{"taxonomy":"category","embeddable":true,"href":"https:\/\/www.europesays.com\/pl\/wp-json\/wp\/v2\/categories?post=638982"},{"taxonomy":"post_tag","embeddable":true,"href":"https:\/\/www.europesays.com\/pl\/wp-json\/wp\/v2\/tags?post=638982"}],"curies":[{"name":"wp","href":"https:\/\/api.w.org\/{rel}","templated":true}]}}