{"id":63907,"date":"2025-10-23T07:51:10","date_gmt":"2025-10-23T07:51:10","guid":{"rendered":"https:\/\/www.europesays.com\/pl\/63907\/"},"modified":"2025-10-23T07:51:10","modified_gmt":"2025-10-23T07:51:10","slug":"prince-polo-xxl-zgubilo-kilka-gramow-producent-sie-tlumaczy","status":"publish","type":"post","link":"https:\/\/www.europesays.com\/pl\/63907\/","title":{"rendered":"Prince Polo XXL zgubi\u0142o kilka gram\u00f3w. Producent si\u0119 t\u0142umaczy"},"content":{"rendered":"\n<p>Zmiana dotyczy wszystkich wariant\u00f3w smakowych \u2013\u00a0zar\u00f3wno klasycznego wafelka w\u00a0czekoladzie, jak i\u00a0wersji mlecznej czy orzechowej. Waga wafelk\u00f3w zosta\u0142a zmniejszona o\u00a010 proc., poinformowa\u0142 jeden z\u00a0u\u017cytkownik\u00f3w portalu Wykop.pl.<\/p>\n<ul>\n<li data-wp-slider-slide=\"\" data-wp-slider-image-source=\"Screen Wykop.pl\" tabindex=\"0\">  <img decoding=\"async\" src=\"https:\/\/www.europesays.com\/pl\/wp-content\/uploads\/2025\/10\/NGJmNmE2YSYrDzheaklsM2hXbAQsEGJlP090T2pRYXZ7XXgVfQZ-aCwEIgg3Vz4oZAo8GDVTOTdkHSJCJEInaDxcYQksQT4rKxRh.jpeg\" draggable=\"false\" width=\"1106\" height=\"840\" loading=\"lazy\" class=\"wp-media-image wp-content-part-slider-image\" alt=\"Prince Polo XXL z mniejsz\u0105 gramatur\u0105\" data-lightbox=\"true\"\/><\/li>\n<li data-wp-slider-slide=\"\" data-wp-slider-image-source=\"Screen Wykop.pl\" tabindex=\"1\">  <img decoding=\"async\" src=\"https:\/\/www.europesays.com\/pl\/wp-content\/uploads\/2025\/10\/MTc4Yjg1YjUCVi9ZSEpvIEEOewMOE2F2FhZjSEhSYmVSBmkSXgR_ewVdNQ8VVD07TVMrHxdQOiRNRDVFBkEkexUFdg4OQj04Ak12.jpeg\" draggable=\"false\" width=\"1120\" height=\"952\" loading=\"lazy\" class=\"wp-media-image wp-content-part-slider-image\" alt=\"Prince Polo XXL z mniejsz\u0105 gramatur\u0105\" data-lightbox=\"true\"\/><\/li>\n<\/ul>\n<p>[1\/2] Prince Polo XXL z mniejsz\u0105 gramatur\u0105 \u0179r\u00f3d\u0142o zdj\u0119\u0107: Screen Wykop.pl | <\/p>\n<p>Mamy komentarz producenta Prince Polo <\/p>\n<p>W odpowiedzi na pytania redakcji WP Finanse, biuro prasowe Mondelez Polska wyja\u015bnia, \u017ce aby pozosta\u0107 konkurencyjnymi i\u00a0nie obni\u017ca\u0107 smaku oraz jako\u015bci swoich przek\u0105sek, od drugiej po\u0142owy wrze\u015bnia 2025 r. dostosowano wag\u0119 produkt\u00f3w z\u00a0linii Prince Polo XXL do aktualnych warunk\u00f3w.<\/p>\n<p> <img role=\"presentation\" class=\"absolute left-1\/2 top-1\/2 max-h-[80%] max-w-[100px] -translate-x-1\/2 -translate-y-1\/2\" src=\"https:\/\/v.wpimg.pl\/ZXJfd3AudTkrBBIAbg54LGhcRlAxHQUrPgJGH2MAeGJoSQ1eIBI_K2UHAEVuBTY5KQMMXC0RPyoVERQdMgM9ejc\" loading=\"lazy\" decoding=\"async\"\/> <\/p>\n<p>&#8222;Otoczenie zewn\u0119trzne, w\u00a0kt\u00f3rym funkcjonuje <a href=\"https:\/\/finanse.wp.pl\/zmiana-w-czekoladach-milka-klientom-nie-podoba-sie-nowa-tabliczka-7166147490994848a\" rel=\"noopener noreferrer nofollow\" target=\"_blank\">Mondelez<\/a>, jest bardziej z\u0142o\u017cone i\u00a0niestabilne ni\u017c kiedykolwiek. Jako producent \u017cywno\u015bci odczuwamy znacznie wy\u017csze koszty w\u00a0ca\u0142ym naszym \u0142a\u0144cuchu dostaw. Dotyczy to m.in. niekt\u00f3rych surowc\u00f3w takich jak kakao, kt\u00f3rego ceny nadal s\u0105 bardzo wysokie. Dodatkowo koszty energii, opakowa\u0144, transportu i\u00a0pracy r\u00f3wnie\u017c pozostaj\u0105 znacz\u0105ce&#8221; \u2013\u00a0czytamy w\u00a0o\u015bwiadczeniu przes\u0142anym do naszej redakcji.<\/p>\n<p>Wys\u0142a\u0142 towar do\u00a0Portugalii i\u00a0zaliczy\u0142 wtop\u0119. Klient \u017c\u0105da 6\u00a0tys. euro <\/p>\n<p>Biuro prasowe zaznacza, \u017ce gramatury pozosta\u0142ych wariant\u00f3w z\u00a0portfolio Prince Polo pozosta\u0142y bez zmian.<\/p>\n<p> <img role=\"presentation\" class=\"absolute left-1\/2 top-1\/2 max-h-[80%] max-w-[100px] -translate-x-1\/2 -translate-y-1\/2\" src=\"https:\/\/v.wpimg.pl\/ZXJfd3AudTkrBBIAbg54LGhcRlAxHQUrPgJGH2MAeGJoSQ1eIBI_K2UHAEVuBTY5KQMMXC0RPyoVERQdMgM9ejc\" loading=\"lazy\" decoding=\"async\"\/> <\/p>\n<p>Jak dodaje, firma zdaje sobie spraw\u0119, \u017ce konsumenci ca\u0142y czas zmagaj\u0105 si\u0119 z\u00a0presj\u0105 ekonomiczn\u0105 i\u00a0podkre\u015bla, \u017ce podnosi ceny produkt\u00f3w &#8222;w ostateczno\u015bci&#8221;.<\/p>\n<p>&#8222;Transparentna komunikacja z\u00a0naszymi konsumentami jest naszym najwy\u017cszym priorytetem. Dlatego na opakowaniach naszych wafelk\u00f3w wyra\u017anie wskazujemy now\u0105 wag\u0119 ka\u017cdego produktu, dzi\u0119ki czemu jest ona dost\u0119pna jeszcze przed jego zakupem&#8221; &#8211;\u00a0podkre\u015bla biuro prasowe Mondelez Polska.<\/p>\n<p>Mniejszy wafelek, ta\u00a0sama cena <\/p>\n<p>Jak sprawdzili\u015bmy, cho\u0107 gramatura wafelka uleg\u0142a zmniejszeniu, jego cena nie zmieni\u0142a si\u0119. <\/p>\n<p> <img role=\"presentation\" class=\"absolute left-1\/2 top-1\/2 max-h-[80%] max-w-[100px] -translate-x-1\/2 -translate-y-1\/2\" src=\"https:\/\/v.wpimg.pl\/ZXJfd3AudTkrBBIAbg54LGhcRlAxHQUrPgJGH2MAeGJoSQ1eIBI_K2UHAEVuBTY5KQMMXC0RPyoVERQdMgM9ejc\" loading=\"lazy\" decoding=\"async\"\/> <\/p>\n<p>22 pa\u017adziernika w\u00a0jednym ze sklep\u00f3w Biedronki na cen\u00f3wce widnia\u0142a informacja, \u017ce Prince Polo XXL sprzedawane jest zar\u00f3wno w\u00a0gramaturze 45 g, jak i\u00a050 g. Cena wafelka wynosi 2,69 z\u0142.<\/p>\n<p>     <img decoding=\"async\" src=\"https:\/\/www.europesays.com\/pl\/wp-content\/uploads\/2025\/10\/OTdlZTkyYDUFDixnRAJtIEZWeD0CW2N2EU5gdkQaYGZUXGosWkp8YEsKMzgOCyokC0I9Jh4JLiMUQio4RBg_PUsaa3sPEDwkCA0j.jpeg\" width=\"2000\" height=\"1334\" loading=\"lazy\" class=\"wp-media-image\" alt=\"Prince Polo zmniejsza gramatur\u0119\" data-lightbox=\"true\"\/> Prince Polo zmniejsza gramatur\u0119 \u00a9 WP Finanse<\/p>\n<p>Milka zmniejszy\u0142a czekolady <\/p>\n<p>Prince Polo nie jest jedynym s\u0142odyczem produkowanym przez Mondelez, kt\u00f3ry zosta\u0142 &#8222;odchudzony&#8221;. Jak pisali\u015bmy w\u00a0WP Finanse, <a href=\"https:\/\/finanse.wp.pl\/milka-chudnie-i-drozeje-to-jakis-zart-7121232103287616a\" rel=\"noopener noreferrer nofollow\" target=\"_blank\">na pocz\u0105tku tego roku tak\u017ce czekolady Milka zmieni\u0142y wag\u0119.<\/a> Wiele tabliczek zmniejszono o\u00a010-20 g. Decyzja mia\u0142a by\u0107 zwi\u0105zana ze wzrostem cen kakao, energii, transportu i\u00a0opakowa\u0144.<\/p>\n<p> <img role=\"presentation\" class=\"absolute left-1\/2 top-1\/2 max-h-[80%] max-w-[100px] -translate-x-1\/2 -translate-y-1\/2\" src=\"https:\/\/v.wpimg.pl\/ZXJfd3AudTkrBBIAbg54LGhcRlAxHQUrPgJGH2MAeGJoSQ1eIBI_K2UHAEVuBTY5KQMMXC0RPyoVERQdMgM9ejc\" loading=\"lazy\" decoding=\"async\"\/> <\/p>\n<p>&#8211; Downsizing to zjawisko biznesowe, mocno zwi\u0105zane z\u00a0psychologi\u0105 zakupu. Okazuje si\u0119, \u017ce istniej\u0105 pewne pu\u0142apy cenowe, kt\u00f3re s\u0105 dla konsumenta akceptowalne. Po przekroczeniu tego progu klient uznaje, \u017ce to za wysoka cena i\u00a0nie kupuje produktu. Klienci cz\u0119sto postrzegaj\u0105 downsizing jako drobne oszustwo, ale nale\u017cy dok\u0142adnie sprawdzi\u0107 opakowanie, bo producenci maj\u0105 obowi\u0105zek informacyjny. Je\u015bli producent informuje, \u017ce gramatura si\u0119 zmniejszy\u0142a, to wszystko jest w\u00a0porz\u0105dku, cho\u0107 oczywi\u015bcie nie jest to pozytywna zmiana dla klienta &#8211;\u00a0podkre\u015bla\u0142 w\u00a0rozmowie z\u00a0WP Finanse ekonomista Rafa\u0142 Mundry.<\/p>\n<p>Nasz rozm\u00f3wca zwr\u00f3ci\u0142 uwag\u0119, \u017ce downsizing mo\u017ce by\u0107 metod\u0105 producent\u00f3w na zahamowanie wzrostu cen, kt\u00f3re, zdaniem eksperta, &#8222;oderwa\u0142y si\u0119 od rzeczywisto\u015bci&#8221;.<\/p>\n<p>Paulina Master, dziennikarka WP Finanse<\/p>\n","protected":false},"excerpt":{"rendered":"Zmiana dotyczy wszystkich wariant\u00f3w smakowych \u2013\u00a0zar\u00f3wno klasycznego wafelka w\u00a0czekoladzie, jak i\u00a0wersji mlecznej czy orzechowej. Waga wafelk\u00f3w zosta\u0142a zmniejszona&hellip;\n","protected":false},"author":2,"featured_media":63908,"comment_status":"","ping_status":"","sticky":false,"template":"","format":"standard","meta":{"footnotes":""},"categories":[16],"tags":[113,112,42,38,40,39,41],"class_list":{"0":"post-63907","1":"post","2":"type-post","3":"status-publish","4":"format-standard","5":"has-post-thumbnail","7":"category-biznes","8":"tag-biznes","9":"tag-business","10":"tag-pl","11":"tag-poland","12":"tag-polish","13":"tag-polska","14":"tag-polski"},"share_on_mastodon":{"url":"https:\/\/pubeurope.com\/@pl\/115422395594092318","error":""},"_links":{"self":[{"href":"https:\/\/www.europesays.com\/pl\/wp-json\/wp\/v2\/posts\/63907","targetHints":{"allow":["GET"]}}],"collection":[{"href":"https:\/\/www.europesays.com\/pl\/wp-json\/wp\/v2\/posts"}],"about":[{"href":"https:\/\/www.europesays.com\/pl\/wp-json\/wp\/v2\/types\/post"}],"author":[{"embeddable":true,"href":"https:\/\/www.europesays.com\/pl\/wp-json\/wp\/v2\/users\/2"}],"replies":[{"embeddable":true,"href":"https:\/\/www.europesays.com\/pl\/wp-json\/wp\/v2\/comments?post=63907"}],"version-history":[{"count":0,"href":"https:\/\/www.europesays.com\/pl\/wp-json\/wp\/v2\/posts\/63907\/revisions"}],"wp:featuredmedia":[{"embeddable":true,"href":"https:\/\/www.europesays.com\/pl\/wp-json\/wp\/v2\/media\/63908"}],"wp:attachment":[{"href":"https:\/\/www.europesays.com\/pl\/wp-json\/wp\/v2\/media?parent=63907"}],"wp:term":[{"taxonomy":"category","embeddable":true,"href":"https:\/\/www.europesays.com\/pl\/wp-json\/wp\/v2\/categories?post=63907"},{"taxonomy":"post_tag","embeddable":true,"href":"https:\/\/www.europesays.com\/pl\/wp-json\/wp\/v2\/tags?post=63907"}],"curies":[{"name":"wp","href":"https:\/\/api.w.org\/{rel}","templated":true}]}}