{"id":63911,"date":"2025-10-23T07:53:08","date_gmt":"2025-10-23T07:53:08","guid":{"rendered":"https:\/\/www.europesays.com\/pl\/63911\/"},"modified":"2025-10-23T07:53:08","modified_gmt":"2025-10-23T07:53:08","slug":"to-jest-plucie-w-twarz-polakom-zawisza-ostro-o-nfz","status":"publish","type":"post","link":"https:\/\/www.europesays.com\/pl\/63911\/","title":{"rendered":"&#8222;To jest plucie w twarz Polakom&#8221;. Zawisza ostro o NFZ"},"content":{"rendered":"\n<p>&#13;<br \/>\nNarodowy Fundusz Zdrowia ma\u00a0ogromne trudno\u015bci finansowe. W\u00a0tegorocznym bud\u017cecie brakuje oko\u0142o 14 miliard\u00f3w z\u0142otych, co\u00a0mo\u017ce prze\u0142o\u017cy\u0107 si\u0119 na\u00a0zagro\u017cenie dla\u00a0realizacji kontrakt\u00f3w. Szczeg\u00f3lnie zaniepokojeni <a href=\"https:\/\/dorzeczy.pl\/kraj\/790872\/zle-wiesci-dla-pacjentow-z-dwoch-wojewodztw-przez-dziure-w-nfz-moze-zabraknac-pieniedzy.html\" rel=\"nofollow noopener\" target=\"_blank\">mog\u0105 by\u0107 pacjenci z\u00a0wojew\u00f3dztw mazowieckiego i\u00a0\u015bl\u0105skiego<\/a>. Koalicja rz\u0105dz\u0105ca zapewnia, \u017ce\u00a0robi wszystko, aby\u00a0znale\u017a\u0107 brakuj\u0105ce \u015brodki. Opozycja nie\u00a0zostawia jednak na\u00a0tej narracji suchej nitki. &#13;\n<\/p>\n<p>&#13;<br \/>\n\u2013 To\u00a0by\u0142o 20 miliard\u00f3w z\u0142otych, kt\u00f3rych wiedzieli\u015bmy od\u00a0samego pocz\u0105tku, \u017ce\u00a0b\u0119dzie brakowa\u0107. I\u00a0teraz jeste\u015bmy dok\u0142adnie w\u00a0tej sytuacji, o\u00a0kt\u00f3rej m\u00f3wili\u015bmy w\u00a0zesz\u0142ym roku, wi\u0119c to\u00a0nie jest zaskoczenie. To\u00a0nie jest co\u015b o\u00a0czym\u015b my\u00a0nie wiedzieli\u015bmy jako spo\u0142ecze\u0144stwo. Wiedzieli\u015bmy wszyscy, \u017ce\u00a0w\u00a0tym bud\u017cecie jest zapisane zbyt ma\u0142o \u015brodk\u00f3w na\u00a0leczenie Polek i\u00a0Polak\u00f3w \u2013\u00a0powiedzia\u0142a Marcelina Zawisza z\u00a0partii Razem. &#13;\n<\/p>\n<p>Zawisza: Doma\u0144ski mia\u0142 rok, \u017ceby znale\u017a\u0107 pieni\u0105dze<\/p>\n<p>&#13;<br \/>\nZa szczeg\u00f3lnie bulwersuj\u0105ce Zawisza uzna\u0142a przekazywanie ogromnych sum na\u00a0media publiczne, kt\u00f3re, w\u00a0jej ocenie, nie\u00a0spe\u0142niaj\u0105 swojej roli i\u00a0de facto s\u0105 partyjne, a\u00a0nie publiczne. Krytycznie oceni\u0142a tak\u017ce zachowanie polityk\u00f3w koalicji rz\u0105dz\u0105cej, kt\u00f3rzy twierdz\u0105, \u017ce\u00a0nie mo\u017cna by\u0142o przewidzie\u0107 dziury bud\u017cetowej w\u00a0NFZ. &#13;\n<\/p>\n<p>&#13;<br \/>\n\u2013 Minister [finans\u00f3w \u2013\u00a0przyp. red.] Doma\u0144ski mia\u0142 ponad rok, \u017ceby te\u00a0pieni\u0105dze znale\u017a\u0107. Udawanie, \u017ce\u00a0oni teraz si\u0119 dowiedzieli, \u017ce\u00a0oni teraz musz\u0105 szuka\u0107 tych pieni\u0119dzy, to\u00a0jest plucie w\u00a0twarz Polkom i\u00a0Polakom, kt\u00f3rzy w\u0142a\u015bnie si\u0119 dowiaduj\u0105, \u017ce\u00a0nie b\u0119d\u0105 mieli realizowanych zabieg\u00f3w. Co\u00a0wi\u0119cej, pani minister [zdrowia \u2013\u00a0przyp. red.] m\u00f3wi, \u017ce\u00a0ona b\u0119dzie teraz szuka\u0107 oszcz\u0119dno\u015bci w\u00a0mro\u017ceniu ustawy o\u00a0minimalnych wynagrodzeniach w\u00a0ochronie zdrowia i\u00a0jest taka narracja, \u017ce\u00a0lekarze zarabiaj\u0105 za\u00a0du\u017co. Problem jest taki, \u017ce\u00a0tych lekarzy kt\u00f3re zarabiaj\u0105 te\u00a0horrendalne wynagrodzenia o\u00a0kt\u00f3rych s\u0142yszymy, ta\u00a0ustawa w\u00a0og\u00f3le nie\u00a0dotyczy \u2013\u00a0powiedzia\u0142a pose\u0142 opozycji. &#13;\n<\/p>\n<p>&#13;<br \/>\nCzytaj te\u017c:<br \/><a href=\"https:\/\/dorzeczy.pl\/opinie\/794172\/wymowna-grafika-o-polskich-finansach-morawiecki-uderza-w-tuska-i-domanskiego.html\" rel=\"follow nofollow noopener\" data-schema=\"DORZECZY\" data-image=\"https:\/\/img.dorzeczy.pl\/_thumb\/bb\/b6\/26643f11d90bfb3c724639739014.jpeg\" target=\"_blank\">&#8222;Prognozy sfa\u0142szowano&#8221;. Pad\u0142y mocne oskar\u017cenia ze\u00a0strony Morawieckiego<\/a>Czytaj te\u017c:<br \/><a href=\"https:\/\/dorzeczy.pl\/opinie\/792471\/miller-o-koalicji-cos-pomiedzy-operetka-a-panelowa-debata-w-tvn24.html\" rel=\"follow nofollow noopener\" data-schema=\"DORZECZY\" data-image=\"https:\/\/img.dorzeczy.pl\/_thumb\/fe\/2c\/4977f54d41c8a168051fd9fae9dd.jpeg\" target=\"_blank\">&#8222;Wystarczy jeden kryzys&#8230;&#8221;. Miller podsumowa\u0142 dwa lata rz\u0105d\u00f3w koalicji<\/a>&#13;<\/p>\n","protected":false},"excerpt":{"rendered":"&#13; Narodowy Fundusz Zdrowia ma\u00a0ogromne trudno\u015bci finansowe. W\u00a0tegorocznym bud\u017cecie brakuje oko\u0142o 14 miliard\u00f3w z\u0142otych, co\u00a0mo\u017ce prze\u0142o\u017cy\u0107 si\u0119 na\u00a0zagro\u017cenie&hellip;\n","protected":false},"author":2,"featured_media":63912,"comment_status":"","ping_status":"","sticky":false,"template":"","format":"standard","meta":{"footnotes":""},"categories":[12],"tags":[32,33,98,36,37,27,49,34,35,601,28,31,25,229,102,42,38,40,39,41,29,30,26,12094,253],"class_list":{"0":"post-63911","1":"post","2":"type-post","3":"status-publish","4":"format-standard","5":"has-post-thumbnail","7":"category-polska","8":"tag-breaking-news","9":"tag-breakingnews","10":"tag-dorzeczy","11":"tag-featured-news","12":"tag-featurednews","13":"tag-headlines","14":"tag-kraj","15":"tag-latest-news","16":"tag-latestnews","17":"tag-marcin-bugaj","18":"tag-naglowki","19":"tag-najwazniejsze-artykuly","20":"tag-news","21":"tag-nfz","22":"tag-opinie","23":"tag-pl","24":"tag-poland","25":"tag-polish","26":"tag-polska","27":"tag-polski","28":"tag-top-stories","29":"tag-topstories","30":"tag-wiadomosci","31":"tag-zawisza","32":"tag-zdrowie"},"share_on_mastodon":{"url":"https:\/\/pubeurope.com\/@pl\/115422403332599379","error":""},"_links":{"self":[{"href":"https:\/\/www.europesays.com\/pl\/wp-json\/wp\/v2\/posts\/63911","targetHints":{"allow":["GET"]}}],"collection":[{"href":"https:\/\/www.europesays.com\/pl\/wp-json\/wp\/v2\/posts"}],"about":[{"href":"https:\/\/www.europesays.com\/pl\/wp-json\/wp\/v2\/types\/post"}],"author":[{"embeddable":true,"href":"https:\/\/www.europesays.com\/pl\/wp-json\/wp\/v2\/users\/2"}],"replies":[{"embeddable":true,"href":"https:\/\/www.europesays.com\/pl\/wp-json\/wp\/v2\/comments?post=63911"}],"version-history":[{"count":0,"href":"https:\/\/www.europesays.com\/pl\/wp-json\/wp\/v2\/posts\/63911\/revisions"}],"wp:featuredmedia":[{"embeddable":true,"href":"https:\/\/www.europesays.com\/pl\/wp-json\/wp\/v2\/media\/63912"}],"wp:attachment":[{"href":"https:\/\/www.europesays.com\/pl\/wp-json\/wp\/v2\/media?parent=63911"}],"wp:term":[{"taxonomy":"category","embeddable":true,"href":"https:\/\/www.europesays.com\/pl\/wp-json\/wp\/v2\/categories?post=63911"},{"taxonomy":"post_tag","embeddable":true,"href":"https:\/\/www.europesays.com\/pl\/wp-json\/wp\/v2\/tags?post=63911"}],"curies":[{"name":"wp","href":"https:\/\/api.w.org\/{rel}","templated":true}]}}