{"id":639225,"date":"2026-08-22T12:22:12","date_gmt":"2026-08-22T12:22:12","guid":{"rendered":"https:\/\/www.europesays.com\/pl\/639225\/"},"modified":"2026-08-22T12:22:12","modified_gmt":"2026-08-22T12:22:12","slug":"media-oto-nowy-klub-krzysztofa-piatka","status":"publish","type":"post","link":"https:\/\/www.europesays.com\/pl\/639225\/","title":{"rendered":"Media. Oto nowy klub Krzysztofa Pi\u0105tka"},"content":{"rendered":"\n<p class=\"contentpart contentpart--default contentpart--text\" data-position=\"0\">Niedawno pojawi\u0142y si\u0119 informacje, \u017ce <a href=\"https:\/\/sportowefakty.wp.pl\/pilka-nozna\/krzysztof-piatek\" rel=\"nofollow noopener\" target=\"_blank\">Krzysztof Pi\u0105tek<\/a>\u00a0za bardzo nie ma czego szuka\u0107 w <a href=\"https:\/\/sportowefakty.wp.pl\/pilka-nozna\/al-duhail-sc\" rel=\"nofollow noopener\" target=\"_blank\">Al Duhail SC<\/a>\u00a0i b\u0119dzie lepiej, je\u017celi poszuka sobie nowego miejsca zatrudnienia (<a href=\"https:\/\/sportowefakty.wp.pl\/pilka-nozna\/1267581\/media-krzysztof-piatek-zmieni-klub-katarczycy-juz-go-nie-chca\" rel=\"nofollow noopener\" target=\"_blank\">&#8212;-&gt; WI\u0118CEJ<\/a>).<\/p>\n<p class=\"contentpart contentpart--default contentpart--text\" data-position=\"1\">No to wygl\u0105da na to, \u017ce znalaz\u0142.<\/p>\n<p>  <img decoding=\"async\" src=\"https:\/\/v.wpimg.pl\/X3dwLnN2d1IFFTpdYUl6R0ZNbgcnEHQREVV2TGEGbUtRT2MdOlZ2RBQUKABgQjQcDRotCStBd1IAAWMeIlM7VgwYIAorQAdEFFk_GCkQJQ\" alt=\"\" width=\"45\" height=\"58\" loading=\"lazy\"\/>  <\/p>\n<p class=\"contentpart contentpart--default contentpart--text\" data-position=\"2\">Portal Meczyki.pl informuje, \u017ce reprezentant Polski wkr\u00f3tce b\u0119dzie mia\u0142 nowy klub. W gr\u0119 nie wchodzi jednak powr\u00f3t do Europy. Pi\u0105tek ma trafi\u0107 do <a href=\"https:\/\/sportowefakty.wp.pl\/pilka-nozna\/al-wahda-abu-zabi\" rel=\"nofollow noopener\" target=\"_blank\">Al Wahda FC<\/a>\u00a0ze Zjednoczonych Emirat\u00f3w Arabskich.<\/p>\n<p class=\"contentpart contentpart--default contentpart--text\" data-position=\"3\">ZOBACZ WIDEO: Niedosyt w Zabrzu po szalonym meczu. Fani podzi\u0119kowali pi\u0142karzom<\/p>\n<p class=\"contentpart contentpart--default contentpart--text\" data-position=\"5\">Jak czytamy: kluby dosz\u0142y ju\u017c do pe\u0142nego porozumienia ws. rocznego wypo\u017cyczenia Pi\u0105tka (ma wa\u017cny kontrakt do 30 czerwca 2028 roku).<\/p>\n<p class=\"contentpart contentpart--default contentpart--text\" data-position=\"6\">Polak mia\u0142 w Katarze bardzo wysoki kontrakt, st\u0105d te\u017c mocno ograniczona by\u0142a liczba potencjalnych kierunk\u00f3w transferu.<\/p>\n<p>  <img decoding=\"async\" src=\"https:\/\/v.wpimg.pl\/X3dwLnN2d1IFFTpdYUl6R0ZNbgcnEHQREVV2TGEGbUtRT2MdOlZ2RBQUKABgQjQcDRotCStBd1IAAWMeIlM7VgwYIAorQAdEFFk_GCkQJQ\" alt=\"\" width=\"45\" height=\"58\" loading=\"lazy\"\/>  <\/p>\n<p class=\"contentpart contentpart--default contentpart--text\" data-position=\"7\">W poprzednim sezonie Pi\u0105tek\u00a0wyst\u0105pi\u0142 w 36 meczach Al-Duhail SC &#8211; strzeli\u0142 17 goli i zanotowa\u0142 5 asyst. Nie zosta\u0142 jednak zabrany na ob\u00f3z przygotowawczy, gdy\u017c w zespole by\u0142o zbyt wielu obcokrajowc\u00f3w i zwyczajnie brakowa\u0142o dla niego miejsca.<\/p>\n<p class=\"contentpart contentpart--default contentpart--text\" data-position=\"8\">Al-Wahda FC to czterokrotny mistrz Zjednoczonych Emirat\u00f3w Arabskich.<\/p>\n","protected":false},"excerpt":{"rendered":"Niedawno pojawi\u0142y si\u0119 informacje, \u017ce Krzysztof Pi\u0105tek\u00a0za bardzo nie ma czego szuka\u0107 w Al Duhail SC\u00a0i b\u0119dzie lepiej,&hellip;\n","protected":false},"author":2,"featured_media":639226,"comment_status":"","ping_status":"","sticky":false,"template":"","format":"standard","meta":{"footnotes":"","_share_on_mastodon":"0"},"categories":[5],"tags":[3059,125449,32,33,36,37,27,3057,3058,34,35,28,31,25,989,269,42,38,40,39,41,29,30,26,13647],"class_list":["post-639225","post","type-post","status-publish","format-standard","has-post-thumbnail","category-naglowki","tag-al-duhail-sc","tag-al-wahda-fc","tag-breaking-news","tag-breakingnews","tag-featured-news","tag-featurednews","tag-headlines","tag-katar","tag-krzysztof-piatek","tag-latest-news","tag-latestnews","tag-naglowki","tag-najwazniejsze-artykuly","tag-news","tag-pilka-na-swiecie","tag-pilka-nozna","tag-pl","tag-poland","tag-polish","tag-polska","tag-polski","tag-top-stories","tag-topstories","tag-wiadomosci","tag-zjednoczone-emiraty-arabskie"],"share_on_mastodon":{"url":"https:\/\/pubeurope.com\/@pl\/117139142400483079","error":""},"_links":{"self":[{"href":"https:\/\/www.europesays.com\/pl\/wp-json\/wp\/v2\/posts\/639225","targetHints":{"allow":["GET"]}}],"collection":[{"href":"https:\/\/www.europesays.com\/pl\/wp-json\/wp\/v2\/posts"}],"about":[{"href":"https:\/\/www.europesays.com\/pl\/wp-json\/wp\/v2\/types\/post"}],"author":[{"embeddable":true,"href":"https:\/\/www.europesays.com\/pl\/wp-json\/wp\/v2\/users\/2"}],"replies":[{"embeddable":true,"href":"https:\/\/www.europesays.com\/pl\/wp-json\/wp\/v2\/comments?post=639225"}],"version-history":[{"count":0,"href":"https:\/\/www.europesays.com\/pl\/wp-json\/wp\/v2\/posts\/639225\/revisions"}],"wp:featuredmedia":[{"embeddable":true,"href":"https:\/\/www.europesays.com\/pl\/wp-json\/wp\/v2\/media\/639226"}],"wp:attachment":[{"href":"https:\/\/www.europesays.com\/pl\/wp-json\/wp\/v2\/media?parent=639225"}],"wp:term":[{"taxonomy":"category","embeddable":true,"href":"https:\/\/www.europesays.com\/pl\/wp-json\/wp\/v2\/categories?post=639225"},{"taxonomy":"post_tag","embeddable":true,"href":"https:\/\/www.europesays.com\/pl\/wp-json\/wp\/v2\/tags?post=639225"}],"curies":[{"name":"wp","href":"https:\/\/api.w.org\/{rel}","templated":true}]}}