{"id":63923,"date":"2025-10-23T07:59:10","date_gmt":"2025-10-23T07:59:10","guid":{"rendered":"https:\/\/www.europesays.com\/pl\/63923\/"},"modified":"2025-10-23T07:59:10","modified_gmt":"2025-10-23T07:59:10","slug":"odkryli-dziesiatki-nowych-mutacji-u-dzieci-wskazali-przyczyne","status":"publish","type":"post","link":"https:\/\/www.europesays.com\/pl\/63923\/","title":{"rendered":"odkryli dziesi\u0105tki nowych mutacji u dzieci. Wskazali przyczyn\u0119"},"content":{"rendered":"<p>Uzbekistan og\u0142osi\u0142 wyniki pionierskich bada\u0144 genom\u00f3w dzieci, prowadzonych przez Centrum Nowoczesnych Technologii przy Ministerstwie Szkolnictwa Wy\u017cszego, Nauki i\u00a0Innowacji. Jak podaje PAP, to pierwsze tak dog\u0142\u0119bne analizy w\u00a0tym kraju. Naukowcy wykryli dziesi\u0105tki mutacji, kt\u00f3rych wcze\u015bniej nie opisa\u0142a \u015bwiatowa literatura, a\u00a0rezultaty zasil\u0105 mi\u0119dzynarodowe bazy danych, wzmacniaj\u0105c pozycj\u0119 Uzbekistanu w\u00a0genomice.<\/p>\n<p>Kluczowy wniosek badaczy jest alarmuj\u0105cy: co drugie dziecko w\u00a0projekcie ma mutacj\u0119 genetyczn\u0105, co wskazuje na dziedziczny charakter wielu schorze\u0144. Wed\u0142ug komunikatu ministerstwa a\u017c 86 proc. uczestnik\u00f3w to nosiciele co najmniej jednego &#8222;uszkodzonego&#8221; genu, czyli ok. dwukrotnie wi\u0119cej ni\u017c \u015bwiatowa \u015brednia. Jednocze\u015bnie instytucja nie poda\u0142a liczby przebadanych os\u00f3b, co pozostaje wa\u017cnym zastrze\u017ceniem interpretacyjnym.<\/p>\n<p>Badacze \u0142\u0105cz\u0105 podwy\u017cszony odsetek mutacji z\u00a0cz\u0119stymi ma\u0142\u017ce\u0144stwami zawieranymi mi\u0119dzy spokrewnionymi osobami. Ministerstwo wskazuje, \u017ce w\u00a0niekt\u00f3rych regionach takie zwi\u0105zki mog\u0105 si\u0119ga\u0107 nawet jednej czwartej wszystkich ma\u0142\u017ce\u0144stw. W\u00a0ocenie zespo\u0142u wp\u0142ywa to nie tylko na ryzyko rzadkich chor\u00f3b, ale tak\u017ce na cz\u0119stsze schorzenia, jak cukrzyca, choroby serca czy nowotwory, kt\u00f3re mog\u0105 pojawia\u0107 si\u0119 u\u00a0coraz m\u0142odszych os\u00f3b.<\/p>\n<p>Polskie geny w\u00a0Hollywood. Nie wszystkie gwiazdy to\u00a0piel\u0119gnuj\u0105 <\/p>\n<p>W\u0142adze naukowe w\u00a0Taszkencie podkre\u015blaj\u0105 wag\u0119 profilaktyki. Eksperci rekomenduj\u0105 badania genetyczne przed \u015blubem oraz wczesne programy przesiewowe dla dzieci. Taki system ma umo\u017cliwi\u0107 szybsze wykrywanie zagro\u017ce\u0144 i\u00a0skuteczniejsze leczenie, zanim choroby si\u0119 rozwin\u0105.<\/p>\n<p>Prof. Szachlo Turdyku\u0142owa, dyrektor Centrum Nowoczesnych Technologii i\u00a0kierownik projektu &#8222;1000 genom\u00f3w Uzbekistanu&#8221;, akcentuje prze\u0142omowy charakter prac. &#8222;Po raz pierwszy uda\u0142o si\u0119 zobaczy\u0107 prawdziwy obraz gen\u00f3w narodu&#8221; &#8211;\u00a0podkre\u015bli\u0142 naukowiec.<\/p>\n<p>Projekt &#8222;1000 genom\u00f3w Uzbekistanu&#8221; tworzy map\u0119 genetyczn\u0105 populacji oraz krajowy biobank. Zebrane dane maj\u0105 sta\u0107 si\u0119 podstaw\u0105 rozwoju medycyny spersonalizowanej, opracowania nowych lek\u00f3w i\u00a0bardziej precyzyjnych program\u00f3w diagnostycznych. <\/p>\n<p>Ministerstwo przypomina, \u017ce Centrum Nowoczesnych Technologii prowadzi badania tak\u017ce w\u00a0biotechnologii, nanotechnologii i\u00a0sztucznej inteligencji, a\u00a0jego zesp\u00f3\u0142 uczestniczy\u0142 m.in. w\u00a0identyfikacji nowych szczep\u00f3w koronawirusa i\u00a0wsp\u00f3\u0142tworzeniu szczepionki ZF-UZ-VAC 2001.<\/p>\n","protected":false},"excerpt":{"rendered":"Uzbekistan og\u0142osi\u0142 wyniki pionierskich bada\u0144 genom\u00f3w dzieci, prowadzonych przez Centrum Nowoczesnych Technologii przy Ministerstwie Szkolnictwa Wy\u017cszego, Nauki i\u00a0Innowacji.&hellip;\n","protected":false},"author":2,"featured_media":63924,"comment_status":"","ping_status":"","sticky":false,"template":"","format":"standard","meta":{"footnotes":""},"categories":[14],"tags":[32,33,27,34,35,28,31,25,40,41,80,29,30,26,82,83,84],"class_list":{"0":"post-63923","1":"post","2":"type-post","3":"status-publish","4":"format-standard","5":"has-post-thumbnail","7":"category-swiat","8":"tag-breaking-news","9":"tag-breakingnews","10":"tag-headlines","11":"tag-latest-news","12":"tag-latestnews","13":"tag-naglowki","14":"tag-najwazniejsze-artykuly","15":"tag-news","16":"tag-polish","17":"tag-polski","18":"tag-swiat","19":"tag-top-stories","20":"tag-topstories","21":"tag-wiadomosci","22":"tag-world","23":"tag-world-news","24":"tag-worldnews"},"share_on_mastodon":{"url":"https:\/\/pubeurope.com\/@pl\/115422426917505942","error":""},"_links":{"self":[{"href":"https:\/\/www.europesays.com\/pl\/wp-json\/wp\/v2\/posts\/63923","targetHints":{"allow":["GET"]}}],"collection":[{"href":"https:\/\/www.europesays.com\/pl\/wp-json\/wp\/v2\/posts"}],"about":[{"href":"https:\/\/www.europesays.com\/pl\/wp-json\/wp\/v2\/types\/post"}],"author":[{"embeddable":true,"href":"https:\/\/www.europesays.com\/pl\/wp-json\/wp\/v2\/users\/2"}],"replies":[{"embeddable":true,"href":"https:\/\/www.europesays.com\/pl\/wp-json\/wp\/v2\/comments?post=63923"}],"version-history":[{"count":0,"href":"https:\/\/www.europesays.com\/pl\/wp-json\/wp\/v2\/posts\/63923\/revisions"}],"wp:featuredmedia":[{"embeddable":true,"href":"https:\/\/www.europesays.com\/pl\/wp-json\/wp\/v2\/media\/63924"}],"wp:attachment":[{"href":"https:\/\/www.europesays.com\/pl\/wp-json\/wp\/v2\/media?parent=63923"}],"wp:term":[{"taxonomy":"category","embeddable":true,"href":"https:\/\/www.europesays.com\/pl\/wp-json\/wp\/v2\/categories?post=63923"},{"taxonomy":"post_tag","embeddable":true,"href":"https:\/\/www.europesays.com\/pl\/wp-json\/wp\/v2\/tags?post=63923"}],"curies":[{"name":"wp","href":"https:\/\/api.w.org\/{rel}","templated":true}]}}