{"id":63925,"date":"2025-10-23T08:00:08","date_gmt":"2025-10-23T08:00:08","guid":{"rendered":"https:\/\/www.europesays.com\/pl\/63925\/"},"modified":"2025-10-23T08:00:08","modified_gmt":"2025-10-23T08:00:08","slug":"starosta-bilgoraja-reaguje-po-tekscie-onetu-radny-pis-zawieszony-onet","status":"publish","type":"post","link":"https:\/\/www.europesays.com\/pl\/63925\/","title":{"rendered":"Starosta Bi\u0142goraja reaguje po tek\u015bcie Onetu. Radny PiS zawieszony &#8211; Onet"},"content":{"rendered":"<ol>\n<li><a href=\"https:\/\/news.google.com\/rss\/articles\/CBMiwAFBVV95cUxQSGV1V2pYZFFLa1Z3U0laeEVncW9BcGFVM0pDTzFnM29NcHNmVWFtWDVpM09ONEEyOXNZTXo1aUZWcHJvaW1WNWE3M1d1dWo0cEdvRlo5czQ5LVljdWhsS2NKT2owNDl1UzhxM3NrTjdoRmpMblNSSnRVQk01OGM2UF80QzdwTmVCYXkyWDVXUXpzUkpzUHFSczdOcEU0MmctQWFwYXVNM2x1RGptelZaNk9ObDcyRmUzYnQzdDk0LVg?oc=5\" target=\"_blank\" rel=\"nofollow noopener\">Starosta Bi\u0142goraja reaguje po tek\u015bcie Onetu. Radny PiS zawieszony<\/a>&nbsp;&nbsp;Onet<\/li>\n<li><a href=\"https:\/\/news.google.com\/rss\/articles\/CBMirAFBVV95cUxQMVlhdHl3MU9Mb2xJa0Z0REhFRGNuSDl4WEFEckQtZGZYMzYtUk1DWFVnV3UtSnpwTjhzdWgtcU1UZTNlSDZEYVVtc244OFZtemxaQTRWYkZPTVY4eGVWOXZnWjdlU2Ewb0pNbUhPTFJxcHMzbjZMZk5JMHdPZHZSRnpmX2hMdTRUNzhTSVl6YmtEaWE5enlKdjR5UHZyZWtsZFoybzlzZklHVmdk?oc=5\" target=\"_blank\" rel=\"nofollow noopener\">Starosta bi\u0142gorajski reaguje po tek\u015bcie Onetu. Radny PiS zawieszony<\/a>&nbsp;&nbsp;Onet Wiadomo\u015bci<\/li>\n<li><a href=\"https:\/\/news.google.com\/rss\/articles\/CBMitwFBVV95cUxNTUV6amM0YURsVndyYkRYaHAxdkhhRko2QXBPOEhzT2g4TDBIZW5vY0NJSFZmYjJOVmxfUjVhdm0zLWRaQ3NNTmFNeHRTb0JNOHlVSjVPMHdKMzMtcjRrR0MxcmdIMWV2SFdUUjQ3TXdWOUd1VzYyOGVYMzBsSTFTYVNoTVNIVk1mbHpUYlRiNnBHY3FfYmMyRS1QTUJPWUVhVGY2cENocXBoQVFSQzFHUHZ1a3J1S3c?oc=5\" target=\"_blank\" rel=\"nofollow noopener\">O\u015bwiadczenie Ireneusza Bulicza w sprawie artyku\u0142u Portalu onet.pl<\/a>&nbsp;&nbsp;bilgoraj.com.pl<\/li>\n<li><a href=\"https:\/\/news.google.com\/rss\/articles\/CBMiwAFBVV95cUxQeTNoakFzVjBMRnpfNmFRenZsWExnNmxmLWpIR2duc2tvU2w2ZHRQd08wbmlzcFlld0V4VHhVZDRLemYwQ0lJZllPdnJMQWIwS2FqMEc3Si1ZRmtSclh0OTFRNGlsMlpxSU9nTi0xdFNjQWt1MTZBRjdITVo5VXpTZjU1WHRFVS13WXVLbkdrWGZnVDF6YjVNTWdPZVF3eFN5N3hudVlUVmRqcms4ZFlraGt0ck4yNFN2YUJ3VVl1bUzSAcYBQVVfeXFMUHZNUEptLW5VTldrTHhuMFVoZEVBMmpqZmdEd2lsaUxoclBxRFYyend0SDZhcVpqamxBWU9RcWd6TmZhaHhDUWZ3OVdydFM1YWhuZHUwVFdrQ2pucXowdV9taUJrQ1FxZW02aU94OS16b3p3N3BLM0syTUY1d09rc2MwSkN5VjdDVTFSRk9iWnBfSmtIaUUyUWdfSURSZkY3UDdfeGNhbVFQQ2U2QkxKd0NVNFdZZnhId1IxaEZkblhON0QzQ3hn?oc=5\" target=\"_blank\" rel=\"nofollow noopener\">S\u0142u\u017cby interesuj\u0105 si\u0119 sp\u00f3\u0142k\u0105 Autodrom Bi\u0142goraj. Jest o\u015bwiadczenie zarz\u0105du<\/a>&nbsp;&nbsp;bilgorajska.pl<\/li>\n<li><a href=\"https:\/\/news.google.com\/rss\/articles\/CBMi4wFBVV95cUxQMDJMZWlfaHBXSE5HbnN1SnhGNFdmU2VLaHZRSnBXLVJIaDRmUmNMS1ZLNTFxYUFQNGl2TWlsTE51emFINS13WDJta084WVplX29IS21VSldlY09KMTRBdFY4Tno0TEJlM3pla3NrMlF6TzRRSTRYeGNWc0ppWDVaR2R1Ul9wTWZQdVFYbWUtNlVRaEVaMlVNRkhVQUlTdV9ReGdpZExsakZJdzlnRGczUVNpVmtFRkhXenlKSjlUMnowNllwbzEyMnFKaFBVc0laaDVGUjl2SjJPcG1KRWZENUMzdw?oc=5\" target=\"_blank\" rel=\"nofollow noopener\">\u201eA mo\u017ce o to w\u0142a\u015bnie chodzi\u0142o&#8230;?\u201d \u2013 radna powiatowa o utracie kontroli nad Autodromem<\/a>&nbsp;&nbsp;gazetabilgoraj.pl<\/li>\n<\/ol>\n","protected":false},"excerpt":{"rendered":"Starosta Bi\u0142goraja reaguje po tek\u015bcie Onetu. Radny PiS zawieszony&nbsp;&nbsp;Onet Starosta bi\u0142gorajski reaguje po tek\u015bcie Onetu. Radny PiS zawieszony&nbsp;&nbsp;Onet&hellip;\n","protected":false},"author":2,"featured_media":63926,"comment_status":"","ping_status":"","sticky":false,"template":"","format":"standard","meta":{"footnotes":""},"categories":[12],"tags":[16357,16356,32,33,244,36,37,27,34,35,28,31,53,25,52,68,51,55,42,38,40,39,41,868,47,29,30,65,50,26,1964],"class_list":{"0":"post-63925","1":"post","2":"type-post","3":"status-publish","4":"format-standard","5":"has-post-thumbnail","7":"category-polska","8":"tag-autodrom","9":"tag-bilgoraj","10":"tag-breaking-news","11":"tag-breakingnews","12":"tag-ctr_tst","13":"tag-featured-news","14":"tag-featurednews","15":"tag-headlines","16":"tag-latest-news","17":"tag-latestnews","18":"tag-naglowki","19":"tag-najwazniejsze-artykuly","20":"tag-new_header","21":"tag-news","22":"tag-onet3","23":"tag-onet3d","24":"tag-onet3d_2i","25":"tag-phx","26":"tag-pl","27":"tag-poland","28":"tag-polish","29":"tag-polska","30":"tag-polski","31":"tag-prawo_i_sprawiedliwosc_pis","32":"tag-screening_general","33":"tag-top-stories","34":"tag-topstories","35":"tag-update_me","36":"tag-v2021","37":"tag-wiadomosci","38":"tag-wojewodztwo_lubelskie_lubelszczyzna"},"share_on_mastodon":{"url":"https:\/\/pubeurope.com\/@pl\/115422430908574819","error":""},"_links":{"self":[{"href":"https:\/\/www.europesays.com\/pl\/wp-json\/wp\/v2\/posts\/63925","targetHints":{"allow":["GET"]}}],"collection":[{"href":"https:\/\/www.europesays.com\/pl\/wp-json\/wp\/v2\/posts"}],"about":[{"href":"https:\/\/www.europesays.com\/pl\/wp-json\/wp\/v2\/types\/post"}],"author":[{"embeddable":true,"href":"https:\/\/www.europesays.com\/pl\/wp-json\/wp\/v2\/users\/2"}],"replies":[{"embeddable":true,"href":"https:\/\/www.europesays.com\/pl\/wp-json\/wp\/v2\/comments?post=63925"}],"version-history":[{"count":0,"href":"https:\/\/www.europesays.com\/pl\/wp-json\/wp\/v2\/posts\/63925\/revisions"}],"wp:featuredmedia":[{"embeddable":true,"href":"https:\/\/www.europesays.com\/pl\/wp-json\/wp\/v2\/media\/63926"}],"wp:attachment":[{"href":"https:\/\/www.europesays.com\/pl\/wp-json\/wp\/v2\/media?parent=63925"}],"wp:term":[{"taxonomy":"category","embeddable":true,"href":"https:\/\/www.europesays.com\/pl\/wp-json\/wp\/v2\/categories?post=63925"},{"taxonomy":"post_tag","embeddable":true,"href":"https:\/\/www.europesays.com\/pl\/wp-json\/wp\/v2\/tags?post=63925"}],"curies":[{"name":"wp","href":"https:\/\/api.w.org\/{rel}","templated":true}]}}