{"id":63929,"date":"2025-10-23T08:02:07","date_gmt":"2025-10-23T08:02:07","guid":{"rendered":"https:\/\/www.europesays.com\/pl\/63929\/"},"modified":"2025-10-23T08:02:07","modified_gmt":"2025-10-23T08:02:07","slug":"polska-nie-spelnia-zadan-uefa-grozi-nam-dotkliwa-kara-ujawniamy","status":"publish","type":"post","link":"https:\/\/www.europesays.com\/pl\/63929\/","title":{"rendered":"Polska nie spe\u0142nia \u017c\u0105da\u0144 UEFA. Grozi nam dotkliwa kara. Ujawniamy"},"content":{"rendered":"<p class=\"Paragraph_desktopParagraph__Fd2e9\">Dla PZPN-u walka o mistrzostwa Europy kobiet to jeden z kluczowych cel\u00f3w pod k\u0105tem wizerunku zwi\u0105zku i rozwoju kobiecej pi\u0142ki. Cezary Kulesza ch\u0119tnie chwali si\u0119 tym, w jaki spos\u00f3b wygl\u0105da popularyzacja \u017ce\u0144skiej reprezentacji Polski. W czerwcu przed Euro 2025 w Szwajcarii pad\u0142 nawet rekord frekwencji w domowym meczu Bia\u0142o-Czerwonych. \u2014 Cieszymy si\u0119 i dzi\u0119kujemy, \u017ce kibice tak licznie nas wspieraj\u0105 i \u017ce ten rekord zosta\u0142 pobity \u2014 m\u00f3wi\u0142a Ewa Pajor po tym, jak na mecz Ligi Narod\u00f3w z Rumuni\u0105 przysz\u0142o 10,6 tys. widz\u00f3w.<\/p>\n<p class=\"VideoPlayerText_videoPlayerText__zrtJk\">Dalszy ci\u0105g materia\u0142u pod wideo<\/p>\n<p class=\"Paragraph_desktopParagraph__Fd2e9\">Pomys\u0142, by zorganizowa\u0107 Euro kobiet, PZPN chcia\u0142 zrealizowa\u0107 ju\u017c w 2022 r., ale wtedy UEFA wybra\u0142a Szwajcari\u0119. Ponowienie stara\u0144 ju\u017c w nieco innej rzeczywisto\u015bci przy widocznym wzro\u015bcie zainteresowania \u017ce\u0144skim futbolem sprawia, \u017ce Polska ma ogromn\u0105 szans\u0119 na organizacj\u0119 tego turnieju. Pod warunkiem \u017ce nikt nie b\u0119dzie utrudnia\u0107 stara\u0144 <a href=\"https:\/\/przegladsportowy.onet.pl\/cezary-kulesza\" id=\"92cd29f0-8945-4765-9ef7-25249962197d\" rel=\"nofollow noopener\" target=\"_blank\">Cezaremu Kuleszy<\/a>.<\/p>\n<p class=\"Paragraph_desktopParagraph__Fd2e9\">&#8222;Z rado\u015bci\u0105 og\u0142aszam, \u017ce zg\u0142osili\u015bmy nasz\u0105 kandydatur\u0119 do organizacji mistrzostw Europy kobiet w 2029 r. Turniej takiej rangi by\u0142by kolejnym du\u017cym krokiem w rozwoju kobiecej pi\u0142ki w naszym kraju&#8221; \u2014 obwie\u015bci\u0142 jeszcze rok temu prezes PZPN.<\/p>\n<p class=\"Paragraph_desktopParagraph__Fd2e9\">Chwali\u0142 si\u0119 te\u017c, \u017ce w 2025 r. Polska uzyska\u0142a status gospodarza ME kobiet U-21 oraz mistrzostw \u015bwiata kobiet U-20. &#8222;Kobieca pi\u0142ka no\u017cna stanowi kluczowy element naszej strategii, dlatego z ogromn\u0105 dum\u0105 podj\u0119liby\u015bmy si\u0119 organizacji tak presti\u017cowego wydarzenia, jakim s\u0105 mistrzostwa Europy kobiet&#8221; \u2014 dodawa\u0142 Kulesza.<\/p>\n<p>Dariusz Mioduski ma plan. To nie spodoba si\u0119 kibicom<\/p>\n<p class=\"Paragraph_desktopParagraph__Fd2e9\">W sierpniu tego roku UEFA potwierdzi\u0142a, \u017ce Polska oficjalnie zosta\u0142a jednym z czterech kandydat\u00f3w od organizacji Euro 2029. O miano gospodarza walczymy z Niemcami, Portugali\u0105 oraz wsp\u00f3ln\u0105 kandydatur\u0105 Danii i Szwecji. Na decyzj\u0119 trzeba poczeka\u0107 do zimy. &#8222;Nie zwalniamy tempa. \u00bbCzas na nasz\u0105 histori\u0119\u00ab to nie slogan, to zobowi\u0105zanie! Decyzja UEFA 3 grudnia. Trzymajcie kciuki!&#8221; \u2014 og\u0142asza\u0142 hucznie sekretarz generalny PZPN \u0141ukasz Wachowski. Jednak by w og\u00f3le mie\u0107 szanse, PZPN musi spe\u0142ni\u0107 kilka warunk\u00f3w.<\/p>\n<p class=\"Paragraph_desktopParagraph__Fd2e9\">I tu pojawia si\u0119 powa\u017cny problem. W oficjalnym komunikacie zwi\u0105zek wymieni\u0142 siedem miast i osiem stadion\u00f3w, kt\u00f3re staraj\u0105 si\u0119 o organizacje ME. S\u0105 to: Bia\u0142ystok, Gda\u0144sk, Krak\u00f3w, Szczecin, Warszawa (PGE Narodowy oraz stadion Legii), Wroc\u0142aw i Zabrze.<\/p>\n<p class=\"Paragraph_desktopParagraph__Fd2e9\">&#8222;Za proces konsultacji, przygotowania i z\u0142o\u017cenia dokumentacji odpowiada\u0142 Departament Organizacji Imprez, Bezpiecze\u0144stwa i Infrastruktury PZPN. Zesp\u00f3\u0142 prowadzi\u0142 rozmowy z miastami, operatorami stadion\u00f3w, w\u0142a\u015bcicielami obiekt\u00f3w treningowych, hoteli oraz zarz\u0105dcami lotnisk. Wsp\u00f3\u0142pracowa\u0142 tak\u017ce z Ministerstwem Sportu przy opracowywaniu rz\u0105dowych gwarancji dla aplikacji&#8221; \u2014 czytamy w komunikacie.<\/p>\n<p class=\"Paragraph_desktopParagraph__Fd2e9\">Problem w tym, \u017ce cho\u0107 wyb\u00f3r stadion\u00f3w wydaje si\u0119 dobry, a najciekawsze obiekty mog\u0105 ugo\u015bci\u0107 najlepsze pi\u0142karki w Europie, to nie ka\u017cdy z zarz\u0105dzaj\u0105cych stadionami wykazuje dobr\u0105 wol\u0119 przy wsp\u00f3\u0142pracy. Siedem um\u00f3w na wynajem obiekt\u00f3w zosta\u0142o ju\u017c podpisanych, ale bez \u00f3smego podpisu wszystko p\u00f3jdzie na marne.<\/p>\n<p class=\"Paragraph_desktopParagraph__Fd2e9\">Wiele wskazuje na to, \u017ce prezes Legii nie chce da\u0107 przes\u0142anek swoim przeciwnikom do tego, by ci pr\u00f3bowali &#8222;zepchn\u0105\u0107&#8221; go ze stanowiska. Jak uda\u0142o nam si\u0119 ustali\u0107, Cezary Kulesza wci\u0105\u017c czeka na kluczowy ruch <a href=\"https:\/\/przegladsportowy.onet.pl\/dariusz-mioduski\" id=\"5746c55c-9b2a-46bb-a475-12d9000ceaf5\" rel=\"nofollow noopener\" target=\"_blank\">Dariusza Mioduskiego<\/a>. Niestety, tym razem kobieca pi\u0142ka mo\u017ce ucierpie\u0107 przez tward\u0105 gr\u0119 zwi\u0105zan\u0105 z walk\u0105 o w\u0142adz\u0119 w PZPN. Zarz\u0105dzaj\u0105cy Legi\u0105 jest r\u00f3wnie\u017c wiceprezesem zwi\u0105zku do spraw zagranicznych. Problem w tym, \u017ce od miesi\u0119cy w mediach kr\u0105\u017c\u0105 informacje o w\u0105tpliwo\u015bciach prawnych. W artykule 9 punkcie 3. Ustawy o Sporcie zapisane jest bowiem niekorzystne dla po\u0142o\u017cenia Mioduskiego prawo.<\/p>\n<p class=\"Paragraph_desktopParagraph__Fd2e9\">&#8222;Cz\u0142onek zarz\u0105du polskiego zwi\u0105zku sportowego nie mo\u017ce posiada\u0107 w sp\u00f3\u0142kach prawa handlowego prowadz\u0105cych dzia\u0142alno\u015b\u0107 gospodarcz\u0105 zwi\u0105zan\u0105 z realizacj\u0105 przez ten zwi\u0105zek jego zada\u0144 statutowych akcji lub udzia\u0142\u00f3w&#8221; \u2014 czytamy.<\/p>\n<p class=\"Paragraph_desktopParagraph__Fd2e9\">Podpisanie umowy na wynajem stadionu przez PZPN mo\u017ce nie\u015b\u0107 za sob\u0105 powa\u017cne skutki dla Mioduskiego. Wszystko przez to, \u017ce jest w\u0142a\u015bcicielem i akcjonariuszem Legii Warszawa Sp\u00f3\u0142ka Akcyjna. Gdyby PZPN w oczekiwany przez niego spos\u00f3b zabezpieczy\u0142 jego interesy, ten natychmiast podpisa\u0142by umow\u0119 dotycz\u0105c\u0105 organizacji Euro 2029.<\/p>\n<p class=\"Paragraph_desktopParagraph__Fd2e9\">Wys\u0142ali\u015bmy pytania dotycz\u0105cej sprawy do klubu z Warszawy. Otrzymali\u015bmy nast\u0119puj\u0105c\u0105 odpowied\u017a:<\/p>\n<p class=\"Paragraph_desktopParagraph__Fd2e9\">&#8222;Legia Warszawa prowadzi obecnie rozmowy z Polskim Zwi\u0105zkiem Pi\u0142ki No\u017cnej i UEFA dot. organizacji Women\u2019s Euro 2029 na stadionie przy ul. \u0141azienkowskiej. Klub, b\u0119d\u0105cy do 2029 r. dzier\u017cawc\u0105 stadionu, od pocz\u0105tku tej inicjatywy by\u0142 zainteresowany, \u017ceby jedn\u0105 z aren turnieju by\u0142 nasz obiekt, na kt\u00f3rym rozgrywane s\u0105 mecze w rozgrywkach klubowych i reprezentacyjnych, a co roku na trybunach zasiada ponad p\u00f3\u0142 miliona kibic\u00f3w. Liczymy na pozytywn\u0105 finalizacj\u0119 tego procesu. Legia Warszawa od wielu lat jest zaanga\u017cowana na r\u00f3\u017cnych p\u0142aszczyznach w rozw\u00f3j i promocj\u0119 pi\u0142ki no\u017cnej kobiet, zar\u00f3wno na poziomie profesjonalnym, jak i amatorskim. W strukturach klubu trenuje obecnie ponad 200 zawodniczek, a dru\u017cyna Legia Ladies jest liderem Orlen I Ligi Kobiet.&#8221;<\/p>\n<p class=\"Paragraph_desktopParagraph__Fd2e9\">Sytuacja wci\u0105\u017c jest do uratowania, ale na razie prywatne interesy zosta\u0142y postawione wy\u017cej, ni\u017c walka o rozw\u00f3j kobiecej pi\u0142ki. Warunki okre\u015blone przez UEFA s\u0105 jasne. Bez dostarczenia podpisanych dokument\u00f3w dotycz\u0105cych wszystkich o\u015bmiu stadion\u00f3w kandydatura Polski b\u0119dzie wykre\u015blona.<\/p>\n","protected":false},"excerpt":{"rendered":"Dla PZPN-u walka o mistrzostwa Europy kobiet to jeden z kluczowych cel\u00f3w pod k\u0105tem wizerunku zwi\u0105zku i rozwoju&hellip;\n","protected":false},"author":2,"featured_media":63930,"comment_status":"","ping_status":"","sticky":false,"template":"","format":"standard","meta":{"footnotes":""},"categories":[24],"tags":[15448,67,2563,194,4003,42,38,40,39,41,136,10987,128,47,127,135,126,130],"class_list":{"0":"post-63929","1":"post","2":"type-post","3":"status-publish","4":"format-standard","5":"has-post-thumbnail","7":"category-sport","8":"tag-dariusz_mioduski","9":"tag-intextvideo_splayer","10":"tag-legia_warszawa","11":"tag-maja","12":"tag-pilka_nozna_kobiet","13":"tag-pl","14":"tag-poland","15":"tag-polish","16":"tag-polska","17":"tag-polski","18":"tag-ps_detal_new","19":"tag-ps_sts_tst1","20":"tag-psv2","21":"tag-screening_general","22":"tag-sport","23":"tag-sport_sport","24":"tag-sports","25":"tag-wiadomosci_sportowe"},"share_on_mastodon":{"url":"https:\/\/pubeurope.com\/@pl\/115422438770326464","error":""},"_links":{"self":[{"href":"https:\/\/www.europesays.com\/pl\/wp-json\/wp\/v2\/posts\/63929","targetHints":{"allow":["GET"]}}],"collection":[{"href":"https:\/\/www.europesays.com\/pl\/wp-json\/wp\/v2\/posts"}],"about":[{"href":"https:\/\/www.europesays.com\/pl\/wp-json\/wp\/v2\/types\/post"}],"author":[{"embeddable":true,"href":"https:\/\/www.europesays.com\/pl\/wp-json\/wp\/v2\/users\/2"}],"replies":[{"embeddable":true,"href":"https:\/\/www.europesays.com\/pl\/wp-json\/wp\/v2\/comments?post=63929"}],"version-history":[{"count":0,"href":"https:\/\/www.europesays.com\/pl\/wp-json\/wp\/v2\/posts\/63929\/revisions"}],"wp:featuredmedia":[{"embeddable":true,"href":"https:\/\/www.europesays.com\/pl\/wp-json\/wp\/v2\/media\/63930"}],"wp:attachment":[{"href":"https:\/\/www.europesays.com\/pl\/wp-json\/wp\/v2\/media?parent=63929"}],"wp:term":[{"taxonomy":"category","embeddable":true,"href":"https:\/\/www.europesays.com\/pl\/wp-json\/wp\/v2\/categories?post=63929"},{"taxonomy":"post_tag","embeddable":true,"href":"https:\/\/www.europesays.com\/pl\/wp-json\/wp\/v2\/tags?post=63929"}],"curies":[{"name":"wp","href":"https:\/\/api.w.org\/{rel}","templated":true}]}}