{"id":63931,"date":"2025-10-23T08:03:10","date_gmt":"2025-10-23T08:03:10","guid":{"rendered":"https:\/\/www.europesays.com\/pl\/63931\/"},"modified":"2025-10-23T08:03:10","modified_gmt":"2025-10-23T08:03:10","slug":"u-olgi-frycz-po-zabiegu-wykryto-niespodziewane-zmiany-zaluje-ze-to-sobie-zrobilam","status":"publish","type":"post","link":"https:\/\/www.europesays.com\/pl\/63931\/","title":{"rendered":"U Olgi Frycz po zabiegu wykryto niespodziewane zmiany. &#8222;\u017ba\u0142uj\u0119, \u017ce to sobie zrobi\u0142am&#8221;"},"content":{"rendered":"<p class=\"Paragraph_desktopParagraph__U31Gm\"><a href=\"https:\/\/plejada.pl\/olga-frycz-aktorka\" id=\"9bff7e28-a2f4-4d65-a2dd-cfc9cb1fef8a\" rel=\"nofollow noopener\" target=\"_blank\">Olga Frycz<\/a> urodzi\u0142a si\u0119 23 pa\u017adziernika 1986 r. w Krakowie. Pochodzi z artystycznej rodziny \u2014 jej ojcem jest znany aktor Jan Frycz. Swoj\u0105 przygod\u0119 z aktorstwem rozpocz\u0119\u0142a ju\u017c jako dziecko, stopniowo buduj\u0105c karier\u0119 zar\u00f3wno w filmie, jak i w telewizji. Szersz\u0105 rozpoznawalno\u015b\u0107 przynios\u0142a jej rola w filmie &#8222;Wszystko, co kocham&#8221; (2009) oraz wyst\u0119p w popularnym serialu &#8222;Dom nad rozlewiskiem&#8221; i jego kontynuacjach.<\/p>\n<p class=\"Paragraph_desktopParagraph__U31Gm\">Cho\u0107 w ostatnich latach rzadziej pojawia si\u0119 na ekranie, Olga Frycz pozostaje jedn\u0105 z bardziej rozpoznawalnych polskich aktorek swojego pokolenia. Poza dzia\u0142alno\u015bci\u0105 artystyczn\u0105 aktywnie udziela si\u0119 w mediach spo\u0142eczno\u015bciowych, gdzie dzieli si\u0119 przemy\u015bleniami na temat macierzy\u0144stwa, \u017cycia codziennego i \u015bwiadomych wybor\u00f3w kobiet. Jest mam\u0105 dw\u00f3ch c\u00f3rek \u2014 Heleny i Zofii \u2014 a w 2025 r. oczekuje narodzin trzeciego dziecka.<\/p>\n<p class=\"Paragraph_desktopParagraph__U31Gm\">Aktorka nie unika szczerych rozm\u00f3w na temat swojego \u017cycia. Otworzy\u0142a si\u0119 m.in. na temat uzale\u017cnienia od alkoholu, z kt\u00f3rym musia\u0142a si\u0119 zmierzy\u0107, oraz nieudanej operacji plastycznej piersi, kt\u00f3rej \u2014 jak sama przyzna\u0142a \u2014 dzi\u015b \u017ca\u0142uje.<\/p>\n<ul class=\"OchatFollowUps_wrapper__1ry7X\">\n<li class=\"OchatFollowUps_item__Dhyly OchatFollowUps_itemDesktop__R6aBv\">Jaki zabieg przesz\u0142a Olga Frycz?<\/li>\n<li class=\"OchatFollowUps_item__Dhyly OchatFollowUps_itemDesktop__R6aBv\">Jakie zmiany wykryto u Olgi Frycz?<\/li>\n<li class=\"OchatFollowUps_item__Dhyly OchatFollowUps_itemDesktop__R6aBv\">Ile dzieci ma Olga Frycz?<\/li>\n<li class=\"OchatFollowUps_item__Dhyly OchatFollowUps_itemDesktop__R6aBv\">Jakie by\u0142y skutki zabiegu Olgi Frycz?<\/li>\n<\/ul>\n<p class=\"Paragraph_desktopParagraph__U31Gm\"><a href=\"https:\/\/plejada.pl\/olga-frycz-aktorka\" id=\"7e625761-a4b2-49ee-8dbc-6632cbc1ac97\" rel=\"nofollow noopener\" target=\"_blank\">Olga Frycz<\/a> podda\u0142a si\u0119 procedurze wykorzystuj\u0105cej kwas L-polimlekowy. Substancja ta stymuluje produkcj\u0119 kolagenu w sk\u00f3rze, co sprawia, \u017ce ubytki wype\u0142niaj\u0105 si\u0119, a sk\u00f3ra nabiera j\u0119drno\u015bci. Aktorka liczy\u0142a na popraw\u0119 wygl\u0105du, jednak efekty okaza\u0142y si\u0119 inne ni\u017c zamierzone.<\/p>\n<p class=\"Paragraph_desktopParagraph__U31Gm\">Podczas rutynowego badania USG, kt\u00f3re przeprowadza profilaktycznie dwa razy w roku, radiolog zauwa\u017cy\u0142a nieprawid\u0142owo\u015bci w piersiach Frycz. Lekarka zapyta\u0142a, czy aktorka poddawa\u0142a si\u0119 jakimkolwiek zabiegom, a po potwierdzeniu nie by\u0142a w stanie stwierdzi\u0107, czy wykryte zmiany s\u0105 pozosta\u0142o\u015bci\u0105 po kwasie, czy maj\u0105 inny charakter. Konieczne okaza\u0142y si\u0119 dodatkowe badania, takie jak rezonans magnetyczny z kontrastem oraz biopsja, co przysporzy\u0142o artystce wiele stresu.<\/p>\n<blockquote>\n<p class=\"Paragraph_desktopParagraph__U31Gm\">Potem musia\u0142am zrobi\u0107 sobie rezonans z kontrastem, sko\u0144czy\u0142o si\u0119 na biopsji. Bardzo du\u017co stresu mnie to kosztowa\u0142o. Mog\u0119 powiedzie\u0107, \u017ce \u017ca\u0142uj\u0119, \u017ce to sobie zrobi\u0142am<\/p>\n<\/blockquote>\n<p class=\"Paragraph_desktopParagraph__U31Gm\">\u2014 wyzna\u0142a w &#8222;Dzie\u0144 dobry TVN&#8221; Olga Frycz.<\/p>\n<p><img decoding=\"async\" class=\"Image_image__0tuHp\" height=\"587\" width=\"391\" src=\"https:\/\/www.europesays.com\/pl\/wp-content\/uploads\/2025\/10\/NuVk9kpTURBXy9mNzA4ZjllNGMyY2JhNmE0YmQxN2NjNTU2M2E4ZmYyNy5qcGeSlQLNA6wAwsOVAgDNAkvCw94AA6EwAaExAaEzw.jpeg\" alt=\"Olga Frycz\" loading=\"lazy\" \/>Andras Szilagyi \/ MW Media<\/p>\n<p>Olga Frycz<\/p>\n<p class=\"Paragraph_desktopParagraph__U31Gm\">Dzi\u0119kujemy, \u017ce przeczyta\u0142a\u015b\/e\u015b nasz artyku\u0142 do ko\u0144ca. W serwisie Plejada.pl ka\u017cdego dnia piszemy o najwa\u017cniejszych wydarzeniach show-biznesowych. B\u0105d\u017a na bie\u017c\u0105co! <a rel=\"nofollow noopener\" href=\"https:\/\/news.google.com\/publications\/CAAiEF0PeAlb7W1llpV_mwV2rL4qFAgKIhBdD3gJW-1tZZaVf5sFdqy-?hl=pl&amp;gl=PL&amp;ceid=PL%3Apl\" id=\"8b143edc-6f4a-4f39-a8a6-0863a73f8270\" target=\"_blank\">Obserwuj<\/a> Plejad\u0119 w Wiadomo\u015bciach Google. Odwied\u017a nas tak\u017ce na <a rel=\"nofollow noopener\" href=\"https:\/\/www.facebook.com\/plejadapl\" id=\"c2064d27-3c07-4609-94c9-cceb2ce8f0be\" target=\"_blank\">Facebooku<\/a>, <a rel=\"nofollow noopener\" href=\"https:\/\/www.instagram.com\/plejadapl\/\" id=\"142bcd6b-6f56-422c-9eb5-49794cb44a80\" target=\"_blank\">Instagramie<\/a>, <a rel=\"nofollow noopener\" href=\"https:\/\/www.youtube.com\/c\/plejada\" id=\"8850ce7f-5604-4ed0-a814-79164ace1139\" target=\"_blank\">YouTubie<\/a> oraz <a rel=\"nofollow noopener\" href=\"https:\/\/www.tiktok.com\/@plejada_pl\" id=\"b5597646-0104-45fd-a954-7abd22411b28\" target=\"_blank\">TikToku<\/a>.<\/p>\n<p class=\"Paragraph_desktopParagraph__U31Gm\">Chcesz podzieli\u0107 si\u0119 ciekawym newsem lub zaproponowa\u0107 temat? Skontaktuj si\u0119 z nami, pisz\u0105c maila na adres: plejada@redakcjaonet.pl.<\/p>\n<p><script async src=\"\/\/www.instagram.com\/embed.js\"><\/script><script async src=\"\/\/www.tiktok.com\/embed.js\"><\/script><\/p>\n","protected":false},"excerpt":{"rendered":"Olga Frycz urodzi\u0142a si\u0119 23 pa\u017adziernika 1986 r. w Krakowie. Pochodzi z artystycznej rodziny \u2014 jej ojcem jest&hellip;\n","protected":false},"author":2,"featured_media":63932,"comment_status":"","ping_status":"","sticky":false,"template":"","format":"standard","meta":{"footnotes":""},"categories":[22],"tags":[122,67,53,52,68,51,55,42,38,40,39,41,123,47,196,50],"class_list":{"0":"post-63931","1":"post","2":"type-post","3":"status-publish","4":"format-standard","5":"has-post-thumbnail","7":"category-rozrywka","8":"tag-entertainment","9":"tag-intextvideo_splayer","10":"tag-new_header","11":"tag-onet3","12":"tag-onet3d","13":"tag-onet3d_2i","14":"tag-phx","15":"tag-pl","16":"tag-poland","17":"tag-polish","18":"tag-polska","19":"tag-polski","20":"tag-rozrywka","21":"tag-screening_general","22":"tag-styl_zycia","23":"tag-v2021"},"share_on_mastodon":{"url":"https:\/\/pubeurope.com\/@pl\/115422442621247643","error":""},"_links":{"self":[{"href":"https:\/\/www.europesays.com\/pl\/wp-json\/wp\/v2\/posts\/63931","targetHints":{"allow":["GET"]}}],"collection":[{"href":"https:\/\/www.europesays.com\/pl\/wp-json\/wp\/v2\/posts"}],"about":[{"href":"https:\/\/www.europesays.com\/pl\/wp-json\/wp\/v2\/types\/post"}],"author":[{"embeddable":true,"href":"https:\/\/www.europesays.com\/pl\/wp-json\/wp\/v2\/users\/2"}],"replies":[{"embeddable":true,"href":"https:\/\/www.europesays.com\/pl\/wp-json\/wp\/v2\/comments?post=63931"}],"version-history":[{"count":0,"href":"https:\/\/www.europesays.com\/pl\/wp-json\/wp\/v2\/posts\/63931\/revisions"}],"wp:featuredmedia":[{"embeddable":true,"href":"https:\/\/www.europesays.com\/pl\/wp-json\/wp\/v2\/media\/63932"}],"wp:attachment":[{"href":"https:\/\/www.europesays.com\/pl\/wp-json\/wp\/v2\/media?parent=63931"}],"wp:term":[{"taxonomy":"category","embeddable":true,"href":"https:\/\/www.europesays.com\/pl\/wp-json\/wp\/v2\/categories?post=63931"},{"taxonomy":"post_tag","embeddable":true,"href":"https:\/\/www.europesays.com\/pl\/wp-json\/wp\/v2\/tags?post=63931"}],"curies":[{"name":"wp","href":"https:\/\/api.w.org\/{rel}","templated":true}]}}