{"id":639313,"date":"2026-08-22T13:29:14","date_gmt":"2026-08-22T13:29:14","guid":{"rendered":"https:\/\/www.europesays.com\/pl\/639313\/"},"modified":"2026-08-22T13:29:14","modified_gmt":"2026-08-22T13:29:14","slug":"kto-odpowiada-za-niespelnione-obietnice-karola-nawrockiego-nowy-sondaz","status":"publish","type":"post","link":"https:\/\/www.europesays.com\/pl\/639313\/","title":{"rendered":"Kto odpowiada za niespe\u0142nione obietnice Karola Nawrockiego? Nowy sonda\u017c"},"content":{"rendered":"<p>Kto blokuje obietnice prezydenta? Zaskakuj\u0105ce wyniki nowego sonda\u017cu<\/p>\n<p class=\"font-primary mb-8 text-lg leading-[1.55] [&amp;_a]:text-[#23437D] [&amp;_a]:underline [&amp;_a]:font-bold\">W badaniu United Surveys dla Wirtualnej Polski zapytano, kto ponosi g\u0142\u00f3wn\u0105 odpowiedzialno\u015b\u0107 za<br \/>\nto, \u017ce cz\u0119\u015b\u0107 <a href=\"https:\/\/polskieradio24.pl\/polityka\/tak-karol-nawrocki-realizowal-swoje-obietnice-bilans-pierwszego-roku\" rel=\"nofollow noopener\" target=\"_blank\">obietnic i zapowiedzi prezydenta Karola Nawrockiego nie jest<br \/>\nrealizowana<\/a>.<\/p>\n<p class=\"text-dark text-center text-lg leading-[1.35] font-semibold md:!text-2xl\">Najwi\u0119cej, 32,9 proc. badanych, wskaza\u0142o na samego prezydenta. W tej odpowiedzi ankietowani uznawali, \u017ce Nawrocki wykazuje brak skuteczno\u015bci i odpowiednich inicjatyw.<\/p>\n<p class=\"font-primary mb-8 text-lg leading-[1.55] [&amp;_a]:text-[#23437D] [&amp;_a]:underline [&amp;_a]:font-bold\">Niewiele mniej, bo 31,3 proc., odpowiedzialno\u015bci\u0105 obarczy\u0142o<br \/>\nkoalicj\u0119 rz\u0105dz\u0105c\u0105. Ta grupa uwa\u017ca, \u017ce rz\u0105dz\u0105cy celowo blokuj\u0105 i odrzucaj\u0105<br \/>\ninicjatywy prezydenta.<\/p>\n<p class=\"font-primary mb-8 text-lg leading-[1.55] [&amp;_a]:text-[#23437D] [&amp;_a]:underline [&amp;_a]:font-bold\">Kolejne 24,3 proc. respondent\u00f3w uwa\u017ca, \u017ce odpowiedzialno\u015b\u0107<br \/>\nza sytuacj\u0119 ponosz\u0105 obie strony w r\u00f3wnym stopniu.<\/p>\n<p>Niewielu uwa\u017ca, \u017ce prezydent skutecznie realizuje zapowiedzi<\/p>\n<p class=\"font-primary mb-8 text-lg leading-[1.55] [&amp;_a]:text-[#23437D] [&amp;_a]:underline [&amp;_a]:font-bold\">W badaniu znalaz\u0142a si\u0119 r\u00f3wnie\u017c odpowied\u017a, zgodnie z kt\u00f3r\u0105<br \/>\nKarol Nawrocki skutecznie realizuje swoje zapowiedzi. Wybra\u0142o j\u0105 6,8 proc.<br \/>\nankietowanych.\u00a0Kolejne 4,7 proc. badanych nie potrafi\u0142o odpowiedzie\u0107 na to pytanie.<\/p>\n<p class=\"font-primary mb-8 text-lg leading-[1.55] [&amp;_a]:text-[#23437D] [&amp;_a]:underline [&amp;_a]:font-bold\">Wyniki pokazuj\u0105 wi\u0119c wyra\u017any podzia\u0142 opinii. Dwie najwi\u0119ksze<br \/>\ngrupy r\u00f3\u017cni zaledwie 1,6 pkt proc. &#8211; nieco wi\u0119cej os\u00f3b wskazuje na<br \/>\nodpowiedzialno\u015b\u0107 prezydenta ni\u017c na dzia\u0142ania koalicji rz\u0105dz\u0105cej.<\/p>\n<p>Redakcja polecaWyborcy rz\u0105du zdecydowanie wskazuj\u0105 na prezydenta<\/p>\n<p class=\"font-primary mb-8 text-lg leading-[1.55] [&amp;_a]:text-[#23437D] [&amp;_a]:underline [&amp;_a]:font-bold\">Jeszcze wi\u0119ksze r\u00f3\u017cnice wida\u0107 po uwzgl\u0119dnieniu preferencji<br \/>\npolitycznych respondent\u00f3w.\u00a0W\u015br\u00f3d wyborc\u00f3w obozu rz\u0105dz\u0105cego a\u017c 72 proc. uwa\u017ca, \u017ce za<br \/>\nbrak realizacji obietnic odpowiada przede wszystkim Karol Nawrocki i jego<br \/>\nnieskuteczno\u015b\u0107. 25 proc. tej grupy przypisuje odpowiedzialno\u015b\u0107 obu stronom.<\/p>\n<p class=\"text-dark text-center text-lg leading-[1.35] font-semibold md:!text-2xl\">W tej grupie nikt nie wskaza\u0142 natomiast na wy\u0142\u0105czn\u0105 odpowiedzialno\u015b\u0107 koalicji rz\u0105dz\u0105cej ani na skuteczn\u0105 realizacj\u0119 zapowiedzi prezydenta.<\/p>\n<p>Elektorat opozycji widzi win\u0119 po stronie rz\u0105du<\/p>\n<p class=\"font-primary mb-8 text-lg leading-[1.55] [&amp;_a]:text-[#23437D] [&amp;_a]:underline [&amp;_a]:font-bold\">Odmiennie wyniki wygl\u0105daj\u0105 w\u015br\u00f3d wyborc\u00f3w opozycji, do<br \/>\nkt\u00f3rych w badaniu zaliczono zwolennik\u00f3w PiS, obu Konfederacji oraz partii<br \/>\nRazem.<\/p>\n<p class=\"font-primary mb-8 text-lg leading-[1.55] [&amp;_a]:text-[#23437D] [&amp;_a]:underline [&amp;_a]:font-bold\">68 proc. respondent\u00f3w z tej grupy uwa\u017ca, \u017ce inicjatywy<br \/>\nprezydenta s\u0105 celowo blokowane przez koalicj\u0119 rz\u0105dz\u0105c\u0105. 17 proc. wskazuje na<br \/>\nodpowiedzialno\u015b\u0107 obu stron.\u00a0Jednocze\u015bnie 11 proc. uwa\u017ca, \u017ce prezydent skutecznie<br \/>\nrealizuje swoje zapowiedzi, a zaledwie 2 proc. obarcza odpowiedzialno\u015bci\u0105<br \/>\nsamego Nawrockiego.<\/p>\n<p>Redakcja polecaWyborcy Konfederacji jeszcze bardziej jednoznaczni<\/p>\n<p class=\"font-primary mb-8 text-lg leading-[1.55] [&amp;_a]:text-[#23437D] [&amp;_a]:underline [&amp;_a]:font-bold\">Najciekawiej przedstawiaj\u0105 si\u0119 odpowiedzi os\u00f3b deklaruj\u0105cych<br \/>\npoparcie wy\u0142\u0105cznie dla obu Konfederacji.<\/p>\n<p class=\"text-dark text-center text-lg leading-[1.35] font-semibold md:!text-2xl\">W tej grupie 63 proc. badanych uwa\u017ca, \u017ce za brak realizacji obietnic odpowiada koalicja rz\u0105dz\u0105ca. Kolejne 29 proc. dostrzega odpowiedzialno\u015b\u0107 po obu stronach.<\/p>\n<p class=\"font-primary mb-8 text-lg leading-[1.55] [&amp;_a]:text-[#23437D] [&amp;_a]:underline [&amp;_a]:font-bold\">8 proc. wyborc\u00f3w Konfederacji uwa\u017ca natomiast, \u017ce prezydent<br \/>\nskutecznie realizuje swoje zapowiedzi. \u017baden z ankietowanych w tej grupie nie<br \/>\nwskaza\u0142 samego Nawrockiego jako odpowiedzialnego za brak realizacji obietnic.<\/p>\n<p>Pozostali wyborcy bardziej podzieleni<\/p>\n<p class=\"font-primary mb-8 text-lg leading-[1.55] [&amp;_a]:text-[#23437D] [&amp;_a]:underline [&amp;_a]:font-bold\">W\u015br\u00f3d pozosta\u0142ych respondent\u00f3w najwi\u0119ksza grupa &#8211; 34 proc. &#8211; uwa\u017ca, \u017ce odpowiedzialno\u015b\u0107 ponosz\u0105 zar\u00f3wno prezydent, jak i koalicja rz\u0105dz\u0105ca.\u00a027 proc. wskazuje na samego Nawrockiego, a 16 proc. na<br \/>\nkoalicj\u0119. Z kolei 9 proc. ocenia realizacj\u0119 zapowiedzi prezydenta jako<br \/>\nskuteczn\u0105, natomiast 14 proc. nie ma zdania w tej sprawie.<\/p>\n<p class=\"font-primary mb-8 text-lg leading-[1.55] [&amp;_a]:text-[#23437D] [&amp;_a]:underline [&amp;_a]:font-bold\">***<\/p>\n<p class=\"font-primary mb-8 text-lg leading-[1.55] [&amp;_a]:text-[#23437D] [&amp;_a]:underline [&amp;_a]:font-bold\">Badanie zosta\u0142o zrealizowane przez United Surveys by IBRIS na zlecenie Wirtualnej Polski od 7 do 9 sierpnia 2026 r., metod\u0105 mix-mode online oraz telefonicznych standaryzowanych wywiad\u00f3w kwestionariuszowych wspomaganych komputerowo (CAWI\/CATI), na og\u00f3lnopolskiej pr\u00f3bie 1000 os\u00f3b.<\/p>\n<p><\/p>\n<p>Redakcja poleca<\/p>\n","protected":false},"excerpt":{"rendered":"Kto blokuje obietnice prezydenta? Zaskakuj\u0105ce wyniki nowego sonda\u017cu W badaniu United Surveys dla Wirtualnej Polski zapytano, kto ponosi&hellip;\n","protected":false},"author":2,"featured_media":639314,"comment_status":"","ping_status":"","sticky":false,"template":"","format":"standard","meta":{"footnotes":"","_share_on_mastodon":"0"},"categories":[62712],"tags":[690,2462,1005,380,231],"class_list":["post-639313","post","type-post","status-publish","format-standard","has-post-thumbnail","category-karol-nawrocki","tag-karol-nawrocki","tag-polska-polityka","tag-prezydent","tag-rzad","tag-sondaze"],"share_on_mastodon":{"url":"https:\/\/pubeurope.com\/@pl\/117139404381840329","error":""},"_links":{"self":[{"href":"https:\/\/www.europesays.com\/pl\/wp-json\/wp\/v2\/posts\/639313","targetHints":{"allow":["GET"]}}],"collection":[{"href":"https:\/\/www.europesays.com\/pl\/wp-json\/wp\/v2\/posts"}],"about":[{"href":"https:\/\/www.europesays.com\/pl\/wp-json\/wp\/v2\/types\/post"}],"author":[{"embeddable":true,"href":"https:\/\/www.europesays.com\/pl\/wp-json\/wp\/v2\/users\/2"}],"replies":[{"embeddable":true,"href":"https:\/\/www.europesays.com\/pl\/wp-json\/wp\/v2\/comments?post=639313"}],"version-history":[{"count":0,"href":"https:\/\/www.europesays.com\/pl\/wp-json\/wp\/v2\/posts\/639313\/revisions"}],"wp:featuredmedia":[{"embeddable":true,"href":"https:\/\/www.europesays.com\/pl\/wp-json\/wp\/v2\/media\/639314"}],"wp:attachment":[{"href":"https:\/\/www.europesays.com\/pl\/wp-json\/wp\/v2\/media?parent=639313"}],"wp:term":[{"taxonomy":"category","embeddable":true,"href":"https:\/\/www.europesays.com\/pl\/wp-json\/wp\/v2\/categories?post=639313"},{"taxonomy":"post_tag","embeddable":true,"href":"https:\/\/www.europesays.com\/pl\/wp-json\/wp\/v2\/tags?post=639313"}],"curies":[{"name":"wp","href":"https:\/\/api.w.org\/{rel}","templated":true}]}}