{"id":63935,"date":"2025-10-23T08:06:10","date_gmt":"2025-10-23T08:06:10","guid":{"rendered":"https:\/\/www.europesays.com\/pl\/63935\/"},"modified":"2025-10-23T08:06:10","modified_gmt":"2025-10-23T08:06:10","slug":"europa-haruje-ale-nie-stac-jej-na-dach-nad-glowa-bruksela-bierze-mieszkania-pod-lupe","status":"publish","type":"post","link":"https:\/\/www.europesays.com\/pl\/63935\/","title":{"rendered":"Europa haruje, ale nie sta\u0107 jej na dach nad g\u0142ow\u0105. Bruksela bierze mieszkania pod lup\u0119"},"content":{"rendered":"<p>Cho\u0107 przewodnicz\u0105ca Komisji Europejskiej Ursula von der Leyen podkre\u015bla, \u017ce skupienie si\u0119 na kwestiach mieszkaniowych ma wzmocni\u0107 konkurencyjno\u015b\u0107 Europy, w rzeczywisto\u015bci chodzi r\u00f3wnie\u017c o powstrzymanie <a href=\"https:\/\/wiadomosci.onet.pl\/swiat\/skrajna-prawica-rosnie-w-sile-mlodych-wyborcow-przyciaga-w-chytry-sposob\/467mypl\" id=\"39e8de12-b745-4adf-9883-d2455884ca99\" rel=\"nofollow noopener\" target=\"_blank\">wzrostu popularno\u015bci skrajnej prawicy<\/a>.<\/p>\n<p>We wtorek 21 pa\u017adziernika, podczas prezentacji <a href=\"https:\/\/www.onet.pl\/informacje\/deutsche-welle\/plan-brukseli-do-2030-r-zbrojenia-w-ekspresowym-tempie\/d5tke3y,0666d3f1\" id=\"c1222674-2b76-4525-beb8-a8330304be98\" rel=\"nofollow noopener\" target=\"_blank\">planu legislacyjnego Brukseli<\/a> na 2026 r., von der Leyen zapowiedzia\u0142a szereg nowych inicjatyw zwi\u0105zanych z rynkiem mieszkaniowym. W jej wyst\u0105pieniu w Parlamencie Europejskim w Strasburgu wybrzmia\u0142 wyra\u017any sygna\u0142: Unia Europejska zamierza jeszcze intensywniej mierzy\u0107 si\u0119 z og\u00f3lnoeuropejskim kryzysem koszt\u00f3w \u017cycia.<\/p>\n<p>Europa haruje, ale nie sta\u0107 jej na dach nad g\u0142ow\u0105<\/p>\n<p class=\"ods-c-paragraph \">\u2014 Dost\u0119pno\u015b\u0107 mieszka\u0144 to kluczowy temat programu prac Komisji na 2026 r. \u2014 powiedzia\u0142a von der Leyen, podkre\u015blaj\u0105c, \u017ce konieczne jest rozwi\u0105zanie problemu <a href=\"https:\/\/wiadomosci.onet.pl\/kraj\/szczytowy-okres-na-rynku-najmu-mieszkania-znikaly-blyskawicznie\/jsd1nyl\" id=\"98a1fb92-30f9-4dcf-8fac-cfddd77a3eb6\" rel=\"nofollow noopener\" target=\"_blank\">wysokich cen najmu<\/a> i kupna mieszka\u0144, aby &#8222;chroni\u0107 naszych obywateli i broni\u0107 europejskich warto\u015bci&#8221;.<\/p>\n<blockquote class=\"ods-o-quota\">\n<p class=\"ods-o-quota__paragraph\">Jak Europa mo\u017ce by\u0107 konkurencyjna, je\u015bli ludzie pracuj\u0105cy na pe\u0142ny etat nie s\u0105 w stanie si\u0119 utrzyma\u0107? Je\u015bli nie mog\u0105 mieszka\u0107 tam, gdzie s\u0105 zadowalaj\u0105ce ich miejsca pracy, bo po prostu nie sta\u0107 ich na wynajem lub kupno mieszkania?<\/p>\n<\/blockquote>\n<p class=\"ods-c-paragraph \">\u2014 pyta\u0142a von der Leyen.<\/p>\n<p> Airbnb, tury\u015bci i wyparte rodziny \u2014 Bruksela reaguje<\/p>\n<p class=\"ods-c-paragraph \">W planach Komisji na przysz\u0142y rok znalaz\u0142a si\u0119 m.in. prze\u0142omowa inicjatywa dotycz\u0105ca <a href=\"https:\/\/businessinsider.com.pl\/nieruchomosci\/airbnb-wplyw-wynajmu-krotkoterminowego-na-polska-gospodarke\/4c8cm6k\" id=\"d6aef73e-8d63-47b5-a8b7-d0a27824e7f7\" rel=\"nofollow noopener\" target=\"_blank\">kr\u00f3tkoterminowych wynajm\u00f3w<\/a>, kt\u00f3rej projekt ma zosta\u0107 przedstawiony wiosn\u0105. Tzw. apartamenty turystyczne, czyli w pe\u0142ni wyposa\u017cone mieszkania wynajmowane na kilka dni lub tygodni, w wielu europejskich metropoliach sta\u0142y si\u0119 jednym z g\u0142\u00f3wnych czynnik\u00f3w nap\u0119dzaj\u0105cych wzrost cen nieruchomo\u015bci. Dan Jorgensen, komisarz do spraw mieszkalnictwa, zapowiedzia\u0142 ch\u0119\u0107 uregulowania tego rynku.<\/p>\n<blockquote class=\"ods-o-quota\">\n<p class=\"ods-o-quota__paragraph\">Nie mo\u017cemy pozwoli\u0107, by mieszka\u0144cy byli wypychani ze swoich dzielnic<\/p>\n<\/blockquote>\n<p class=\"ods-c-paragraph \">\u2014 powiedzia\u0142, dodaj\u0105c, \u017ce propozycja Komisji &#8222;znajdzie w\u0142a\u015bciw\u0105 r\u00f3wnowag\u0119&#8221; i &#8222;b\u0119dzie stanowcza, ale sprawiedliwa&#8221;.<\/p>\n<p>Dalszy ci\u0105g artyku\u0142u pod materia\u0142em wideo<br \/>\n&#8222;Spo\u0142eczny kryzys na skal\u0119 europejsk\u0105&#8221;<\/p>\n<p class=\"ods-c-paragraph \">Pod koniec 2026 r. Bruksela planuje przedstawi\u0107 rozporz\u0105dzenie o us\u0142ugach budowlanych (Construction Services Act), kt\u00f3rego celem b\u0119dzie ograniczenie biurokracji w sektorze budowlanym i przyspieszenie tempa powstawania nowych mieszka\u0144. Nowe przepisy maj\u0105 by\u0107 rozwini\u0119ciem Planu dla Dost\u0119pnego Mieszkalnictwa, kt\u00f3ry zostanie opublikowany w grudniu. Jak zapowiada Jorgensen, plan ten ma przeciwdzia\u0142a\u0107 &#8222;egoistycznym spekulacjom dotycz\u0105cym tak podstawowej potrzeby, jak dach nad g\u0142ow\u0105&#8221;.<\/p>\n<p class=\"ods-c-paragraph \">Unijne instytucje podejmuj\u0105 desperackie pr\u00f3by zaradzenia <a href=\"https:\/\/www.onet.pl\/styl-zycia\/onetkobieta\/kryzys-mieszkaniowy-w-polsce-co-trzeci-polak-zyje-w-przeludnionym-mieszkaniu\/q4dn473,2b83378a\" id=\"2257c90c-ae30-443f-8ac8-d728a7741355\" rel=\"nofollow noopener\" target=\"_blank\">kryzysowi mieszkaniowemu<\/a>, kt\u00f3ry nap\u0119dza wzrost popularno\u015bci ugrupowa\u0144 skrajnie prawicowych w ca\u0142ej Europie. W Holandii <a href=\"https:\/\/www.onet.pl\/informacje\/onetwiadomosci\/ciazy-na-nim-fatwa-wiec-nie-rusza-sie-bez-obstawy-nawet-do-toalety-radykal-idzie-po\/qwvnek3,79cfc278\" id=\"a45fea62-42fc-49e2-953e-d3d2b3e06ec9\" rel=\"nofollow noopener\" target=\"_blank\">Geert Wilders i jego Partia Wolno\u015bci (PVV)<\/a> wygrali wybory parlamentarne w 2023 r., opieraj\u0105c kampani\u0119 na problemie braku mieszka\u0144. Jak twierdzili, jest on pog\u0142\u0119biany przez nap\u0142yw migrant\u00f3w i os\u00f3b ubiegaj\u0105cych si\u0119 o azyl. Podobnie w Portugalii partia Chega, krytykuj\u0105c bezradno\u015b\u0107 tradycyjnych ugrupowa\u0144 wobec gwa\u0142townie rosn\u0105cych cen nieruchomo\u015bci, sta\u0142a si\u0119 w tym roku g\u0142\u00f3wn\u0105 si\u0142\u0105 opozycyjn\u0105.<\/p>\n<p class=\"ods-c-paragraph \">Von der Leyen ju\u017c przed swoj\u0105 reelekcj\u0105 na przewodnicz\u0105c\u0105 Komisji w 2024 r. sygnalizowa\u0142a, \u017ce walka z kryzysem mieszkaniowym b\u0119dzie jednym z jej priorytet\u00f3w. W tegorocznym or\u0119dziu o stanie Unii opisa\u0142a ten problem jako &#8222;spo\u0142eczny kryzys na skal\u0119 europejsk\u0105&#8221;. Na pocz\u0105tku roku Parlament Europejski powo\u0142a\u0142 specjaln\u0105 komisj\u0119 zajmuj\u0105c\u0105 si\u0119 t\u0105 kwesti\u0105, a temat mieszka\u0144 znajdzie si\u0119 tak\u017ce w agendzie najbli\u017cszego szczytu Rady Europejskiej w Brukseli.<\/p>\n<p class=\"ods-c-paragraph \">\u2014 Niezale\u017cnie od sektora, przes\u0142anie pozostaje to samo. Europa musi dzia\u0142a\u0107 w interesie wszystkich swoich obywateli \u2014 powiedzia\u0142a von der Leyen do europos\u0142\u00f3w.<\/p>\n","protected":false},"excerpt":{"rendered":"Cho\u0107 przewodnicz\u0105ca Komisji Europejskiej Ursula von der Leyen podkre\u015bla, \u017ce skupienie si\u0119 na kwestiach mieszkaniowych ma wzmocni\u0107 konkurencyjno\u015b\u0107&hellip;\n","protected":false},"author":2,"featured_media":63936,"comment_status":"","ping_status":"","sticky":false,"template":"","format":"standard","meta":{"footnotes":""},"categories":[14],"tags":[56,32,33,2761,189,27,34,35,28,31,48,25,46,2179,4887,40,41,47,80,29,30,86,344,26,82,83,84],"class_list":{"0":"post-63935","1":"post","2":"type-post","3":"status-publish","4":"format-standard","5":"has-post-thumbnail","7":"category-swiat","8":"tag-article_premium","9":"tag-breaking-news","10":"tag-breakingnews","11":"tag-bruksela","12":"tag-europa","13":"tag-headlines","14":"tag-latest-news","15":"tag-latestnews","16":"tag-naglowki","17":"tag-najwazniejsze-artykuly","18":"tag-nat_styl","19":"tag-news","20":"tag-omp","21":"tag-parlament_europejski","22":"tag-perso_tst1","23":"tag-polish","24":"tag-polski","25":"tag-screening_general","26":"tag-swiat","27":"tag-top-stories","28":"tag-topstories","29":"tag-unia_europejska","30":"tag-ursula_von_der_leyen","31":"tag-wiadomosci","32":"tag-world","33":"tag-world-news","34":"tag-worldnews"},"share_on_mastodon":{"url":"https:\/\/pubeurope.com\/@pl\/115422454391443886","error":""},"_links":{"self":[{"href":"https:\/\/www.europesays.com\/pl\/wp-json\/wp\/v2\/posts\/63935","targetHints":{"allow":["GET"]}}],"collection":[{"href":"https:\/\/www.europesays.com\/pl\/wp-json\/wp\/v2\/posts"}],"about":[{"href":"https:\/\/www.europesays.com\/pl\/wp-json\/wp\/v2\/types\/post"}],"author":[{"embeddable":true,"href":"https:\/\/www.europesays.com\/pl\/wp-json\/wp\/v2\/users\/2"}],"replies":[{"embeddable":true,"href":"https:\/\/www.europesays.com\/pl\/wp-json\/wp\/v2\/comments?post=63935"}],"version-history":[{"count":0,"href":"https:\/\/www.europesays.com\/pl\/wp-json\/wp\/v2\/posts\/63935\/revisions"}],"wp:featuredmedia":[{"embeddable":true,"href":"https:\/\/www.europesays.com\/pl\/wp-json\/wp\/v2\/media\/63936"}],"wp:attachment":[{"href":"https:\/\/www.europesays.com\/pl\/wp-json\/wp\/v2\/media?parent=63935"}],"wp:term":[{"taxonomy":"category","embeddable":true,"href":"https:\/\/www.europesays.com\/pl\/wp-json\/wp\/v2\/categories?post=63935"},{"taxonomy":"post_tag","embeddable":true,"href":"https:\/\/www.europesays.com\/pl\/wp-json\/wp\/v2\/tags?post=63935"}],"curies":[{"name":"wp","href":"https:\/\/api.w.org\/{rel}","templated":true}]}}