{"id":639357,"date":"2026-08-22T14:00:12","date_gmt":"2026-08-22T14:00:12","guid":{"rendered":"https:\/\/www.europesays.com\/pl\/639357\/"},"modified":"2026-08-22T14:00:12","modified_gmt":"2026-08-22T14:00:12","slug":"lex-szarlatan-sikorski-pyta-o-role-uokik","status":"publish","type":"post","link":"https:\/\/www.europesays.com\/pl\/639357\/","title":{"rendered":"&#8222;Lex szarlatan&#8221;. Sikorski pyta o rol\u0119 UOKiK"},"content":{"rendered":"\n<p>&#13;<br \/>\nPrezydent Karol Nawrocki w\u00a0czwartek poinformowa\u0142, \u017ce\u00a0skierowa\u0142 do\u00a0Trybuna\u0142u Konstytucyjnego nowelizacj\u0119 ustawy o\u00a0prawach pacjenta i\u00a0Rzeczniku Praw Pacjenta, <a href=\"https:\/\/dorzeczy.pl\/kraj\/931285\/ustawa-lex-szarlatan-lex-big-pharma-jest-decyzja-prezydenta.html\" rel=\"nofollow noopener\" target=\"_blank\">czyli tzw. lex szarlatan.<\/a> &#13;\n<\/p>\n<p>&#8222;Lex szarlatan&#8221;. Prezydent skierowa\u0142 ustaw\u0119 do\u00a0TK<\/p>\n<p>&#13;<br \/>\nPrezydent wyja\u015bni\u0142, \u017ce\u00a0&#8222;do\u00a0jednej grupy, tzw. szarlatan\u00f3w, rz\u0105d zakwalifikowa\u0142 realnie zagra\u017caj\u0105cych, szkodz\u0105cych zdrowiu szale\u0144c\u00f3w oraz\u00a0tysi\u0105ce polskich firm i\u00a0os\u00f3b, zajmuj\u0105cych si\u0119 zielarstwem, zdrowym od\u017cywianiem czy\u00a0medycyn\u0105 komplementarn\u0105&#8221;. &#13;\n<\/p>\n<p>&#13;<br \/>\nUzasadniaj\u0105c swoj\u0105 decyzj\u0119, Karol Nawrocki podkre\u015bli\u0142, \u017ce\u00a0potrzebne s\u0105 przepisy, kt\u00f3re w\u00a0spos\u00f3b skuteczny zablokuj\u0105 dzia\u0142alno\u015b\u0107 oszust\u00f3w, nie\u00a0uderzaj\u0105c przy tym w\u00a0uczciwych ludzi. &#13;\n<\/p>\n<p>&#13;<br \/>\n\u2013 Dlatego og\u0142aszam dzisiaj moj\u0105 w\u0142asn\u0105 inicjatyw\u0119 legislacyjn\u0105 przeciw szarlatanom. Przygotowa\u0142em projekt nowelizacji Kodeksu karnego, kt\u00f3ry jest realnym, skutecznym i\u00a0przede wszystkim bezpiecznym dla\u00a0demokracji rozwi\u0105zaniem problemu szarlatan\u00f3w \u2013\u00a0t\u0142umaczy\u0142. &#13;\n<\/p>\n<p>&#13;<br \/>\nZdaniem prezydenta ustawa &#8222;lex szarlatan&#8221; budzi w\u0105tpliwo\u015bci konstytucyjne. &#13;\n<\/p>\n<p>Sikorski: Czy\u00a0ws. znachor\u00f3w i\u00a0szarlatan\u00f3w bardziej stanowczy nie\u00a0powinien by\u0107 UOKiK?<\/p>\n<p>&#13;<br \/>\nRados\u0142aw Sikorski, wicepremier i\u00a0szef MSZ, komentuj\u0105c prezydenckie weto, oceni\u0142 na\u00a0platformie X, \u017ce\u00a0&#8222;&#8221;, ale\u00a0swoj\u0105 drog\u0105 czy\u00a0w\u00a0sprawie znachor\u00f3w i\u00a0szarlatan\u00f3w bardziej stanowczy nie\u00a0powinien by\u0107 UOKiK?&#8221;. &#13;\n<\/p>\n<p>&#13;<br \/>\n&#8222;Je\u015bli kto\u015b obiecuje wyleczy\u0107 raka zi\u00f3\u0142kami, to\u00a0czy nie\u00a0jest to\u00a0tak\u017ce fa\u0142szywa reklama produktu?&#8221; \u2013\u00a0zapyta\u0142 Rados\u0142aw Sikorski. &#13;\n<\/p>\n<p>Prezydent z\u0142o\u017cy\u0142 projekt ustawy &#8222;lex szarlatan&#8221;<\/p>\n<p>&#13;<br \/>\nW pi\u0105tek szef Kancelarii Prezydenta RP Zbigniew Bogucki poinformowa\u0142, \u017ce\u00a0prezydent z\u0142o\u017cy\u0142 w\u0142asny projekt ustawy &#8222;lex szarlatan&#8221;. &#13;\n<\/p>\n<p>&#13;<br \/>\nJedna z\u00a0propozycji, kt\u00f3ra znalaz\u0142a si\u0119 w\u00a0projekcie prezydenta, to\u00a0do\u00a015 lat wi\u0119zienia za\u00a0pseudomedyczne praktyki, kt\u00f3re doprowadzi\u0142y do\u00a0\u015bmierci pacjenta. Ponadto prezydencki projekt przewiduje kar\u0119 do\u00a0trzech lat wi\u0119zienia, je\u015bli na\u00a0skutek dzia\u0142a\u0144 osoby nieposiadaj\u0105cej uprawnie\u0144 medycznych osoba, kt\u00f3ra zaprzestanie lub\u00a0nie\u00a0podejmie leczenia zaleconego przez lekarza, b\u0119dzie nara\u017cona na\u00a0&#8222;bezpo\u015brednie niebezpiecze\u0144stwo utraty \u017cycia albo ci\u0119\u017ckiego uszczerbku na\u00a0zdrowiu&#8221;. W\u00a0projekcie przewidziano te\u017c kar\u0119 od\u00a0roku do\u00a010 lat pozbawienia wolno\u015bci, je\u015bli na\u00a0skutek dzia\u0142ania sprawcy dojdzie do\u00a0ci\u0119\u017ckiego uszczerbku na\u00a0zdrowiu, a\u00a0od 3\u00a0do\u00a015 lat wi\u0119zienia, gdy dojdzie do\u00a0\u015bmierci. &#13;\n<\/p>\n<p>&#13;<br \/>\n   Czytaj te\u017c:<br \/><a href=\"https:\/\/dorzeczy.pl\/zdrowie\/931981\/nawrocki-zlozyl-w-sejmie-wlasna-wersje-ustawy-lex-szarlatan.html\" rel=\"follow nofollow noopener\" data-schema=\"DORZECZY\" data-image=\"https:\/\/img.dorzeczy.pl\/_thumb\/03\/80\/473f836c660aa40210eca7b52913.jpeg\" target=\"_blank\">Odpowied\u017a prezydenta na\u00a0&#8222;lex szarlatan&#8221;. Projekt ustawy trafi\u0142 do\u00a0Sejmu<\/a>   Czytaj te\u017c:<br \/><a href=\"https:\/\/dorzeczy.pl\/opinie\/931648\/ostatnia-rzecz-ktorej-potrzebujemy-bosak-pochwalil-nawrockiego.html\" rel=\"follow nofollow noopener\" data-schema=\"DORZECZY\" data-image=\"https:\/\/img.dorzeczy.pl\/_thumb\/74\/37\/f4ac88453d3063a10f29b5edc4d3.jpeg\" target=\"_blank\">&#8222;Ostatnia rzecz, kt\u00f3rej potrzebujemy&#8221;. Bosak pochwali\u0142 decyzj\u0119 prezydenta<\/a> &#13;<\/p>\n","protected":false},"excerpt":{"rendered":"&#13; Prezydent Karol Nawrocki w\u00a0czwartek poinformowa\u0142, \u017ce\u00a0skierowa\u0142 do\u00a0Trybuna\u0142u Konstytucyjnego nowelizacj\u0119 ustawy o\u00a0prawach pacjenta i\u00a0Rzeczniku Praw Pacjenta, czyli tzw.&hellip;\n","protected":false},"author":2,"featured_media":639358,"comment_status":"","ping_status":"","sticky":false,"template":"","format":"standard","meta":{"footnotes":"","_share_on_mastodon":"0"},"categories":[62712],"tags":[98,690,49,104979,102,1005,4046,8233,18354],"class_list":["post-639357","post","type-post","status-publish","format-standard","has-post-thumbnail","category-karol-nawrocki","tag-dorzeczy","tag-karol-nawrocki","tag-kraj","tag-lex-szarlatan","tag-opinie","tag-prezydent","tag-radoslaw-sikorski","tag-tk","tag-zbigniew-bogucki"],"share_on_mastodon":{"url":"https:\/\/pubeurope.com\/@pl\/117139526546823710","error":""},"_links":{"self":[{"href":"https:\/\/www.europesays.com\/pl\/wp-json\/wp\/v2\/posts\/639357","targetHints":{"allow":["GET"]}}],"collection":[{"href":"https:\/\/www.europesays.com\/pl\/wp-json\/wp\/v2\/posts"}],"about":[{"href":"https:\/\/www.europesays.com\/pl\/wp-json\/wp\/v2\/types\/post"}],"author":[{"embeddable":true,"href":"https:\/\/www.europesays.com\/pl\/wp-json\/wp\/v2\/users\/2"}],"replies":[{"embeddable":true,"href":"https:\/\/www.europesays.com\/pl\/wp-json\/wp\/v2\/comments?post=639357"}],"version-history":[{"count":0,"href":"https:\/\/www.europesays.com\/pl\/wp-json\/wp\/v2\/posts\/639357\/revisions"}],"wp:featuredmedia":[{"embeddable":true,"href":"https:\/\/www.europesays.com\/pl\/wp-json\/wp\/v2\/media\/639358"}],"wp:attachment":[{"href":"https:\/\/www.europesays.com\/pl\/wp-json\/wp\/v2\/media?parent=639357"}],"wp:term":[{"taxonomy":"category","embeddable":true,"href":"https:\/\/www.europesays.com\/pl\/wp-json\/wp\/v2\/categories?post=639357"},{"taxonomy":"post_tag","embeddable":true,"href":"https:\/\/www.europesays.com\/pl\/wp-json\/wp\/v2\/tags?post=639357"}],"curies":[{"name":"wp","href":"https:\/\/api.w.org\/{rel}","templated":true}]}}