{"id":63937,"date":"2025-10-23T08:07:13","date_gmt":"2025-10-23T08:07:13","guid":{"rendered":"https:\/\/www.europesays.com\/pl\/63937\/"},"modified":"2025-10-23T08:07:13","modified_gmt":"2025-10-23T08:07:13","slug":"9-latek-z-udarem-mozgu-lekarze-podjeli-trudna-decyzje-postanowilismy-zaryzykowac","status":"publish","type":"post","link":"https:\/\/www.europesays.com\/pl\/63937\/","title":{"rendered":"9-latek z udarem m\u00f3zgu. Lekarze podj\u0119li trudn\u0105 decyzj\u0119.\u00a0&#8222;Postanowili\u015bmy zaryzykowa\u0107&#8221;"},"content":{"rendered":"<p class=\"Paragraph_desktopParagraph__U31Gm\">Ch\u0142opiec zosta\u0142 przyj\u0119ty na Szpitalny Oddzia\u0142 Ratunkowy z powa\u017cnymi objawami: problemami z mow\u0105 oraz os\u0142abieniem prawej strony cia\u0142a. Badania obrazowe potwierdzi\u0142y diagnoz\u0119 \u2014 ostry udar niedokrwienny m\u00f3zgu, kt\u00f3ry u dzieci jest niezwykle rzadki.<\/p>\n<p class=\"Paragraph_desktopParagraph__U31Gm\">Lekarze zdecydowali si\u0119 na podanie leku trombolitycznego, kt\u00f3ry standardowo stosuje si\u0119 u doros\u0142ych pacjent\u00f3w. Decyzja by\u0142a ryzykowna, poniewa\u017c lek ten nie jest oficjalnie zarejestrowany do stosowania u dzieci. Jednak, jak podkre\u015bli\u0142a neurolog Anita Siewko, alternatyw\u0105 by\u0142o ci\u0119\u017ckie uszkodzenie neurologiczne. &#8222;Bazowali\u015bmy jednak na naszym wieloletnim do\u015bwiadczeniu w leczeniu udaru u doros\u0142ych. Postanowili\u015bmy zaryzykowa\u0107, poniewa\u017c alternatyw\u0105 by\u0142o ci\u0119\u017ckie uszkodzenie neurologiczne m\u0142odego cz\u0142owieka. Uda\u0142o si\u0119. Ch\u0142opiec jest sprawny i bez \u017cadnych deficyt\u00f3w&#8221; \u2014 podkre\u015bli\u0142a specjalista.<\/p>\n<p class=\"VideoPlayerText_videoPlayerText__iDwyz\">Dalszy ci\u0105g materia\u0142u pod wideo<\/p>\n<p class=\"Paragraph_desktopParagraph__U31Gm\">Przeczytaj r\u00f3wnie\u017c:<\/p>\n<ul class=\"OchatFollowUps_wrapper__1ry7X\">\n<li class=\"OchatFollowUps_item__Dhyly OchatFollowUps_itemDesktop__R6aBv\">Jakie by\u0142y objawy udaru u ch\u0142opca?<\/li>\n<li class=\"OchatFollowUps_item__Dhyly OchatFollowUps_itemDesktop__R6aBv\">Jakie leczenie zastosowano w przypadku 9-latka?<\/li>\n<li class=\"OchatFollowUps_item__Dhyly OchatFollowUps_itemDesktop__R6aBv\">Gdzie ch\u0142opiec rozpocz\u0105\u0142 rehabilitacj\u0119?<\/li>\n<li class=\"OchatFollowUps_item__Dhyly OchatFollowUps_itemDesktop__R6aBv\">Jakie s\u0105 objawy udaru m\u00f3zgu u dzieci?<\/li>\n<\/ul>\n<p class=\"Paragraph_desktopParagraph__U31Gm\">Podanie leku w warunkach oddzia\u0142u ratunkowego przynios\u0142o niemal natychmiastowe efekty. Deficyt neurologiczny u dziecka zmniejszy\u0142 si\u0119, a objawy udaru ust\u0105pi\u0142y. Nast\u0119pnie ch\u0142opiec trafi\u0142 na obserwacj\u0119 do Klinicznego Oddzia\u0142u Anestezjologii i Intensywnej Terapii dla Dzieci. Cho\u0107 w trakcie leczenia wyst\u0105pi\u0142y napady drgawek i zaburzenia rytmu serca, uda\u0142o si\u0119 unikn\u0105\u0107 najgro\u017aniejszego powik\u0142ania \u2014 krwawienia do o\u015brodkowego uk\u0142adu nerwowego.<\/p>\n<p class=\"Paragraph_desktopParagraph__U31Gm\">Po dw\u00f3ch dniach obserwacji w Zielonej G\u00f3rze pacjent zosta\u0142 przewieziony do szpitala w Nowej Soli, gdzie rozpocz\u0105\u0142 rehabilitacj\u0119. Kierownik <a href=\"https:\/\/kobieta.onet.pl\/sor\" id=\"7f6b0457-4a28-4426-8dd1-b8897d986f9b\" rel=\"nofollow noopener\" target=\"_blank\">SOR-u<\/a>, Szymon Michniewicz, podkre\u015bli\u0142, \u017ce przypadki udar\u00f3w u dzieci s\u0105 niezwykle rzadkie, co czyni leczenie bardziej skomplikowanym.<\/p>\n<p class=\"Paragraph_desktopParagraph__U31Gm\">Eksperci zwracaj\u0105 uwag\u0119, \u017ce udar m\u00f3zgu, cho\u0107 kojarzony g\u0142\u00f3wnie z osobami starszymi, mo\u017ce wyst\u0105pi\u0107 tak\u017ce u dzieci. Leczenie w takich przypadkach bywa trudniejsze, poniewa\u017c brakuje zarejestrowanych lek\u00f3w dedykowanych najm\u0142odszym pacjentom.<\/p>\n<p class=\"Paragraph_desktopParagraph__U31Gm\">Szymon Jurga powiedzia\u0142, \u017ce w swojej ponad 30-letniej karierze zawodowej po raz pierwszy spotka\u0142 si\u0119 z takim przypadkiem.<\/p>\n<p class=\"Paragraph_desktopParagraph__U31Gm\">Szpital Uniwersytecki w Zielonej G\u00f3rze przypomina o znaczeniu szybkiego rozpoznania objaw\u00f3w udaru. Pomocna mo\u017ce by\u0107 zasada FAST:<\/p>\n<p class=\"Paragraph_desktopParagraph__U31Gm\">\u2014 F (Face \u2014 twarz): Zwr\u00f3\u0107 uwag\u0119 na asymetri\u0119 twarzy, np. opadanie k\u0105cika ust. Popro\u015b osob\u0119, aby si\u0119 u\u015bmiechn\u0119\u0142a.<\/p>\n<p class=\"Paragraph_desktopParagraph__U31Gm\">\u2014 A (Arms \u2014 r\u0119ce): Sprawd\u017a, czy osoba mo\u017ce podnie\u015b\u0107 obie r\u0119ce. Je\u015bli jedna opada, to mo\u017ce by\u0107 oznaka udaru.<\/p>\n<p class=\"Paragraph_desktopParagraph__U31Gm\">\u2014 S (Speech \u2014 mowa): Zwr\u00f3\u0107 uwag\u0119 na trudno\u015bci w m\u00f3wieniu, be\u0142kotliw\u0105 mow\u0119 lub problemy ze zrozumieniem.<\/p>\n<p class=\"Paragraph_desktopParagraph__U31Gm\">\u2014 T (Time \u2014 czas): W przypadku zauwa\u017cenia objaw\u00f3w udaru, natychmiast wezwij pomoc medyczn\u0105.<\/p>\n<p class=\"Paragraph_desktopParagraph__U31Gm\">Inne mo\u017cliwe objawy udaru to problemy z r\u00f3wnowag\u0105, silny b\u00f3l g\u0142owy, zaburzenia widzenia czy utrata przytomno\u015bci.<\/p>\n","protected":false},"excerpt":{"rendered":"Ch\u0142opiec zosta\u0142 przyj\u0119ty na Szpitalny Oddzia\u0142 Ratunkowy z powa\u017cnymi objawami: problemami z mow\u0105 oraz os\u0142abieniem prawej strony cia\u0142a.&hellip;\n","protected":false},"author":2,"featured_media":63938,"comment_status":"","ping_status":"","sticky":false,"template":"","format":"standard","meta":{"footnotes":""},"categories":[12],"tags":[32,33,36,37,27,67,34,35,28,31,3533,53,25,52,68,51,55,42,38,40,39,41,47,5602,29,30,7867,50,26,253],"class_list":{"0":"post-63937","1":"post","2":"type-post","3":"status-publish","4":"format-standard","5":"has-post-thumbnail","7":"category-polska","8":"tag-breaking-news","9":"tag-breakingnews","10":"tag-featured-news","11":"tag-featurednews","12":"tag-headlines","13":"tag-intextvideo_splayer","14":"tag-latest-news","15":"tag-latestnews","16":"tag-naglowki","17":"tag-najwazniejsze-artykuly","18":"tag-neurolog","19":"tag-new_header","20":"tag-news","21":"tag-onet3","22":"tag-onet3d","23":"tag-onet3d_2i","24":"tag-phx","25":"tag-pl","26":"tag-poland","27":"tag-polish","28":"tag-polska","29":"tag-polski","30":"tag-screening_general","31":"tag-szpital","32":"tag-top-stories","33":"tag-topstories","34":"tag-udar_mozgu","35":"tag-v2021","36":"tag-wiadomosci","37":"tag-zdrowie"},"share_on_mastodon":{"url":"https:\/\/pubeurope.com\/@pl\/115422458281321286","error":""},"_links":{"self":[{"href":"https:\/\/www.europesays.com\/pl\/wp-json\/wp\/v2\/posts\/63937","targetHints":{"allow":["GET"]}}],"collection":[{"href":"https:\/\/www.europesays.com\/pl\/wp-json\/wp\/v2\/posts"}],"about":[{"href":"https:\/\/www.europesays.com\/pl\/wp-json\/wp\/v2\/types\/post"}],"author":[{"embeddable":true,"href":"https:\/\/www.europesays.com\/pl\/wp-json\/wp\/v2\/users\/2"}],"replies":[{"embeddable":true,"href":"https:\/\/www.europesays.com\/pl\/wp-json\/wp\/v2\/comments?post=63937"}],"version-history":[{"count":0,"href":"https:\/\/www.europesays.com\/pl\/wp-json\/wp\/v2\/posts\/63937\/revisions"}],"wp:featuredmedia":[{"embeddable":true,"href":"https:\/\/www.europesays.com\/pl\/wp-json\/wp\/v2\/media\/63938"}],"wp:attachment":[{"href":"https:\/\/www.europesays.com\/pl\/wp-json\/wp\/v2\/media?parent=63937"}],"wp:term":[{"taxonomy":"category","embeddable":true,"href":"https:\/\/www.europesays.com\/pl\/wp-json\/wp\/v2\/categories?post=63937"},{"taxonomy":"post_tag","embeddable":true,"href":"https:\/\/www.europesays.com\/pl\/wp-json\/wp\/v2\/tags?post=63937"}],"curies":[{"name":"wp","href":"https:\/\/api.w.org\/{rel}","templated":true}]}}