{"id":63939,"date":"2025-10-23T08:08:14","date_gmt":"2025-10-23T08:08:14","guid":{"rendered":"https:\/\/www.europesays.com\/pl\/63939\/"},"modified":"2025-10-23T08:08:14","modified_gmt":"2025-10-23T08:08:14","slug":"ukraina-zaatakowala-daleko-za-linia-frontu-trzy-eksplozje-pod-czelabinskiem-onet","status":"publish","type":"post","link":"https:\/\/www.europesays.com\/pl\/63939\/","title":{"rendered":"Ukraina zaatakowa\u0142a daleko za lini\u0105 frontu? Trzy eksplozje pod Czelabi\u0144skiem &#8211; Onet"},"content":{"rendered":"<ol>\n<li><a href=\"https:\/\/news.google.com\/rss\/articles\/CBMi1AFBVV95cUxPSG5VbG9qbTdpbUVrYmhVYlZGX2xYZWpidGNVRFdWUE5tVWVxRXFHYmNkY1hHa09zaGVTTGRPYzlNU1Vob1o4VWJlZmFZR2NIUjFTZUc4MTJHMUkyRTAyczdmUHZIeDJCenlXUFZFZHdlSlpFMlJ5QkFWbEFpdG16TEFvT3NWMmR0SGEtbGhrVFZuZEJHcGVOTGFvcEFrMWNaNTg4TVBQbG9Cd3B1RDdONlpqVlNFLVpNRV96eW04WE1ySnBKeExnN05sZzV1bEVINDZyMw?oc=5\" target=\"_blank\" rel=\"nofollow noopener\">Ukraina zaatakowa\u0142a daleko za lini\u0105 frontu? Trzy eksplozje pod Czelabi\u0144skiem<\/a>&nbsp;&nbsp;Onet<\/li>\n<li><a href=\"https:\/\/news.google.com\/rss\/articles\/CBMisAFBVV95cUxNbDNWb3ZhY3NmbTJjTGxmWXE2RUFwS3ZoM2dMVm5zT3FnMWhYbFE4eVVIbzRfczc2NXZhTEdvTnpxYnlYcXZnN3VVUDJQWXQ4Yi1YcGUwbmdTSVQzemlxZUVrSnRtdlF5QnM0cDY0aURMOUsyS09iZ0NxNGd6d1cxMzVNNnNfQWFtUXNJTmdXV1ZGUE1LdXVQNGpOVW9jdFFINkRtanlueXVqNFEwNlY3RA?oc=5\" target=\"_blank\" rel=\"nofollow noopener\">Ukraina zaatakowa\u0142a daleko za lini\u0105 frontu? Eksplozje pod Czelabi\u0144skiem. S\u0105 ofiary<\/a>&nbsp;&nbsp;Onet Wiadomo\u015bci<\/li>\n<li><a href=\"https:\/\/news.google.com\/rss\/articles\/CBMiqwFBVV95cUxOTWNxRkpZQmh1TENQREVSc25PcjgtRUdWZFNtY1lyZGxfMW44OU5fcUxOUGtzejZGSXNmTThLanh5TjFsVi1iOG50elZLcGJvaXQ3MV9FalYxUHoyaGhPRDgxN18wd3lLeTIydW4xVGM1TEJ4TV8yMkxuOUVNZGxxSW12SEJyZzZ0SFo0YnVNbFV3YXN6T2Z0T2Z3Z1JlclowaHdpZDZKc3RsQ00?oc=5\" target=\"_blank\" rel=\"nofollow noopener\">Eksplozje w fabryce zbrojeniowej w Rosji. S\u0105 ofiary \u015bmiertelne<\/a>&nbsp;&nbsp;wnp.pl<\/li>\n<li><a href=\"https:\/\/news.google.com\/rss\/articles\/CBMivwFBVV95cUxQbGNrR2I2aVVfRXI3SmtJb051MVNzVmI5NHppRENENFZHeTdqZzlUVXJtTjllZDVCVkVwMU5wY3lFckJyZXAzbkdRSU5UQXJOcG4ta3p5NVZyTkd5SktaVFVJVzlXVWp0SVJ4ZzV3bW5DSWxscmROalFGSVVxRFF1LTRyWHdfbUpWODl6RTd2Yno0WHNUOEVQV0pxN1RoY296VE1hOVQ0RHROOFhJai1qV3RJWmt2ZzU1LTJuWDRzZw?oc=5\" target=\"_blank\" rel=\"nofollow noopener\">Kula ognia nad rosyjskim miastem. Tajemnicza eksplozja zabi\u0142a wiele os\u00f3b<\/a>&nbsp;&nbsp;Forsal<\/li>\n<li><a href=\"https:\/\/news.google.com\/rss\/articles\/CBMisgFBVV95cUxNLXkwNmFGVkFHeHo0dGFIdVJYSXpYamF3VWU3MG1ISmtuTG1ReFhSRW00cDItd1BJNjhVbFJhRjViemMzSXR3dE94Zkl0cksxQS1DZHpWNXZSaEhZTHhxeTYwUm5UVHFOcXMxMVFEMjNJcEZvTTJ1OHJGTnZiZXlUdkdfQjd3cFU0bkNuZkduRzQ2Ykk1UmwwQUw5Z2Vtbi15MUo3ZVRrUUNLN2FaaDNyakpB?oc=5\" target=\"_blank\" rel=\"nofollow noopener\">Trzy wielkie eksplozje na Uralu, zgin\u0119li ludzie. Ogie\u0144 w zak\u0142adach wojskowych<\/a>&nbsp;&nbsp;Radio ZET<\/li>\n<\/ol>\n","protected":false},"excerpt":{"rendered":"Ukraina zaatakowa\u0142a daleko za lini\u0105 frontu? Trzy eksplozje pod Czelabi\u0144skiem&nbsp;&nbsp;Onet Ukraina zaatakowa\u0142a daleko za lini\u0105 frontu? Eksplozje pod&hellip;\n","protected":false},"author":2,"featured_media":63240,"comment_status":"","ping_status":"","sticky":false,"template":"","format":"standard","meta":{"footnotes":""},"categories":[5],"tags":[32,33,244,16250,36,37,27,64,34,35,28,31,53,25,52,68,51,55,42,38,40,39,41,62,47,29,30,390,65,50,26],"class_list":{"0":"post-63939","1":"post","2":"type-post","3":"status-publish","4":"format-standard","5":"has-post-thumbnail","7":"category-naglowki","8":"tag-breaking-news","9":"tag-breakingnews","10":"tag-ctr_tst","11":"tag-czelabinsk","12":"tag-featured-news","13":"tag-featurednews","14":"tag-headlines","15":"tag-inwazja_rosji_na_ukraine_2014_","16":"tag-latest-news","17":"tag-latestnews","18":"tag-naglowki","19":"tag-najwazniejsze-artykuly","20":"tag-new_header","21":"tag-news","22":"tag-onet3","23":"tag-onet3d","24":"tag-onet3d_2i","25":"tag-phx","26":"tag-pl","27":"tag-poland","28":"tag-polish","29":"tag-polska","30":"tag-polski","31":"tag-rosja_kraj_rosjanin_rosjanie_rosjanka_rosjanki","32":"tag-screening_general","33":"tag-top-stories","34":"tag-topstories","35":"tag-ukraina_ukrainiec_ukrainka_ukraincy_ukrainki","36":"tag-update_me","37":"tag-v2021","38":"tag-wiadomosci"},"share_on_mastodon":{"url":"","error":"Validation failed: Text character limit of 500 exceeded"},"_links":{"self":[{"href":"https:\/\/www.europesays.com\/pl\/wp-json\/wp\/v2\/posts\/63939","targetHints":{"allow":["GET"]}}],"collection":[{"href":"https:\/\/www.europesays.com\/pl\/wp-json\/wp\/v2\/posts"}],"about":[{"href":"https:\/\/www.europesays.com\/pl\/wp-json\/wp\/v2\/types\/post"}],"author":[{"embeddable":true,"href":"https:\/\/www.europesays.com\/pl\/wp-json\/wp\/v2\/users\/2"}],"replies":[{"embeddable":true,"href":"https:\/\/www.europesays.com\/pl\/wp-json\/wp\/v2\/comments?post=63939"}],"version-history":[{"count":0,"href":"https:\/\/www.europesays.com\/pl\/wp-json\/wp\/v2\/posts\/63939\/revisions"}],"wp:featuredmedia":[{"embeddable":true,"href":"https:\/\/www.europesays.com\/pl\/wp-json\/wp\/v2\/media\/63240"}],"wp:attachment":[{"href":"https:\/\/www.europesays.com\/pl\/wp-json\/wp\/v2\/media?parent=63939"}],"wp:term":[{"taxonomy":"category","embeddable":true,"href":"https:\/\/www.europesays.com\/pl\/wp-json\/wp\/v2\/categories?post=63939"},{"taxonomy":"post_tag","embeddable":true,"href":"https:\/\/www.europesays.com\/pl\/wp-json\/wp\/v2\/tags?post=63939"}],"curies":[{"name":"wp","href":"https:\/\/api.w.org\/{rel}","templated":true}]}}