{"id":63940,"date":"2025-10-23T08:09:07","date_gmt":"2025-10-23T08:09:07","guid":{"rendered":"https:\/\/www.europesays.com\/pl\/63940\/"},"modified":"2025-10-23T08:09:07","modified_gmt":"2025-10-23T08:09:07","slug":"chlodny-prysznic-dla-lindy-klimovicovej-sportowefakty","status":"publish","type":"post","link":"https:\/\/www.europesays.com\/pl\/63940\/","title":{"rendered":"Ch\u0142odny prysznic dla Lindy Klimovicovej &#8211; SportoweFakty"},"content":{"rendered":"<ol>\n<li><a href=\"https:\/\/news.google.com\/rss\/articles\/CBMiiAFBVV95cUxNZjMyUjNWWHhyZjNHU3JVZmw1OWdhLUV0LVRKWXQwSlFkZzdDcDlxUEhIa2VBMjJQZTVkXzVsQTY5V2hFNTdfYTAwNWpxMUpyajhwa1BKM1F4cXpQVWNqS29EazVPZ2xvTHdTcGdWS2tUMmhTZGVoNUU3ZUFTSk1Va2JzY0RZT0sy?oc=5\" target=\"_blank\" rel=\"nofollow noopener\">Ch\u0142odny prysznic dla Lindy Klimovicovej<\/a>&nbsp;&nbsp;SportoweFakty<\/li>\n<li><a href=\"https:\/\/news.google.com\/rss\/articles\/CBMirgFBVV95cUxPcExnY3U5WHBVZHNZckpLOWN3T0l5UW00WElMVlpydWVrcG5SYm9Xdm9IUEhxZVEtLWxBLS1YbjQ3RTI1WTE4d3RSVDc2Rm1pdm5GT0xWd0c5aktPYXBYSk1oU2Q3YlVzSlZ6dXphb2NOcHE4NmFLLS1OTUhHblZFQTFJSmd3dk1WeDFKWUJ5RmlMU2NNWUloM2pyRnUtLU9nV09IM0t1RDhYdDM2MWc?oc=5\" target=\"_blank\" rel=\"nofollow noopener\">Demolka na koniec starcia Polki z Niemk\u0105 o \u0107wier\u0107fina\u0142 WTA. Turniejowa &#8222;7&#8221; wyeliminowana<\/a>&nbsp;&nbsp;Sport Interia<\/li>\n<li><a href=\"https:\/\/news.google.com\/rss\/articles\/CBMimAFBVV95cUxPVnp5Q3JrUlVLNjJ4TExaSjFObDFxN1JxU2Z0NHJXdk5DZVdiMzRqQVZsSWQxdDQ1Sk5GMV8xSWEwWGVRM3BlSzd4YmEwOGVleEpSZy1GRmc0WERuemw5LVc0QXhYT1g1UERaRlFwSGpUV3FkQmIwWDh6cnNyMnlHTU5LdC1hWjBiQ0VwWEVVZW50ZTg4NVZTSw?oc=5\" target=\"_blank\" rel=\"nofollow noopener\">Rovereto. Linda Klimovicova odpad\u0142a w drugiej rundzie<\/a>&nbsp;&nbsp;Tenisklub<\/li>\n<li><a href=\"https:\/\/news.google.com\/rss\/articles\/CBMiiAFBVV95cUxQRUM3WFV5SkNMcHRDMWQta3NsZWpOWnhUYWJUaHBlSFVyZmZuY3lJbFcwZ1U0b2JNWGpIWk11QVg0S2NpekV3S0VteFNGRDVFM1BDZDJyWTJINkpiNXllSzNua1ZLVzd3UjJwejFtblpEck5zREhtOURRbVJONjJTUHRKemR0OEpt?oc=5\" target=\"_blank\" rel=\"nofollow noopener\">Klimovicova rozpocz\u0119\u0142a kolejne zmagania<\/a>&nbsp;&nbsp;SportoweFakty<\/li>\n<li><a href=\"https:\/\/news.google.com\/rss\/articles\/CBMipAFBVV95cUxNUTdLRDI3ZFJmdjEtcVg3VUczRXhsdHpJUEk1WldmRWhfeXc3N2twM3hPVDdwVkRqZjZlTzlJVHVqdEJoVTNwemxXVzVaRjRQY19HUFY0ZXh6NEhTalR0Zlk2U2dEU1NvTXQ1d3Rlc184T0xvT1F3MWxlaEpKVDYtSG5qd2xrbklTSmo4WnhETFRXZzZmanhRdFgtTnJ3NTQwUUJMLQ?oc=5\" target=\"_blank\" rel=\"nofollow noopener\">Dwie Polki walcz\u0105 w halowym turnieju WTA 125 w Rovereto<\/a>&nbsp;&nbsp;Polski Tenis<\/li>\n<\/ol>\n","protected":false},"excerpt":{"rendered":"Ch\u0142odny prysznic dla Lindy Klimovicovej&nbsp;&nbsp;SportoweFakty Demolka na koniec starcia Polki z Niemk\u0105 o \u0107wier\u0107fina\u0142 WTA. Turniejowa &#8222;7&#8221; wyeliminowana&nbsp;&nbsp;Sport&hellip;\n","protected":false},"author":2,"featured_media":63941,"comment_status":"","ping_status":"","sticky":false,"template":"","format":"standard","meta":{"footnotes":""},"categories":[24],"tags":[16358,3882,42,38,40,39,41,755,16360,127,126,156,898,157,16361,16359],"class_list":{"0":"post-63940","1":"post","2":"type-post","3":"status-publish","4":"format-standard","5":"has-post-thumbnail","7":"category-sport","8":"tag-anna-lena-friedsam","9":"tag-linda-klimovicova","10":"tag-pl","11":"tag-poland","12":"tag-polish","13":"tag-polska","14":"tag-polski","15":"tag-polski-tenis","16":"tag-rovereto","17":"tag-sport","18":"tag-sports","19":"tag-tenis","20":"tag-wlochy","21":"tag-wta","22":"tag-wta-challenger","23":"tag-wta-challenger-rovereto"},"share_on_mastodon":{"url":"https:\/\/pubeurope.com\/@pl\/115422466338154482","error":""},"_links":{"self":[{"href":"https:\/\/www.europesays.com\/pl\/wp-json\/wp\/v2\/posts\/63940","targetHints":{"allow":["GET"]}}],"collection":[{"href":"https:\/\/www.europesays.com\/pl\/wp-json\/wp\/v2\/posts"}],"about":[{"href":"https:\/\/www.europesays.com\/pl\/wp-json\/wp\/v2\/types\/post"}],"author":[{"embeddable":true,"href":"https:\/\/www.europesays.com\/pl\/wp-json\/wp\/v2\/users\/2"}],"replies":[{"embeddable":true,"href":"https:\/\/www.europesays.com\/pl\/wp-json\/wp\/v2\/comments?post=63940"}],"version-history":[{"count":0,"href":"https:\/\/www.europesays.com\/pl\/wp-json\/wp\/v2\/posts\/63940\/revisions"}],"wp:featuredmedia":[{"embeddable":true,"href":"https:\/\/www.europesays.com\/pl\/wp-json\/wp\/v2\/media\/63941"}],"wp:attachment":[{"href":"https:\/\/www.europesays.com\/pl\/wp-json\/wp\/v2\/media?parent=63940"}],"wp:term":[{"taxonomy":"category","embeddable":true,"href":"https:\/\/www.europesays.com\/pl\/wp-json\/wp\/v2\/categories?post=63940"},{"taxonomy":"post_tag","embeddable":true,"href":"https:\/\/www.europesays.com\/pl\/wp-json\/wp\/v2\/tags?post=63940"}],"curies":[{"name":"wp","href":"https:\/\/api.w.org\/{rel}","templated":true}]}}