{"id":63946,"date":"2025-10-23T08:13:12","date_gmt":"2025-10-23T08:13:12","guid":{"rendered":"https:\/\/www.europesays.com\/pl\/63946\/"},"modified":"2025-10-23T08:13:12","modified_gmt":"2025-10-23T08:13:12","slug":"kluczowy-szczyt-przywodcow-ue-zajma-sie-pozyczka-reparacyjna-dla-ukrainy-i-oplata-od-emisji-ets2","status":"publish","type":"post","link":"https:\/\/www.europesays.com\/pl\/63946\/","title":{"rendered":"Kluczowy szczyt przyw\u00f3dc\u00f3w UE. Zajm\u0105 si\u0119 po\u017cyczk\u0105 reparacyjn\u0105 dla Ukrainy i op\u0142at\u0105 od emisji ETS2"},"content":{"rendered":"<p data-section=\"detail-body\">Na szczycie unijnych przyw\u00f3dc\u00f3w Polsk\u0119 reprezentuje premier Donald Tusk. O godz. 10.30 planowane jest spotkanie cz\u0142onk\u00f3w Rady Europejskiej z prezydentem Ukrainy Wo\u0142odymyrem Ze\u0142enskim. Natomiast o godz. 12.50 z prezydentem Ukrainy jeden na jeden ma spotka\u0107 si\u0119 Tusk.<\/p>\n<p class=\"article_p\" data-section=\"detail-body\">Jednym z temat\u00f3w spotkania przyw\u00f3dc\u00f3w pa\u0144stw UE b\u0119dzie tak zwana po\u017cyczka reparacyjna dla Ukrainy. Polska, kt\u00f3ra od pocz\u0105tku jest adwokatem przekazania Ukrainie zamro\u017conych w UE rosyjskich aktyw\u00f3w, liczy na posuni\u0119cie debaty w tej sprawie do przodu i na to, \u017ce unijni liderzy popr\u0105 t\u0119 inicjatyw\u0119 i wyra\u017c\u0105 oczekiwanie konkretnej propozycji Komisji Europejskiej w tej sprawie. <\/p>\n<p class=\"article_p\" data-section=\"detail-body\">Wed\u0142ug naszych \u017ar\u00f3de\u0142 w Brukseli finalna propozycja musi zawiera\u0107 mechanizm podzielenia si\u0119 ryzykiem przez kraje UE. Chodzi o to, by wyj\u015b\u0107 naprzeciw oczekiwaniom Belg\u00f3w i pa\u0144stw strefy euro, w tym Niemiec i Francji, kt\u00f3re boj\u0105 si\u0119 reperkusji. Najwi\u0119ksze obawy w tej sprawie ma Belgia, kt\u00f3ra obawia si\u0119 poci\u0105gni\u0119cia do odpowiedzialno\u015bci ze wzgl\u0119du na to, \u017ce izba rozliczeniowa Euroclear, kt\u00f3ra trzyma zamro\u017cone rosyjskie aktywa o warto\u015bci 185 mld euro, zarejestrowana jest w\u0142a\u015bnie w tym kraju.<\/p>\n<p class=\"article_p\" data-section=\"detail-body\">\u2014 Belgowie nie chc\u0105 podejmowa\u0107 ryzyka wartego 200 mld euro. Je\u017celi stworzy si\u0119 mechanizm, kt\u00f3ry zapewni im bezpiecze\u0144stwo, s\u0105 do przekonania. Generalnie pa\u0144stwa strefy euro boj\u0105 si\u0119, \u017ce taki ruch mo\u017ce spowodowa\u0107 spadek zaufania inwestor\u00f3w \u2014 w\u0142a\u015bcicieli pochodz\u0105cych spoza Europy kont w UE. Wypracowana formu\u0142a ma wi\u0119c zabezpieczy\u0107 Bruksel\u0119 i stref\u0119 euro przed tymi ryzykami. Polska, pa\u0144stwa ba\u0142tyckie, pa\u0144stwa p\u00f3\u0142nocne \u2014 s\u0105 za t\u0105 inicjatyw\u0105, Belgia, Francja, Niemcy maj\u0105 obawy, zapowiada si\u0119 jednak, \u017ce b\u0119dzie pozytywny sygna\u0142 ze strony Rady Europejskiej \u2014 m\u00f3wi nasz rozm\u00f3wca. W poniedzia\u0142ek w Luksemburgu podczas posiedzenia ministr\u00f3w spraw zagranicznych pa\u0144stw UE propozycja ta zdoby\u0142a szerokie poparcie.<\/p>\n<p>                    <img decoding=\"async\" loading=\"lazy\" class=\"article-image_container--img\" id=\"image_0d9f955f-5cd3-4db5-88a0-7664a09c1000\" alt=\"Premier Donald Tusk na posiedzeniu rz\u0105du\" src=\"https:\/\/www.europesays.com\/pl\/wp-content\/uploads\/2025\/10\/cuYk9kpTURBXy8zYzU2OGY4NTE0NDcxYjE0MDU3NjY3N2MyYzA3MTg2Ni5qcGeRkwLNA5gA3gACoTABoTEB.jpeg\"\/><\/p>\n<p>            Premier Donald Tusk na posiedzeniu rz\u0105du<\/p>\n<p>                    |<br \/>\n                    PAP\/Radek Pietruszka \/ PAP<\/p>\n<p>            Czytaj tak\u017ce w BUSINESS INSIDER<\/p>\n<p class=\"article_p\" data-section=\"detail-body\">Przewidywane rozwi\u0105zanie \u2014 jak s\u0142yszymy \u2014 ma zak\u0142ada\u0107, \u017ce &#8222;nie b\u0119dzie dotykania zamro\u017conych aktyw\u00f3w, ale b\u0119d\u0105 wykorzystane do gwarancji&#8221;. \u2014 Nie ma konkret\u00f3w w sensie aktu prawnego \u2014 dodaje nasz rozm\u00f3wca. Ukraina mia\u0142aby sp\u0142aci\u0107 po\u017cyczk\u0119 po zako\u0144czeniu wojny i otrzymaniu reparacji od Rosji.<\/p>\n<p class=\"article_p\" data-section=\"detail-body\"> W tej kwestii obowi\u0105zywa\u0107 ma wi\u0119kszo\u015b\u0107 kwalifikowana, a nie jednomy\u015blno\u015b\u0107. To pozwoli na omini\u0119cie sprzeciwu W\u0119gier, zreszt\u0105 premier tego kraju Viktor Orban ma, jak s\u0142yszymy, przyby\u0107 na spotkanie Rady dopiero w czwartek wieczorem, ominie go zatem dyskusja o Ukrainie.<\/p>\n<p class=\"article_p\" data-section=\"detail-body\">Rada zdecyduje te\u017c w sprawie 19. pakietu sankcji wobec Rosji. Decyzja w tej sprawie wymaga jednomy\u015blno\u015bci, a dotychczas blokowali j\u0105 S\u0142owacy, kt\u00f3rzy na ostatniej prostej zrezygnowali z weta. Pakiet zak\u0142ada mi\u0119dzy innymi zakaz importu do UE rosyjskiego gazu LNG od 2027 r.<\/p>\n<p>        Redukcja emisji CO2 i op\u0142ata od emisji ETS 2 <\/p>\n<p class=\"article_p\" data-section=\"detail-body\">Kolejny kluczowy dla Polski temat Rady Europejskiej to cel w zakresie d\u0105\u017cenia do neutralno\u015bci klimatycznej na 2040 r. Chodzi o forsowan\u0105 przez du\u0144sk\u0105 prezydencj\u0119 90-procentow\u0105 redukcj\u0119 emisji w Unii Europejskiej, licz\u0105c od 1990 r. Warszawa sprzeciwia si\u0119 tej inicjatywie, zarazem zabiega o mechanizm rewizji \u2014 by pod koniec lat 20. sprawdzi\u0107, w jakim punkcie jeste\u015bmy i w razie potrzeby zrewidowa\u0107 cel na 2040 r. Kolejny postulat obejmuje tak zwane kredyty mi\u0119dzynarodowe do systemu handlu emisjami (carbon offset credits).<\/p>\n<p class=\"article_p\" data-section=\"detail-body\">Je\u017celi za\u015b chodzi o ETS 2, czyli op\u0142at\u0119 od emisji w budownictwie i transporcie, Polska w pierwszym kroku chce rezygnacji z tego rozwi\u0105zania. Nasi rozm\u00f3wcy przyznaj\u0105 jednak, \u017ce to &#8222;opcja nierealna&#8221;, Warszawa forsuje zatem jednocze\u015bnie odsuni\u0119cie ETS 2, kt\u00f3ry zgodnie z planem wystartowa\u0107 ma w 2027 r., o trzy lata, a tak\u017ce tak zwany korytarz cenowy \u2014 czyli wyznaczenie g\u00f3rnych i dolnych wide\u0142ek cenowych na ETS 2. Generalnie Warszawa ci\u0105gle liczy jednak na du\u017ce zmiany w mechanizmie ETS, wskutek planowanej na przysz\u0142y rok rewizji unijnej dyrektywy w tej sprawie. \u2014 Jest szansa, \u017ce ETS 2 w og\u00f3le nie wejdzie w \u017cycie, ale jeszcze jest za wcze\u015bnie na prze\u0142om. Na razie liczymy na post\u0119p w kierunku polskich postulat\u00f3w \u2014 m\u00f3wi nasze \u017ar\u00f3d\u0142o zbli\u017cone do rz\u0105du.<\/p>\n<p class=\"article_p\" data-section=\"detail-body\">Z kolei \u017ar\u00f3d\u0142o w Brukseli przyznaje, \u017ce &#8222;realistycznie dzi\u015b nie mo\u017cna m\u00f3wi\u0107, \u017ce nie b\u0119dzie ETS 2, bo nie ma do tego wi\u0119kszo\u015bci&#8221;.<\/p>\n<p class=\"article_p\" data-section=\"detail-body\">Dobrym prognostykiem dla Polski jest wystosowany w ostatnich dniach list szefowej KE Ursuli von der Leyen do unijnych lider\u00f3w, w kt\u00f3rym zapowiedzia\u0142a rozwi\u0105zanie problemu zbyt wysokich lub zmiennych cen w ramach ETS2. Nasi rozm\u00f3wcy interpretuj\u0105 to jako poparcie dla tak zwanego korytarza cenowego w ETS 2.<\/p>\n<p class=\"article_p\" data-section=\"detail-body\">Jak donosi PAP, w najnowszej wersji konkluzji szczytu wskazano, \u017ce &#8222;Rada Europejska przyjmuje do wiadomo\u015bci zamiar Komisji, aby zaproponowa\u0107 \u015brodki maj\u0105ce na celu usprawnienie wej\u015bcia w \u017cycie ETS2, i wzywa Komisj\u0119 do przedstawienia przegl\u0105du ram wdra\u017cania ETS2, obejmuj\u0105cego wszystkie istotne aspekty&#8221;.<\/p>\n<p class=\"article_p\" data-section=\"detail-body\">Szczyt unijnych przyw\u00f3dc\u00f3w ma te\u017c poruszy\u0107 temat zakazu sprzeda\u017cy samochod\u00f3w spalinowych w UE od 2035 r.<\/p>\n<p class=\"article_p\" data-section=\"detail-body\">Dla polskiej opinii publicznej kluczowa b\u0119dzie skuteczno\u015b\u0107 rz\u0105du Donalda Tuska w sprawie ETS 2. Nowa op\u0142ata od ogrzewania dom\u00f3w i aut spalinowych wywo\u0142uje obawy spo\u0142ecze\u0144stwa i budzi emocje w\u015br\u00f3d polityk\u00f3w, kt\u00f3rzy przerzucaj\u0105 si\u0119 odpowiedzialno\u015bci\u0105 w tej sprawie.  Dzi\u015b brak podstaw do tego, by liczy\u0107 na zaniechanie przez wsp\u00f3lnot\u0119 wprowadzenia tej op\u0142aty. W tej sytuacji realnym scenariuszem jest to, \u017ce Polska jednostronnie nie wprowadzi ETS 2 od 2027 r. i b\u0119dzie p\u0142aci\u0107 kary. Jest to tym bardziej prawdopodobne, \u017ce jesieni\u0105 2027 r. maj\u0105 odby\u0107 si\u0119 wybory do parlamentu.<\/p>\n","protected":false},"excerpt":{"rendered":"Na szczycie unijnych przyw\u00f3dc\u00f3w Polsk\u0119 reprezentuje premier Donald Tusk. O godz. 10.30 planowane jest spotkanie cz\u0142onk\u00f3w Rady Europejskiej&hellip;\n","protected":false},"author":2,"featured_media":63947,"comment_status":"","ping_status":"","sticky":false,"template":"","format":"standard","meta":{"footnotes":""},"categories":[14],"tags":[32,33,27,34,35,28,31,25,40,41,80,29,30,26,82,83,84],"class_list":{"0":"post-63946","1":"post","2":"type-post","3":"status-publish","4":"format-standard","5":"has-post-thumbnail","7":"category-swiat","8":"tag-breaking-news","9":"tag-breakingnews","10":"tag-headlines","11":"tag-latest-news","12":"tag-latestnews","13":"tag-naglowki","14":"tag-najwazniejsze-artykuly","15":"tag-news","16":"tag-polish","17":"tag-polski","18":"tag-swiat","19":"tag-top-stories","20":"tag-topstories","21":"tag-wiadomosci","22":"tag-world","23":"tag-world-news","24":"tag-worldnews"},"share_on_mastodon":{"url":"https:\/\/pubeurope.com\/@pl\/115422481968107705","error":""},"_links":{"self":[{"href":"https:\/\/www.europesays.com\/pl\/wp-json\/wp\/v2\/posts\/63946","targetHints":{"allow":["GET"]}}],"collection":[{"href":"https:\/\/www.europesays.com\/pl\/wp-json\/wp\/v2\/posts"}],"about":[{"href":"https:\/\/www.europesays.com\/pl\/wp-json\/wp\/v2\/types\/post"}],"author":[{"embeddable":true,"href":"https:\/\/www.europesays.com\/pl\/wp-json\/wp\/v2\/users\/2"}],"replies":[{"embeddable":true,"href":"https:\/\/www.europesays.com\/pl\/wp-json\/wp\/v2\/comments?post=63946"}],"version-history":[{"count":0,"href":"https:\/\/www.europesays.com\/pl\/wp-json\/wp\/v2\/posts\/63946\/revisions"}],"wp:featuredmedia":[{"embeddable":true,"href":"https:\/\/www.europesays.com\/pl\/wp-json\/wp\/v2\/media\/63947"}],"wp:attachment":[{"href":"https:\/\/www.europesays.com\/pl\/wp-json\/wp\/v2\/media?parent=63946"}],"wp:term":[{"taxonomy":"category","embeddable":true,"href":"https:\/\/www.europesays.com\/pl\/wp-json\/wp\/v2\/categories?post=63946"},{"taxonomy":"post_tag","embeddable":true,"href":"https:\/\/www.europesays.com\/pl\/wp-json\/wp\/v2\/tags?post=63946"}],"curies":[{"name":"wp","href":"https:\/\/api.w.org\/{rel}","templated":true}]}}