{"id":63948,"date":"2025-10-23T08:14:10","date_gmt":"2025-10-23T08:14:10","guid":{"rendered":"https:\/\/www.europesays.com\/pl\/63948\/"},"modified":"2025-10-23T08:14:10","modified_gmt":"2025-10-23T08:14:10","slug":"partia-znika-ze-sceny-po-10-latach-stanie-sie-czescia-ko","status":"publish","type":"post","link":"https:\/\/www.europesays.com\/pl\/63948\/","title":{"rendered":"Partia znika ze sceny po 10 latach. Stanie si\u0119 cz\u0119\u015bci\u0105 KO"},"content":{"rendered":"<p class=\"ods-c-paragraph \">Sekretarz generalny partii S\u0142awomir Potapowicz, kt\u00f3ry w zesz\u0142ym tygodniu potwierdzi\u0142 zwo\u0142anie konwencji krajowej Nowoczesnej na ten pi\u0105tek, podkre\u015bli\u0142, \u017ce podczas obrad przedstawiony b\u0119dzie projekt uchwa\u0142y o samorozwi\u0105zaniu Nowoczesnej. Przekaza\u0142 te\u017c, \u017ce pozytywne rozpatrzenie projektu b\u0119dzie &#8222;przyczynkiem do wsp\u00f3lnych dzia\u0142a\u0144 w ramach bloku partii Inicjatywa Polska, Platforma Obywatelska i Nowoczesna&#8221;.<\/p>\n<p>Dalszy ci\u0105g artyku\u0142u pod materia\u0142em wideo<\/p>\n<p> Kiedy odb\u0119dzie si\u0119 konwencja krajowa Nowoczesnej? <\/p>\n<p> Jakie d\u0142ugi ma Nowoczesna? <\/p>\n<p> Kto przewodniczy Nowoczesnej? <\/p>\n<p> Co si\u0119 stanie z cz\u0142onkami Nowoczesnej po jej rozwi\u0105zaniu? <\/p>\n<p class=\"ods-c-paragraph \">Zgodnie ze statutem partii, uchwa\u0142\u0119 w sprawie rozwi\u0105zania konwencja podejmuje bezwzgl\u0119dn\u0105 wi\u0119kszo\u015bci\u0105 obecnych cz\u0142onk\u00f3w w obecno\u015bci co najmniej po\u0142owy uprawnionych do g\u0142osowania.<\/p>\n<p class=\"ods-c-paragraph \">Decyzja jest ju\u017c jednak w zasadzie przes\u0105dzona, zw\u0142aszcza \u017ce dzie\u0144 p\u00f3\u017aniej, w sobot\u0119, zaplanowano konwencj\u0119 &#8222;zjednoczeniow\u0105&#8221;, podczas kt\u00f3rej zapadn\u0105 formalne decyzje w sprawie stworzenia nowego ugrupowania. Jego najbardziej prawdopodobn\u0105 nazw\u0105 jest Koalicja Obywatelska.<\/p>\n<p>   Po g\u0142osowaniu &#8222;partia przestanie istnie\u0107&#8221;<\/p>\n<p class=\"ods-c-paragraph \">Skarbnik Nowoczesnej Miros\u0142aw Pampuch powiedzia\u0142, \u017ce wniosek w sprawie rozwi\u0105zania Nowoczesnej z\u0142o\u017cy\u0142 zarz\u0105d partii, jednog\u0142o\u015bnie przyjmuj\u0105c projekt uchwa\u0142y w tej sprawie, kt\u00f3ry we wrze\u015bniu zosta\u0142 przekazany przewodnicz\u0105cemu, kt\u00f3rym jest obecny rzecznik rz\u0105du Adam Sz\u0142apka. \u2014 Przewodnicz\u0105cy podda ten projekt pod g\u0142osowanie w pi\u0105tek, podczas konwencji krajowej Nowoczesnej. W momencie, kiedy przeg\u0142osuje go odpowiednia wi\u0119kszo\u015b\u0107, partia przestanie istnie\u0107 \u2014 podkre\u015bli\u0142.<\/p>\n<p class=\"ods-c-paragraph \">Pampuch doda\u0142, \u017ce cz\u0142onkowie Nowoczesnej, kt\u00f3rzy z\u0142o\u017c\u0105 akces do nowej formacji, zostan\u0105 do niej przyj\u0119ci bez zwyczajowej procedury weryfikacyjnej, jednak nie s\u0105 do tego zobowi\u0105zani. \u2014 Ka\u017cdy b\u0119dzie podejmowa\u0142 indywidualn\u0105 decyzj\u0119 \u2014 podkre\u015bli\u0142. Z nieoficjalnych informacji PAP wynika, \u017ce o bardziej progresywnych dzia\u0142aczy, kt\u00f3rym nie podoba si\u0119 po\u0142\u0105czenie z Platform\u0105 Obywatelsk\u0105, zabiega\u0107 mog\u0105 Zieloni, kt\u00f3rzy wchodz\u0105 w sk\u0142ad klubu parlamentarnego KO, jednak nie dostali zaproszenia do wej\u015bcia do nowej partii.<\/p>\n<p class=\"ods-c-paragraph \">Potapowicz poinformowa\u0142, \u017ce pi\u0105tkowe wydarzenie b\u0119dzie mia\u0142o charakter zamkni\u0119ty. O ustaleniach partia ma poinformowa\u0107 w komunikacie. Dzie\u0144 p\u00f3\u017aniej, w sobot\u0119, wi\u0119kszo\u015b\u0107 dzia\u0142aczy Nowoczesnej ma pojawi\u0107 si\u0119 na konwencji krajowej PO, podczas kt\u00f3rej ma zosta\u0107 zmieniony statut partii i przedstawiona jej nowa nazwa.<\/p>\n<p class=\"ods-c-paragraph \">Rozwi\u0105zanie Nowoczesnej oznacza, \u017ce konieczne b\u0119dzie powo\u0142anie likwidatora. \u2014 To w\u0142a\u015bnie likwidator, kt\u00f3ry b\u0119dzie osob\u0105 z zewn\u0105trz, spoza partii, zajmie si\u0119 ju\u017c doprowadzeniem procesu rozwi\u0105zania partii do ko\u0144ca \u2014 powiedzia\u0142 Pampuch.<\/p>\n<p class=\"ods-c-paragraph \">\u2014 To on b\u0119dzie sk\u0142ada\u0142 wniosek o wykre\u015blenie Nowoczesnej z rejestru partii politycznych. To r\u00f3wnie\u017c on b\u0119dzie zajmowa\u0142 si\u0119 kwesti\u0105 zobowi\u0105za\u0144 finansowych: ustali ich zakres, b\u0119dzie odpowiednie og\u0142oszenie, wierzyciele b\u0119d\u0105 mogli si\u0119 zg\u0142asza\u0107. Na tyle, na ile starczy maj\u0105tku partii, zobowi\u0105zania zostan\u0105 uregulowane przez likwidatora \u2014 doda\u0142.<\/p>\n<p>   10 lat Nowoczesnej. Takie by\u0142y pocz\u0105tki partii<\/p>\n<p class=\"ods-c-paragraph \">Kongres za\u0142o\u017cycielski Stowarzyszenia NowoczesnaPL zorganizowano w Warszawie 31 maja 2015 r., za\u015b 25 sierpnia 2015 r. zarejestrowana zosta\u0142a partia o nazwie Nowoczesna Ryszarda Petru, kt\u00f3ra w wyborach parlamentarnych w tamtym roku zdoby\u0142a 7,6 proc. g\u0142os\u00f3w. Przewodnicz\u0105cym Nowoczesnej by\u0142 w\u00f3wczas Petru, a jego zast\u0119pczyniami m.in. Joanna Schmidt i Katarzyna Lubnauer.<\/p>\n<p class=\"ods-c-paragraph \">Po pocz\u0105tkowych sukcesach (na pocz\u0105tku 2016 r. niekt\u00f3re sonda\u017ce dawa\u0142y jej nawet ok. 30 proc. poparcia) Nowoczesna zacz\u0119\u0142a stopniowo s\u0142abn\u0105\u0107. <a href=\"https:\/\/wiadomosci.onet.pl\/kraj\/polityka-w-nowoczesnej-narasta-bunt-wobec-petru\/4qej8vz\" id=\"b7e92d84-760f-449e-97a1-1377a0ae3b70\" rel=\"nofollow noopener\" target=\"_blank\">Najwi\u0119kszy kryzys spowodowa\u0142 zagraniczny wyjazd Ryszarda Petru z Joann\u0105 Schmidt pod koniec grudniu 2016 r. w czasie, gdy w Sejmie trwa\u0142 protest opozycji, podczas kt\u00f3rego pos\u0142owie PO i Nowoczesnej nocowali na sali obrad. <\/a>W listopadzie 2017 r. Petru straci\u0142 funkcj\u0119 szefa Nowoczesnej na rzecz Katarzyny Lubnauer, kt\u00f3ra po dw\u00f3ch latach zrezygnowa\u0142a z kierowania ugrupowaniem, a w 2019 r. nowym przewodnicz\u0105cym zosta\u0142 Adam Sz\u0142apka.<\/p>\n<p class=\"ods-c-paragraph \">W wyborach samorz\u0105dowych w 2018 r. Platforma Obywatelska stworzy\u0142a wraz z Nowoczesn\u0105 wsp\u00f3lny komitet wyborczy. W wyborach parlamentarnych w 2019 r. oraz 2023 r. komitet wyborczy Koalicja Obywatelska zosta\u0142 poszerzony o Inicjatyw\u0119 Polska oraz Zielonych. Te cztery ugrupowania tworz\u0105 obecnie wsp\u00f3lny klub parlamentarny.<\/p>\n","protected":false},"excerpt":{"rendered":"Sekretarz generalny partii S\u0142awomir Potapowicz, kt\u00f3ry w zesz\u0142ym tygodniu potwierdzi\u0142 zwo\u0142anie konwencji krajowej Nowoczesnej na ten pi\u0105tek, podkre\u015bli\u0142,&hellip;\n","protected":false},"author":2,"featured_media":63949,"comment_status":"","ping_status":"","sticky":false,"template":"","format":"standard","meta":{"footnotes":""},"categories":[12],"tags":[2063,32,33,36,37,27,7210,49,34,35,28,31,48,25,15300,46,4887,42,8926,38,40,39,41,6024,47,29,30,26],"class_list":{"0":"post-63948","1":"post","2":"type-post","3":"status-publish","4":"format-standard","5":"has-post-thumbnail","7":"category-polska","8":"tag-adam_szlapka","9":"tag-breaking-news","10":"tag-breakingnews","11":"tag-featured-news","12":"tag-featurednews","13":"tag-headlines","14":"tag-koalicja_obywatelska","15":"tag-kraj","16":"tag-latest-news","17":"tag-latestnews","18":"tag-naglowki","19":"tag-najwazniejsze-artykuly","20":"tag-nat_styl","21":"tag-news","22":"tag-nowoczesna","23":"tag-omp","24":"tag-perso_tst1","25":"tag-pl","26":"tag-platforma_obywatelska","27":"tag-poland","28":"tag-polish","29":"tag-polska","30":"tag-polski","31":"tag-ryszard_petru","32":"tag-screening_general","33":"tag-top-stories","34":"tag-topstories","35":"tag-wiadomosci"},"share_on_mastodon":{"url":"https:\/\/pubeurope.com\/@pl\/115422485929147372","error":""},"_links":{"self":[{"href":"https:\/\/www.europesays.com\/pl\/wp-json\/wp\/v2\/posts\/63948","targetHints":{"allow":["GET"]}}],"collection":[{"href":"https:\/\/www.europesays.com\/pl\/wp-json\/wp\/v2\/posts"}],"about":[{"href":"https:\/\/www.europesays.com\/pl\/wp-json\/wp\/v2\/types\/post"}],"author":[{"embeddable":true,"href":"https:\/\/www.europesays.com\/pl\/wp-json\/wp\/v2\/users\/2"}],"replies":[{"embeddable":true,"href":"https:\/\/www.europesays.com\/pl\/wp-json\/wp\/v2\/comments?post=63948"}],"version-history":[{"count":0,"href":"https:\/\/www.europesays.com\/pl\/wp-json\/wp\/v2\/posts\/63948\/revisions"}],"wp:featuredmedia":[{"embeddable":true,"href":"https:\/\/www.europesays.com\/pl\/wp-json\/wp\/v2\/media\/63949"}],"wp:attachment":[{"href":"https:\/\/www.europesays.com\/pl\/wp-json\/wp\/v2\/media?parent=63948"}],"wp:term":[{"taxonomy":"category","embeddable":true,"href":"https:\/\/www.europesays.com\/pl\/wp-json\/wp\/v2\/categories?post=63948"},{"taxonomy":"post_tag","embeddable":true,"href":"https:\/\/www.europesays.com\/pl\/wp-json\/wp\/v2\/tags?post=63948"}],"curies":[{"name":"wp","href":"https:\/\/api.w.org\/{rel}","templated":true}]}}