{"id":63952,"date":"2025-10-23T08:16:08","date_gmt":"2025-10-23T08:16:08","guid":{"rendered":"https:\/\/www.europesays.com\/pl\/63952\/"},"modified":"2025-10-23T08:16:08","modified_gmt":"2025-10-23T08:16:08","slug":"przy-tym-sprawa-edwarda-iordanescu-to-nic-drugie-dno-chaos-w-legii-warszawa","status":"publish","type":"post","link":"https:\/\/www.europesays.com\/pl\/63952\/","title":{"rendered":"Przy tym sprawa Edwarda Iordanescu to nic. Drugie dno. Chaos w Legii Warszawa"},"content":{"rendered":"<p>W Warszawie nie dzieje si\u0119 ostatnio za dobrze. W legijnych gabinetach po pora\u017cce 1:3 z Zag\u0142\u0119biem Lubin zapanowa\u0142 ogromny chaos. Do medi\u00f3w nap\u0142ywa\u0142y sprzeczne informacje, bo z jednej zapewniano, \u017ce Edward Iordanescu mo\u017ce by\u0107 na razie spokojny o swoj\u0105 posad\u0119, a z drugiej, \u017ce Rumun poda\u0142 si\u0119 do dymisji.<\/p>\n<p class=\"VideoPlayerText_videoPlayerText__zrtJk\">Dalszy ci\u0105g materia\u0142u pod wideo<\/p>\n<p>Ostatecznie Iordanescu w Legii (przynajmniej na razie) zostaje i przygotowuje zesp\u00f3\u0142 do spotka\u0144 z Szachtarem Donieck w Lidze Konferencji i Lechem Pozna\u0144 w PKO BP Ekstraklasie. Jednak wyniki dru\u017cyny wed\u0142ug Piotra Wo\u0142osika, to niejedyny problem, o czym opowiedzia\u0142 w &#8222;Ofensywnych&#8221;.<\/p>\n<p class=\"Paragraph_desktopParagraph__Fd2e9\">\u2014 Rozmawia\u0142em z cz\u0142owiekiem, kt\u00f3ry jest blisko Legii i on mi wskaza\u0142 jedn\u0105 rzecz, \u017ce tam nie ma chemii w\u015br\u00f3d zarz\u0105dzaj\u0105cych klubem. To nie jest tak, kiedy Legi\u0105 rz\u0105dzili Le\u015bnodorski, Mioduski i Wandzel. Wtedy rzeczywi\u015bcie do samego ko\u0144ca ten w\u00f3zek by\u0142 pchany w jednym kierunku \u2014 stwierdzi\u0142 Wo\u0142osik.<\/p>\n<p class=\"Paragraph_desktopParagraph__Fd2e9\">\u2014 To jest ca\u0142y dw\u00f3r i jednocze\u015bnie klub najtrudniejszy do zarz\u0105dzania. Jest on ogromny i z ca\u0142ym szacunkiem do Jagiellonii, to na Podlasiu m\u00f3wi si\u0119, \u017ce pracuje 15 os\u00f3b, a w Warszawie liczone jest to w setkach. Jag\u0119 mo\u017cna nazwa\u0107 firm\u0105 rodzinn\u0105, a Legi\u0119 korporacj\u0105 \u2014 oznajmi\u0142 \u2014 Jestem przera\u017cony, tam s\u0105 frakcje. Legia zn\u00f3w jest podzielona \u2014 doda\u0142 \u0141ukasz Olkowicz.<\/p>\n<p>Gigantyczne zamieszanie w Legii<\/p>\n<p class=\"Paragraph_desktopParagraph__Fd2e9\">Ogromne zamieszanie na szczycie Legii wida\u0107 by\u0142o w\u0142a\u015bnie po starciu z Zag\u0142\u0119biem. W poniedzia\u0142ek rano pi\u0142karze spotkali si\u0119 z Micha\u0142em \u017bew\u0142akowem i Fredim Bobiciem, kt\u00f3rzy przerzucili troch\u0119 odpowiedzialno\u015bci na pi\u0142karzy, lecz ci dowiadywali si\u0119 z r\u00f3\u017cnych stron, \u017ce Iordanescu pod koniec dnia i tak w klubie ju\u017c mo\u017ce nie by\u0107, bo prezes Mioduski nie jest zadowolony z efekt\u00f3w pracy Rumuna.<\/p>\n<p class=\"Paragraph_desktopParagraph__Fd2e9\">\u2014 W mi\u0119dzyczasie pi\u0142karze s\u0142ysz\u0105, \u017ce Iordanescu jeszcze jest, ale mo\u017ce go nie by\u0107, a za chwil\u0119 mecz z Szachtarem Donieck i wieczorem odbywa\u0142 si\u0119 jeszcze zarz\u0105d klubu, gdzie wszystko mog\u0142o si\u0119 wydarzy\u0107. Z tego, co s\u0142ysza\u0142em, to prezes Mioduski nie jest zadowolony z r\u00f3\u017cnych zachowa\u0144 trenera i tego jak Legia gra \u2014 przyzna\u0142 Olkowicz.<\/p>\n<p>W Warszawie ju\u017c to kiedy\u015b grali<\/p>\n<p class=\"Paragraph_desktopParagraph__Fd2e9\">Dziennikarze wr\u00f3cili wspomnieniami do pierwszej przygody \u017bew\u0142akowa w roli dyrektora sportowego Legii. \u015aci\u0105gn\u0105\u0142 w sezonie 2016\/17 Besnika Hasiego, kt\u00f3ry da\u0142 upragniony awans do fazy grupowej Ligi Mistrz\u00f3w, lecz na innych polach kompletnie zawodzi\u0142. W Legii szybko przyznano si\u0119 do b\u0142\u0119d\u00f3w, pozbyto si\u0119 Alba\u0144czyka i uratowano sezon zatrudnieniem Jacka Magiery. Teraz jest inaczej.<\/p>\n<p class=\"Paragraph_desktopParagraph__Fd2e9\">\u2014 Legia okopa\u0142a si\u0119 i nie chce przyzna\u0107 si\u0119 do b\u0142\u0119du, cho\u0107 wszyscy dooko\u0142a widz\u0105, \u017ce powinna reagowa\u0107. Przypomn\u0119 Micha\u0142owi \u017bew\u0142akowowi, \u017ce Besnik Hasi, to te\u017c by\u0142 jego pomys\u0142 i klub szybko przyzna\u0142 si\u0119 do b\u0142\u0119du \u2014 podkre\u015bli\u0142 Olkowicz. \u2014 Pytanie jak Legia szuka\u0142a trenera i pytanie, jak robi\u0142a transfery i kto je robi\u0142. Mnie daje do my\u015blenia to, \u017ce wykradzenie Colaka z G\u00f3rnika, to \u017bew\u0142akow w tym nie uczestniczy\u0142. By\u0142 nawet zaskoczony, \u017ce taki pi\u0142karz trafia do Legii. Nie wiem, jak te transfery by\u0142y robione. Wydaje mi si\u0119, \u017ce latem by\u0142o sporo chaosu i tu prawd\u0105 jest, \u017ce ryba psuje si\u0119 od g\u0142owy \u2014 zwr\u00f3ci\u0142 uwag\u0119.<\/p>\n<p class=\"Paragraph_desktopParagraph__Fd2e9\">Przed Legi\u0105 trudne klika dni. Ju\u017c w czwartek o godz. 18.45 zmierzy si\u0119 w Lidze Konferencji z Szachtarem Donieck, a w niedziel\u0119 26 pa\u017adziernika o godz. 20.15 zagra u siebie z Lechem Pozna\u0144. Relacje z obu tych star\u0107 b\u0119dzie mo\u017cna \u015bledzi\u0107 na stronie Przegl\u0105du Sportowego Onet.<\/p>\n","protected":false},"excerpt":{"rendered":"W Warszawie nie dzieje si\u0119 ostatnio za dobrze. W legijnych gabinetach po pora\u017cce 1:3 z Zag\u0142\u0119biem Lubin zapanowa\u0142&hellip;\n","protected":false},"author":2,"featured_media":63953,"comment_status":"","ping_status":"","sticky":false,"template":"","format":"standard","meta":{"footnotes":""},"categories":[24],"tags":[3105,274,304,67,2563,3911,2475,42,38,40,39,41,136,10977,128,47,127,135,126,130],"class_list":{"0":"post-63952","1":"post","2":"type-post","3":"status-publish","4":"format-standard","5":"has-post-thumbnail","7":"category-sport","8":"tag-edward_iordanescu","9":"tag-ekstraklasa","10":"tag-eres","11":"tag-intextvideo_splayer","12":"tag-legia_warszawa","13":"tag-michal_zewlakow","14":"tag-pko_ekstraklasa","15":"tag-pl","16":"tag-poland","17":"tag-polish","18":"tag-polska","19":"tag-polski","20":"tag-ps_detal_new","21":"tag-ps_sts_tst0","22":"tag-psv2","23":"tag-screening_general","24":"tag-sport","25":"tag-sport_sport","26":"tag-sports","27":"tag-wiadomosci_sportowe"},"share_on_mastodon":{"url":"https:\/\/pubeurope.com\/@pl\/115422493864542645","error":""},"_links":{"self":[{"href":"https:\/\/www.europesays.com\/pl\/wp-json\/wp\/v2\/posts\/63952","targetHints":{"allow":["GET"]}}],"collection":[{"href":"https:\/\/www.europesays.com\/pl\/wp-json\/wp\/v2\/posts"}],"about":[{"href":"https:\/\/www.europesays.com\/pl\/wp-json\/wp\/v2\/types\/post"}],"author":[{"embeddable":true,"href":"https:\/\/www.europesays.com\/pl\/wp-json\/wp\/v2\/users\/2"}],"replies":[{"embeddable":true,"href":"https:\/\/www.europesays.com\/pl\/wp-json\/wp\/v2\/comments?post=63952"}],"version-history":[{"count":0,"href":"https:\/\/www.europesays.com\/pl\/wp-json\/wp\/v2\/posts\/63952\/revisions"}],"wp:featuredmedia":[{"embeddable":true,"href":"https:\/\/www.europesays.com\/pl\/wp-json\/wp\/v2\/media\/63953"}],"wp:attachment":[{"href":"https:\/\/www.europesays.com\/pl\/wp-json\/wp\/v2\/media?parent=63952"}],"wp:term":[{"taxonomy":"category","embeddable":true,"href":"https:\/\/www.europesays.com\/pl\/wp-json\/wp\/v2\/categories?post=63952"},{"taxonomy":"post_tag","embeddable":true,"href":"https:\/\/www.europesays.com\/pl\/wp-json\/wp\/v2\/tags?post=63952"}],"curies":[{"name":"wp","href":"https:\/\/api.w.org\/{rel}","templated":true}]}}