{"id":639537,"date":"2026-08-22T15:55:08","date_gmt":"2026-08-22T15:55:08","guid":{"rendered":"https:\/\/www.europesays.com\/pl\/639537\/"},"modified":"2026-08-22T15:55:08","modified_gmt":"2026-08-22T15:55:08","slug":"donald-tusk-oglasza-zmiany-w-podatkach-postanowilismy-ulzyc-klasie-sredniej","status":"publish","type":"post","link":"https:\/\/www.europesays.com\/pl\/639537\/","title":{"rendered":"Donald Tusk og\u0142asza zmiany w podatkach. &#8222;Postanowili\u015bmy ul\u017cy\u0107 klasie \u015bredniej&#8221;"},"content":{"rendered":"<p>Szef rz\u0105du na konferencji prasowej poinformowa\u0142 o podniesieniu progu podatkowego ze 120 do 130 tys. z\u0142. Ponadto osoby, kt\u00f3re zarobi\u0105 mi\u0119dzy 130 tys. z\u0142 a 150 tys. z\u0142 rocznie, zap\u0142ac\u0105 stawk\u0119 podatkow\u0105 24 proc., a nie najwy\u017csz\u0105 \u2014 32-proc.<\/p>\n<p>Dalszy ci\u0105g artyku\u0142u pod materia\u0142em wideo<\/p>\n<p>Kolejna zmiana to podwy\u017cszenie stawki CIT z 19 do 22 proc. dla podmiot\u00f3w uzyskuj\u0105cych przychody ponad 50 mln euro, czyli 200 mln z\u0142. Rz\u0105d zwi\u0119kszy te\u017c o 1 pkt proc. \u2014 do 5 proc. \u2014 danin\u0119 solidarno\u015bciow\u0105 od tych, kt\u00f3rzy zarabiaj\u0105 ponad 1 mln z\u0142 rocznie.<\/p>\n<p>Tusk o zmianach w podatkach. &#8222;Chcemy zr\u00f3wnowa\u017cy\u0107 wysi\u0142ek finansowy&#8221;<\/p>\n<p>\u2014 Postanowili\u015bmy z ministrem Andrzejem Doma\u0144skim, aby w dw\u00f3ch wymiarach ul\u017cy\u0107 rosn\u0105cej klasie \u015bredniej \u2014 powiedzia\u0142 premier. \u2014 Zmiany, jakie proponujemy, oznaczaj\u0105 wielomiliardowe potrzeby \u2014 doda\u0142.<\/p>\n<p>Na zmianach ma skorzysta\u0107 3,5 mln podatnik\u00f3w, a roczna korzy\u015b\u0107 dla podatnika mo\u017ce wynie\u015b\u0107 do 3,6 tys. z\u0142.<\/p>\n<p>Szef rz\u0105du wyrazi\u0142 nadziej\u0119, \u017ce system podatkowy b\u0119dzie teraz &#8222;sprawiedliwszy&#8221;. \u2014 To na barkach klasy \u015bredniej spoczywa finansowanie bezpiecze\u0144stwa pa\u0144stwa, du\u017cych wydatk\u00f3w na obron\u0119 etc. Chcemy zr\u00f3wnowa\u017cy\u0107 wysi\u0142ek finansowy wszystkich obywateli i obci\u0105\u017cy\u0107 troch\u0119 najbogatszych i najbogatsze firmy \u2014 wyja\u015bnia\u0142 Donald Tusk.<\/p>\n<p>Polityk odni\u00f3s\u0142 si\u0119 te\u017c do faktu, \u017ce prezydent Karol Nawrocki mo\u017ce zawetowa\u0107 ustaw\u0119 wprowadzaj\u0105c\u0105 zmiany. \u2014 Pytanie o ewentualne weto prezydenta jest zasadne. Oczywi\u015bcie bardzo trudno podejmuje si\u0119 decyzje rz\u0105dowe, kt\u00f3re maj\u0105 na celu zmieni\u0107 prawo wtedy, kiedy gdzie\u015b tam za rogiem czai si\u0119 prezydent z d\u0142ugopisem i z gro\u017ab\u0105 weta, a jak wiemy, prezydent Nawrocki jest absolutnym rekordzist\u0105 w tej sprawie, my\u015bl\u0119, \u017ce nie tylko w skali naszego kraju \u2014 stwierdzi\u0142 Tusk.<\/p>\n","protected":false},"excerpt":{"rendered":"Szef rz\u0105du na konferencji prasowej poinformowa\u0142 o podniesieniu progu podatkowego ze 120 do 130 tys. z\u0142. Ponadto osoby,&hellip;\n","protected":false},"author":2,"featured_media":639538,"comment_status":"","ping_status":"","sticky":false,"template":"","format":"standard","meta":{"footnotes":"","_share_on_mastodon":"0"},"categories":[62713],"tags":[5483,61195,1345,212,49,7495,48,46,10910,6703,47],"class_list":["post-639537","post","type-post","status-publish","format-standard","has-post-thumbnail","category-donald-tusk","tag-andrzej_domanski","tag-bottomfeed_styl","tag-donald-tusk","tag-donald_tusk","tag-kraj","tag-ministerstwo_finansow","tag-nat_styl","tag-omp","tag-pit","tag-podatki_vat","tag-screening_general"],"share_on_mastodon":{"url":"https:\/\/pubeurope.com\/@pl\/117139978700358421","error":""},"_links":{"self":[{"href":"https:\/\/www.europesays.com\/pl\/wp-json\/wp\/v2\/posts\/639537","targetHints":{"allow":["GET"]}}],"collection":[{"href":"https:\/\/www.europesays.com\/pl\/wp-json\/wp\/v2\/posts"}],"about":[{"href":"https:\/\/www.europesays.com\/pl\/wp-json\/wp\/v2\/types\/post"}],"author":[{"embeddable":true,"href":"https:\/\/www.europesays.com\/pl\/wp-json\/wp\/v2\/users\/2"}],"replies":[{"embeddable":true,"href":"https:\/\/www.europesays.com\/pl\/wp-json\/wp\/v2\/comments?post=639537"}],"version-history":[{"count":0,"href":"https:\/\/www.europesays.com\/pl\/wp-json\/wp\/v2\/posts\/639537\/revisions"}],"wp:featuredmedia":[{"embeddable":true,"href":"https:\/\/www.europesays.com\/pl\/wp-json\/wp\/v2\/media\/639538"}],"wp:attachment":[{"href":"https:\/\/www.europesays.com\/pl\/wp-json\/wp\/v2\/media?parent=639537"}],"wp:term":[{"taxonomy":"category","embeddable":true,"href":"https:\/\/www.europesays.com\/pl\/wp-json\/wp\/v2\/categories?post=639537"},{"taxonomy":"post_tag","embeddable":true,"href":"https:\/\/www.europesays.com\/pl\/wp-json\/wp\/v2\/tags?post=639537"}],"curies":[{"name":"wp","href":"https:\/\/api.w.org\/{rel}","templated":true}]}}