{"id":63954,"date":"2025-10-23T08:17:09","date_gmt":"2025-10-23T08:17:09","guid":{"rendered":"https:\/\/www.europesays.com\/pl\/63954\/"},"modified":"2025-10-23T08:17:09","modified_gmt":"2025-10-23T08:17:09","slug":"wstrzasajace-wyznanie-haliny-mlynkovej-o-przemocy-domowej-to-dzialo-sie-za-zamknietymi-drzwiami","status":"publish","type":"post","link":"https:\/\/www.europesays.com\/pl\/63954\/","title":{"rendered":"Wstrz\u0105saj\u0105ce wyznanie Haliny Mlynkovej o przemocy domowej. To dzia\u0142o si\u0119 za zamkni\u0119tymi drzwiami"},"content":{"rendered":"<p class=\"Paragraph_desktopParagraph__U31Gm\"><a href=\"https:\/\/plejada.pl\/halina-mlynkova-piosenkarka\" id=\"ec0530b0-cc3a-408e-a8dc-544394182887\" rel=\"nofollow noopener\" target=\"_blank\">Halina Mlynkova<\/a> zyska\u0142a rozg\u0142os jako wokalistka grupy Brathanki, z kt\u00f3r\u0105 nagra\u0142a takie hity, jak &#8222;Czerwone korale&#8221; czy &#8222;Gdzie ten, kt\u00f3ry powie mi&#8221;. Po odej\u015bciu z zespo\u0142u w 2003 r. polsko-czeska artystka skupi\u0142a si\u0119 na rozwijaniu solowej kariery. Cho\u0107 wyda\u0142a kilka album\u00f3w, \u017caden z nich nie dor\u00f3wna\u0142 popularno\u015bci\u0105 przebojom z okresu dzia\u0142alno\u015bci w Brathankach. W \u017cyciu prywatnym piosenkarka r\u00f3wnie\u017c nie mia\u0142a \u0142atwo \u2014 ma za sob\u0105 dwa rozwody.<\/p>\n<p class=\"Paragraph_desktopParagraph__U31Gm\">Artystka w 2003 r. wysz\u0142a za aktora <a href=\"https:\/\/plejada.pl\/lukasz-nowicki\" id=\"75f18c69-7376-41a5-b978-0bffbb6c924d\" rel=\"nofollow noopener\" target=\"_blank\">\u0141ukasza Nowickiego<\/a>, z kt\u00f3rym ma syna Piotra. Ze wzgl\u0119du na wyznanie ewangelickie, kt\u00f3re deklaruje artystka, Nowicki zmieni\u0142 dla niej wiar\u0119, mimo tego zwi\u0105zek celebryt\u00f3w rozpad\u0142 si\u0119 w 2012 r. Trzy lata p\u00f3\u017aniej odby\u0142 si\u0119 \u015blub Mlynkovej z czeskim producentem muzycznym Leszkiem Wronk\u0105, o kt\u00f3rym wokalistka zespo\u0142u Brathanki do tej pory nie wypowiada\u0142a si\u0119 zbyt cz\u0119sto. W najnowszym wywiadzie piosenkarka przywo\u0142a\u0142a bolesne wspomnienia zwi\u0105zane z by\u0142ym m\u0119\u017cem.<\/p>\n<ul class=\"OchatFollowUps_wrapper__1ry7X\">\n<li class=\"OchatFollowUps_item__Dhyly OchatFollowUps_itemDesktop__R6aBv\">Co Halina Mlynkova ujawni\u0142a o swoim ma\u0142\u017ce\u0144stwie?<\/li>\n<li class=\"OchatFollowUps_item__Dhyly OchatFollowUps_itemDesktop__R6aBv\">Jakie trudno\u015bci prze\u017cywa\u0142a Halina Mlynkova?<\/li>\n<li class=\"OchatFollowUps_item__Dhyly OchatFollowUps_itemDesktop__R6aBv\">Kto by\u0142 m\u0119\u017cem Haliny Mlynkovej?<\/li>\n<li class=\"OchatFollowUps_item__Dhyly OchatFollowUps_itemDesktop__R6aBv\">Jakie wsparcie oferowane jest osobom w kryzysie psychicznym?<\/li>\n<\/ul>\n<p class=\"Paragraph_desktopParagraph__U31Gm\">Wokalistka wyzna\u0142a, \u017ce by\u0142a ofiar\u0105 przemocy.<\/p>\n<blockquote>\n<p class=\"Paragraph_desktopParagraph__U31Gm\">Poniewa\u017c mia\u0142am r\u00f3\u017cne my\u015bli. Ale jego osoba, i to, \u017ce musz\u0119 si\u0119 nim zaopiekowa\u0107, bo wiem, \u017ce tylko ja mog\u0119 si\u0119 nim zaopiekowa\u0107, to trzyma\u0142o mnie na takim poziomie, \u017ce &#8222;trzymaj si\u0119 dziewczyno&#8221;<\/p>\n<\/blockquote>\n<p class=\"Paragraph_desktopParagraph__U31Gm\">\u2014 stwierdzi\u0142a.<\/p>\n<p class=\"Paragraph_desktopParagraph__U31Gm\">Nast\u0119pnie Halina Mlynkova przyzna\u0142a, \u017ce by\u0142a wyzywana.<\/p>\n<blockquote>\n<p class=\"Paragraph_desktopParagraph__U31Gm\">Mia\u0142am [my\u015bli samob\u00f3jcze]. To by\u0142 straszny czas i bardzo samotny, gdzie udawa\u0142am przez ca\u0142y czas, \u017ce nic si\u0119 nie dzieje, bo oczywi\u015bcie zawsze u\u015bmiechni\u0119ta, a pami\u0119taj jeszcze, \u017ce w takich zwi\u0105zkach \u2014 o Jezu, zaczynam si\u0119 trz\u0105\u015b\u0107 \u2014 jest tak, \u017ce na zewn\u0105trz jeste\u015bmy kochanymi \u017conami \u2014 &#8222;Ta wspania\u0142a moja \u017cona&#8221;, a jak si\u0119 zamykaj\u0105 drzwi, to jeste\u015b k***\u0105<\/p>\n<\/blockquote>\n<p class=\"Paragraph_desktopParagraph__U31Gm\">\u2014 doda\u0142a gorzko w podca\u015bcie anywhere.pl.<\/p>\n<p class=\"Paragraph_desktopParagraph__U31Gm\">Polecamy: <a href=\"https:\/\/plejada.pl\/newsy\/halina-mlynkova-w-mocnym-wywiadzie-o-bylym-mezu-byla-ofiara-zdrad-i-przemocy\/d0tlgn9\" id=\"ea0692dd-ffc9-40d6-a8d2-1e3e08470c51\" rel=\"nofollow noopener\" target=\"_blank\">Halina Mlynkova w mocnym wywiadzie o by\u0142ym m\u0119\u017cu. By\u0142a ofiar\u0105 zdrad i przemocy<\/a><\/p>\n<p class=\"Paragraph_desktopParagraph__U31Gm\">Je\u015bli czujesz, \u017ce potrzebujesz pomocy, odczuwasz l\u0119k i smutek, masz my\u015bli samob\u00f3jcze \u2014 nie czekaj, zadzwo\u0144 pod jeden z numer\u00f3w pomocowych dost\u0119pnych bezp\u0142atnie i czynnych ca\u0142\u0105 dob\u0119, siedem dni w tygodniu:<\/p>\n<p class=\"Paragraph_desktopParagraph__U31Gm\">800 70 22 22 \u2014 Centrum Wsparcia dla Os\u00f3b Doros\u0142ych w Kryzysie Psychicznym<\/p>\n<p class=\"Paragraph_desktopParagraph__U31Gm\">800 12 12 12 \u2014 Wsparcie psychologiczne w sytuacji kryzysowej \u2014 infolinia dla dzieci, m\u0142odzie\u017cy i opiekun\u00f3w<\/p>\n<p class=\"Paragraph_desktopParagraph__U31Gm\">116 11 \u2014 Telefon Zaufania dla Dzieci i M\u0142odzie\u017cy<\/p>\n<p class=\"Paragraph_desktopParagraph__U31Gm\">112 \u2014 W razie bezpo\u015bredniego zagro\u017cenia \u017cycia lub zdrowia<\/p>\n<p class=\"Paragraph_desktopParagraph__U31Gm\">Dzi\u0119kujemy, \u017ce przeczyta\u0142a\u015b\/e\u015b nasz artyku\u0142 do ko\u0144ca. W serwisie Plejada.pl ka\u017cdego dnia piszemy o najwa\u017cniejszych wydarzeniach show-biznesowych. B\u0105d\u017a na bie\u017c\u0105co! <a rel=\"nofollow noopener\" href=\"https:\/\/news.google.com\/publications\/CAAiEF0PeAlb7W1llpV_mwV2rL4qFAgKIhBdD3gJW-1tZZaVf5sFdqy-?hl=pl&amp;gl=PL&amp;ceid=PL%3Apl\" id=\"d3928ac8-f38e-4bb1-8c72-028e402711a5\" target=\"_blank\">Obserwuj<\/a> Plejad\u0119 w Wiadomo\u015bciach Google. Odwied\u017a nas tak\u017ce na <a rel=\"nofollow noopener\" href=\"https:\/\/www.facebook.com\/plejadapl\" id=\"fee5ba24-7af6-4e79-aa6e-2fe624be6e97\" target=\"_blank\">Facebooku<\/a>, <a rel=\"nofollow noopener\" href=\"https:\/\/www.instagram.com\/plejadapl\/\" id=\"04b17c1f-f9b5-4f6b-9728-fbbcbe5159ae\" target=\"_blank\">Instagramie<\/a>, <a rel=\"nofollow noopener\" href=\"https:\/\/www.youtube.com\/c\/plejada\" id=\"39be76b3-5e4d-4c94-a81d-d70139e5c277\" target=\"_blank\">YouTubie<\/a> oraz <a rel=\"nofollow noopener\" href=\"https:\/\/www.tiktok.com\/@plejada_pl\" id=\"fd8aa828-9306-488a-ba32-8c948bab80e4\" target=\"_blank\">TikToku<\/a>.<\/p>\n<p class=\"Paragraph_desktopParagraph__U31Gm\">Chcesz podzieli\u0107 si\u0119 ciekawym newsem lub zaproponowa\u0107 temat? Skontaktuj si\u0119 z nami, pisz\u0105c maila na adres: plejada@redakcjaonet.pl.<\/p>\n<p><script async src=\"\/\/www.instagram.com\/embed.js\"><\/script><script async src=\"\/\/www.tiktok.com\/embed.js\"><\/script><\/p>\n","protected":false},"excerpt":{"rendered":"Halina Mlynkova zyska\u0142a rozg\u0142os jako wokalistka grupy Brathanki, z kt\u00f3r\u0105 nagra\u0142a takie hity, jak &#8222;Czerwone korale&#8221; czy &#8222;Gdzie&hellip;\n","protected":false},"author":2,"featured_media":63955,"comment_status":"","ping_status":"","sticky":false,"template":"","format":"standard","meta":{"footnotes":""},"categories":[22],"tags":[244,122,16363,67,261,53,52,68,51,55,42,38,40,39,41,123,47,65,50],"class_list":{"0":"post-63954","1":"post","2":"type-post","3":"status-publish","4":"format-standard","5":"has-post-thumbnail","7":"category-rozrywka","8":"tag-ctr_tst","9":"tag-entertainment","10":"tag-halina_mlynkova_piosenkarka","11":"tag-intextvideo_splayer","12":"tag-kultura","13":"tag-new_header","14":"tag-onet3","15":"tag-onet3d","16":"tag-onet3d_2i","17":"tag-phx","18":"tag-pl","19":"tag-poland","20":"tag-polish","21":"tag-polska","22":"tag-polski","23":"tag-rozrywka","24":"tag-screening_general","25":"tag-update_me","26":"tag-v2021"},"share_on_mastodon":{"url":"https:\/\/pubeurope.com\/@pl\/115422497533556335","error":""},"_links":{"self":[{"href":"https:\/\/www.europesays.com\/pl\/wp-json\/wp\/v2\/posts\/63954","targetHints":{"allow":["GET"]}}],"collection":[{"href":"https:\/\/www.europesays.com\/pl\/wp-json\/wp\/v2\/posts"}],"about":[{"href":"https:\/\/www.europesays.com\/pl\/wp-json\/wp\/v2\/types\/post"}],"author":[{"embeddable":true,"href":"https:\/\/www.europesays.com\/pl\/wp-json\/wp\/v2\/users\/2"}],"replies":[{"embeddable":true,"href":"https:\/\/www.europesays.com\/pl\/wp-json\/wp\/v2\/comments?post=63954"}],"version-history":[{"count":0,"href":"https:\/\/www.europesays.com\/pl\/wp-json\/wp\/v2\/posts\/63954\/revisions"}],"wp:featuredmedia":[{"embeddable":true,"href":"https:\/\/www.europesays.com\/pl\/wp-json\/wp\/v2\/media\/63955"}],"wp:attachment":[{"href":"https:\/\/www.europesays.com\/pl\/wp-json\/wp\/v2\/media?parent=63954"}],"wp:term":[{"taxonomy":"category","embeddable":true,"href":"https:\/\/www.europesays.com\/pl\/wp-json\/wp\/v2\/categories?post=63954"},{"taxonomy":"post_tag","embeddable":true,"href":"https:\/\/www.europesays.com\/pl\/wp-json\/wp\/v2\/tags?post=63954"}],"curies":[{"name":"wp","href":"https:\/\/api.w.org\/{rel}","templated":true}]}}