{"id":63956,"date":"2025-10-23T08:19:15","date_gmt":"2025-10-23T08:19:15","guid":{"rendered":"https:\/\/www.europesays.com\/pl\/63956\/"},"modified":"2025-10-23T08:19:15","modified_gmt":"2025-10-23T08:19:15","slug":"praca-w-amazon-przed-swietami-czeka-gigant-szuka-pracownikow-tymczasowych","status":"publish","type":"post","link":"https:\/\/www.europesays.com\/pl\/63956\/","title":{"rendered":"Praca w Amazon przed \u015bwi\u0119tami czeka. Gigant szuka pracownik\u00f3w tymczasowych"},"content":{"rendered":"<p class=\"typography ids-typeset-body ids-typeset-body--preset-large link paragraph ids-paragraph ids-paragraph--default\">Jak co roku ca\u0142y sektor handlu b\u0119dzie potrzebowa\u0142 wsparcia pracownik\u00f3w tymczasowych. Rekrutacj\u0119 uruchamia tak\u017ce Amazon, kt\u00f3ry do ko\u0144ca roku w swoich 11 centrach logistycznych chce zatrudni\u0107 8,5 tys. os\u00f3b.<\/p>\n<p>Amazon szuka pracownik\u00f3w przed \u015bwi\u0119tami. 8,5 tys. etat\u00f3w<\/p>\n<p class=\"typography ids-typeset-body ids-typeset-body--preset-large link paragraph ids-paragraph ids-paragraph--default\">Aktualna rekrutacja w <a href=\"https:\/\/biznes.interia.pl\/praca\/news-pracownicy-amazona-skarza-sie-na-warunki-pracy-firma-odpiera,nId,22424449\" target=\"_blank\" rel=\"nofollow noopener\">Amazon<\/a> dotyczy g\u0142\u00f3wnie pracy tymczasowej w jedenastu centrach logistyki e-commerce. Jak informuje Strefa Biznesu, firma chce zatrudni\u0107 8,5 tys. pracownik\u00f3w w ca\u0142ej Polsce,\u00a0z czego najwi\u0119cej w trzech lokalizacjach:<\/p>\n<ul class=\"typography ids-typeset-body ids-typeset-body--preset-large ids-list list-new ids-list--unordered ids-list--size-large \" datatype=\"disc\">\n<li class=\"ids-list-item\">\n<p>Bialany Wroc\u0142awskie &#8211; 2500 miejsc pracy,<\/p>\n<\/li>\n<li class=\"ids-list-item\">\n<p>Sady pod Poznaniem &#8211; 2300 miejsc pracy,<\/p>\n<\/li>\n<li class=\"ids-list-item\">\n<p>Gliwice &#8211; co najmniej 2600 miejsc pracy.<\/p>\n<\/li>\n<\/ul>\n<ul class=\"typography ids-typeset-body ids-typeset-body--preset-small ids-list list-new--article-list ids-list--unordered ids-list--size-small \" datatype=\"disc\">\n<li class=\"ids-list-item ids-list-item__content brief-list-item\"><a class=\"ids-undecorated-link link ids-link \" data-spons=\"false\" href=\"https:\/\/biznes.interia.pl\/podatki\/news-chca-podatku-od-nowych-pustostanow-partia-zaczela-zbierac-po,nId,22434226\" rel=\"nofollow noopener\" target=\"_blank\">Chc\u0105 podatku od nowych pustostan\u00f3w. Partia zacz\u0119\u0142a zbiera\u0107 podpisy<\/a><\/li>\n<li class=\"ids-list-item ids-list-item__content brief-list-item\"><a class=\"ids-undecorated-link link ids-link \" data-spons=\"false\" href=\"https:\/\/biznes.interia.pl\/praca\/news-zwolnienie-z-powodu-sily-wyzszej-pracownicy-dostaja-nawet-2,nId,22434096\" rel=\"nofollow noopener\" target=\"_blank\">Zwolnienie z powodu si\u0142y wy\u017cszej. Pracownicy dostaj\u0105 nawet 2 dni wolnego<\/a><\/li>\n<\/ul>\n<p class=\"typography ids-typeset-body ids-typeset-body--preset-large link paragraph ids-paragraph ids-paragraph--default\">Ameryka\u0144ski koncern nie ukrywa, \u017ce w trakcie rekrutacji korzysta\u0107 b\u0119dzie z agencji pracy tymczasowej, ale zapewnia, \u017ce ka\u017cdemu nowemu pracownikowi przys\u0142ugiwa\u0107 b\u0119d\u0105 dodatkowe benefity, np. polisa na \u017cycie, posi\u0142ki za 1 z\u0142 czy pakiet medyczny.<\/p>\n<p class=\"typography ids-typeset-body ids-typeset-body--preset-large link paragraph ids-paragraph ids-paragraph--default\">Na stronach Amazon widnieje wiele ofert dla pracownik\u00f3w magazynowych, m.in. we Wroc\u0142awiu, Katowicach, Poznaniu, Szczecinie i \u0141odzi.<\/p>\n<p>Ile mo\u017cna zarobi\u0107 w Amazon przed \u015bwi\u0119tami? Gigant oferuje 4-dniowy tydzie\u0144 pracy<\/p>\n<p class=\"typography ids-typeset-body ids-typeset-body--preset-large link paragraph ids-paragraph ids-paragraph--default\">Rekrutacja do Amazon nie wymaga z\u0142o\u017cenia CV. Firma proponuje aplikacj\u0119 przez wniosek online i kr\u00f3tk\u0105 rozmow\u0119 telefoniczn\u0105. Oferuje prac\u0119 w pe\u0142nym wymiarze godzin, jednak przez cztery dni w tygodniu\u00a0(cztery dni pracy, trzy dni wolnego) i w ramach systemu zmianowego &#8211; dzie\u0144 i noc.<\/p>\n<p class=\"typography ids-typeset-body ids-typeset-body--preset-large link paragraph ids-paragraph ids-paragraph--default\">Nowym pracownikom Amazon proponuje stawk\u0119 godzinow\u0105 w wysoko\u015bci 36,22 z\u0142 brutto za godzin\u0119. Jest to &#8222;suma podstawowej stawki godzinowej oraz premii specjalnej za frekwencj\u0119&#8221; &#8211; czytamy na stronach sieci. Ponadto pracownik mo\u017ce liczy\u0107 na <a href=\"https:\/\/biznes.interia.pl\/praca\/news-dodatek-za-prace-w-nocy-w-2025-roku-wyplata-bedzie-wyzsza,nId,7895540\" target=\"_blank\" rel=\"nofollow noopener\">dodatek za prac\u0119 w godzinach nocnych<\/a>.<\/p>\n<p class=\"typography ids-typeset-body ids-typeset-body--preset-large link paragraph ids-paragraph ids-paragraph--default\">Dodatkowo pracownicy mog\u0105 liczy\u0107 na nawet 2 tys. z\u0142 brutto \u015bwiadczenia specjalnego, kt\u00f3re b\u0119dzie przyznawane indywidualnie przez pracodawc\u0119.<\/p>\n<p>Praca w Amazon tak\u017ce dla os\u00f3b z niepe\u0142nosprawno\u015bciami<\/p>\n<p class=\"typography ids-typeset-body ids-typeset-body--preset-large link paragraph ids-paragraph ids-paragraph--default\">Firma deklaruje, \u017ce jest otwarta tak\u017ce na osoby z niepe\u0142nosprawno\u015bciami. &#8222;Amazon zaprasza osoby z niepe\u0142nosprawno\u015bciami do pe\u0142nego i r\u00f3wnego uczestnictwa w procesie rekrutacji oraz w pracy&#8221; &#8211; czytamy na stronach koncernu.<\/p>\n<p class=\"typography ids-typeset-body ids-typeset-body--preset-large link paragraph ids-paragraph ids-paragraph--default\">Gigant zatrudnia obecnie 160 os\u00f3b z niepe\u0142nosprawno\u015bciami, a posiadaczom orzeczenia o niepe\u0142nosprawno\u015bci oferuje szereg udogodnie\u0144, w tym dostosowany proces aplikacji i rekrutacji oraz wsparcie podczas rozmowy kwalifikacyjnej.<\/p>\n<p class=\"typography ids-typeset-body ids-typeset-body--preset-large link paragraph ids-paragraph ids-paragraph--default\">Amazon dzia\u0142a w Polsce od 2014 roku. Jak przypomina Strefa Biznesu, tylko w latach 2012-2023 zainwestowa\u0142 w naszym kraju 30 mld z\u0142\u00a0i stworzy\u0142 ok. 70 tys. miejsc pracy.<\/p>\n<p>Gwiazdowski m\u00f3wi Interii. Czy Chiny ogra\u0142y ca\u0142y \u015bwiat?Robert GwiazdowskiINTERIA.PL<\/p>\n","protected":false},"excerpt":{"rendered":"Jak co roku ca\u0142y sektor handlu b\u0119dzie potrzebowa\u0142 wsparcia pracownik\u00f3w tymczasowych. Rekrutacj\u0119 uruchamia tak\u017ce Amazon, kt\u00f3ry do ko\u0144ca&hellip;\n","protected":false},"author":2,"featured_media":63957,"comment_status":"","ping_status":"","sticky":false,"template":"","format":"standard","meta":{"footnotes":""},"categories":[16],"tags":[113,112,42,38,40,39,41],"class_list":{"0":"post-63956","1":"post","2":"type-post","3":"status-publish","4":"format-standard","5":"has-post-thumbnail","7":"category-biznes","8":"tag-biznes","9":"tag-business","10":"tag-pl","11":"tag-poland","12":"tag-polish","13":"tag-polska","14":"tag-polski"},"share_on_mastodon":{"url":"https:\/\/pubeurope.com\/@pl\/115422505563575826","error":""},"_links":{"self":[{"href":"https:\/\/www.europesays.com\/pl\/wp-json\/wp\/v2\/posts\/63956","targetHints":{"allow":["GET"]}}],"collection":[{"href":"https:\/\/www.europesays.com\/pl\/wp-json\/wp\/v2\/posts"}],"about":[{"href":"https:\/\/www.europesays.com\/pl\/wp-json\/wp\/v2\/types\/post"}],"author":[{"embeddable":true,"href":"https:\/\/www.europesays.com\/pl\/wp-json\/wp\/v2\/users\/2"}],"replies":[{"embeddable":true,"href":"https:\/\/www.europesays.com\/pl\/wp-json\/wp\/v2\/comments?post=63956"}],"version-history":[{"count":0,"href":"https:\/\/www.europesays.com\/pl\/wp-json\/wp\/v2\/posts\/63956\/revisions"}],"wp:featuredmedia":[{"embeddable":true,"href":"https:\/\/www.europesays.com\/pl\/wp-json\/wp\/v2\/media\/63957"}],"wp:attachment":[{"href":"https:\/\/www.europesays.com\/pl\/wp-json\/wp\/v2\/media?parent=63956"}],"wp:term":[{"taxonomy":"category","embeddable":true,"href":"https:\/\/www.europesays.com\/pl\/wp-json\/wp\/v2\/categories?post=63956"},{"taxonomy":"post_tag","embeddable":true,"href":"https:\/\/www.europesays.com\/pl\/wp-json\/wp\/v2\/tags?post=63956"}],"curies":[{"name":"wp","href":"https:\/\/api.w.org\/{rel}","templated":true}]}}