{"id":63958,"date":"2025-10-23T08:20:10","date_gmt":"2025-10-23T08:20:10","guid":{"rendered":"https:\/\/www.europesays.com\/pl\/63958\/"},"modified":"2025-10-23T08:20:10","modified_gmt":"2025-10-23T08:20:10","slug":"wojna-w-ukrainie-uderzenie-na-kijow-plonely-domy-sa-ranni","status":"publish","type":"post","link":"https:\/\/www.europesays.com\/pl\/63958\/","title":{"rendered":"Wojna w Ukrainie. Uderzenie na Kij\u00f3w. P\u0142on\u0119\u0142y domy, s\u0105 ranni"},"content":{"rendered":"<p>&#13;<br \/>\n        \tRosja przeprowadzi\u0142a kolejny nocny atak na Kij\u00f3w. Na skutek dzia\u0142ania armii W\u0142adimira Putina siedem os\u00f3b zosta\u0142o rannych, dosz\u0142o ponadto do kilku po\u017car\u00f3w. W akcjach ratunkowych uczestniczy\u0142o ponad 100 ratownik\u00f3w.&#13;\n        \t<\/p>\n<p>Wojna w Ukrainie. Rosyjski atak na Kij\u00f3w<\/p>\n<p>           \t\t\t<a href=\"https:\/\/www.polsatnews.pl\/wiadomosc\/2025-10-17\/10-urodziny-polsatnews-pl-zajrzyjcie-za-kulisy-naszej-pracy\/\" class=\"elect2025-article\" rel=\"nofollow noopener\" target=\"_blank\">&#13;<br \/>\n                      &#13;<br \/>\n                    <\/a><\/p>\n<p>Rosja w nocy ze \u015brody na czwartek przeprowadzi\u0142a kolejny atak na terytorium Ukrainy. Drony uderzy\u0142y m.in. w Kij\u00f3w. Jak przekaza\u0142 mer stolicy Witalij Kliczko, w wyniku dzia\u0142a\u0144 kremlowskiej armii rannych zosta\u0142o siedem os\u00f3b, z czego pi\u0119\u0107 trafi\u0142o do szpitala.<\/p>\n<p>\u00a0<\/p>\n<p>W rejonie podolskim dosz\u0142o do po\u017caru w trzech budynkach mieszkalnych i samochod\u00f3w. Fala uderzeniowa zniszczy\u0142a tak\u017ce okna w jednej ze szk\u00f3\u0142 i kilku domach.<\/p>\n<p>Wojna w Ukrainie. Kolejna noc z atakami na Kij\u00f3w<\/p>\n<p>Kijowska S\u0142u\u017cba Ukrainy ds. Sytuacji Nadzwyczajnych powiadomi\u0142a, \u017ce w nocy dosz\u0142o do ewakuacji mieszka\u0144c\u00f3w pi\u0119ciopi\u0119trowego budynku mieszkalnego po pojawieniu si\u0119 ognia na pierwszym pi\u0119trze. W nocne dzia\u0142ania w Kijowie zaanga\u017cowanych by\u0142o ponad 100 ratownik\u00f3w. Wed\u0142ug informacji s\u0142u\u017cb nad ranem uda\u0142o si\u0119 opanowa\u0107 wszystkie po\u017cary.<\/p>\n<p>\u00a0<\/p>\n<p>ZOBACZ: <a href=\"https:\/\/www.polsatnews.pl\/wiadomosc\/2025-10-22\/spotkania-z-putinem-nie-bedzie-trump-podjal-decyzje\/\" target=\"_blank\" rel=\"noopener noreferrer nofollow\">Spotkania z Putinem nie b\u0119dzie. Trump podj\u0105\u0142 decyzj\u0119<\/a><\/p>\n<p>\u00a0<\/p>\n<p>Nad ranem Si\u0142y Powietrzne Ukrainy przekaza\u0142y, i\u017c w nocy ze \u015brody na czwartek Rosjanie do atak\u00f3w wykorzystali 130 dron\u00f3w. Ukrainie uda\u0142o si\u0119 zestrzeli\u0107 92 z nich.<\/p>\n<p>\u00a0<\/p>\n<p>W nocy z wtorku na \u015brod\u0119 Rosja zaatakowa\u0142a Ukrain\u0119, wykorzystuj\u0105c 433 \u015brodki uderzenia powietrznego, w tym 405 dron\u00f3w i 28 rakiet. Ukrai\u0144skie Si\u0142y Powietrzne podawa\u0142y, \u017ce ataki wymierzone by\u0142y g\u0142\u00f3wnie w obiekty infrastruktury krytycznej, a g\u0142\u00f3wnym kierunkiem by\u0142 obw\u00f3d kijowski. W zmasowanym ataku na Kij\u00f3w zgin\u0119\u0142y co najmniej trzy osoby.<\/p>\n<p>\u00a0<\/p>\n<p>Widzia\u0142e\u015b co\u015b wa\u017cnego? Przy\u015blij zdj\u0119cie, film lub napisz, co si\u0119 sta\u0142o. Skorzystaj z naszej <a href=\"https:\/\/www.polsatnews.pl\/platforma-widzow\/\" target=\"_blank\" rel=\"noopener noreferrer nofollow\">Wrzutni<\/a><\/p>\n<p>                <img decoding=\"async\" src=\"https:\/\/www.europesays.com\/pl\/wp-content\/uploads\/2025\/10\/cr6wino8xdg27votvgyvsuj5um2qvgqa.jpg\" alt=\"\" itemprop=\"contentUrl\" style=\"position:absolute; width: 100%; max-height: 100%;\"\/><video controls=\"\" controlslist=\"nodownload\" poster=\"https:\/\/www.europesays.com\/pl\/wp-content\/uploads\/2025\/10\/cr6wino8xdg27votvgyvsuj5um2qvgqa.jpg\" class=\"videoPlayer player6853516 news__video\" data-id=\"6853516\">Twoja przegl\u0105darka nie wspiera odtwarzacza wideo&#8230;<\/video><\/p>\n<p>&#13;<br \/>\n                    \t\t\t\t\t\t\t\t\t\t\t\t\tanw\/wka&#13;<br \/>\n\t\t\t\t\/\t\t\t\t\t\tpolsatnews.pl&#13;<br \/>\n\t\t\t\t\t&#13;\n                \t<\/p>\n<p>                <a class=\"news__read-more-button\" href=\"https:\/\/www.polsatnews.pl\/\" rel=\"nofollow noopener\" target=\"_blank\">Czytaj wi\u0119cej<\/a><\/p>\n<p>\t\t\tChcesz by\u0107 na bie\u017c\u0105co z najnowszymi newsami?<\/p>\n<p class=\"app-ad__preview\">Jeste\u015bmy w aplikacji na Tw\u00f3j telefon. Sprawd\u017a\u00a0nas!<\/p>\n","protected":false},"excerpt":{"rendered":"&#13; Rosja przeprowadzi\u0142a kolejny nocny atak na Kij\u00f3w. Na skutek dzia\u0142ania armii W\u0142adimira Putina siedem os\u00f3b zosta\u0142o rannych,&hellip;\n","protected":false},"author":2,"featured_media":63959,"comment_status":"","ping_status":"","sticky":false,"template":"","format":"standard","meta":{"footnotes":""},"categories":[14],"tags":[32,33,27,34,35,28,31,25,40,41,80,29,30,26,82,83,84],"class_list":{"0":"post-63958","1":"post","2":"type-post","3":"status-publish","4":"format-standard","5":"has-post-thumbnail","7":"category-swiat","8":"tag-breaking-news","9":"tag-breakingnews","10":"tag-headlines","11":"tag-latest-news","12":"tag-latestnews","13":"tag-naglowki","14":"tag-najwazniejsze-artykuly","15":"tag-news","16":"tag-polish","17":"tag-polski","18":"tag-swiat","19":"tag-top-stories","20":"tag-topstories","21":"tag-wiadomosci","22":"tag-world","23":"tag-world-news","24":"tag-worldnews"},"share_on_mastodon":{"url":"https:\/\/pubeurope.com\/@pl\/115422509629553081","error":""},"_links":{"self":[{"href":"https:\/\/www.europesays.com\/pl\/wp-json\/wp\/v2\/posts\/63958","targetHints":{"allow":["GET"]}}],"collection":[{"href":"https:\/\/www.europesays.com\/pl\/wp-json\/wp\/v2\/posts"}],"about":[{"href":"https:\/\/www.europesays.com\/pl\/wp-json\/wp\/v2\/types\/post"}],"author":[{"embeddable":true,"href":"https:\/\/www.europesays.com\/pl\/wp-json\/wp\/v2\/users\/2"}],"replies":[{"embeddable":true,"href":"https:\/\/www.europesays.com\/pl\/wp-json\/wp\/v2\/comments?post=63958"}],"version-history":[{"count":0,"href":"https:\/\/www.europesays.com\/pl\/wp-json\/wp\/v2\/posts\/63958\/revisions"}],"wp:featuredmedia":[{"embeddable":true,"href":"https:\/\/www.europesays.com\/pl\/wp-json\/wp\/v2\/media\/63959"}],"wp:attachment":[{"href":"https:\/\/www.europesays.com\/pl\/wp-json\/wp\/v2\/media?parent=63958"}],"wp:term":[{"taxonomy":"category","embeddable":true,"href":"https:\/\/www.europesays.com\/pl\/wp-json\/wp\/v2\/categories?post=63958"},{"taxonomy":"post_tag","embeddable":true,"href":"https:\/\/www.europesays.com\/pl\/wp-json\/wp\/v2\/tags?post=63958"}],"curies":[{"name":"wp","href":"https:\/\/api.w.org\/{rel}","templated":true}]}}