{"id":63960,"date":"2025-10-23T08:21:07","date_gmt":"2025-10-23T08:21:07","guid":{"rendered":"https:\/\/www.europesays.com\/pl\/63960\/"},"modified":"2025-10-23T08:21:07","modified_gmt":"2025-10-23T08:21:07","slug":"bedzie-zwrot-w-trybunale-konstytucyjnym-to-ustalenie-koalicyjne-onet","status":"publish","type":"post","link":"https:\/\/www.europesays.com\/pl\/63960\/","title":{"rendered":"B\u0119dzie zwrot w Trybunale Konstytucyjnym. &quot;To ustalenie koalicyjne&quot; &#8211; Onet"},"content":{"rendered":"<ol>\n<li><a href=\"https:\/\/news.google.com\/rss\/articles\/CBMixAFBVV95cUxQb1RKMmgySkttbEppYV9PMllEMWg5VklvOEo1MThTM05ER2hlSEJQQ2VUZUJ6cDVUNjJwbUNUTkE1di1SYXdLbmZMN09hWFFZN18wc3J2ajczUy1sV0hwYmltcEV3TlVNZlJYbVF4Q0QwV0lhNnRfeXZQMF9nSzZjUEhBcEpzS0x1YXI4M2t4eThZeWVMRDdINGpwLTZNN2V6VzFoSXhDUDczSzBPVHQ2eTJXMGdvOGVKaHNYRWx6X25iMEU3?oc=5\" target=\"_blank\" rel=\"nofollow noopener\">B\u0119dzie zwrot w Trybunale Konstytucyjnym. &#8222;To ustalenie koalicyjne&#8221;<\/a>&nbsp;&nbsp;Onet<\/li>\n<li><a href=\"https:\/\/news.google.com\/rss\/articles\/CBMisAFBVV95cUxQcFNpVFVscUxJWnpPNlNhTWM3bzYtM1RKcnl2bWxreEdKamVucHBwUUtpVko3MkJxb3JHUnJHdEZLdXNhWHBmQmhkcDhHUkc3YjFHdjR2Y21kRTlrR0RjTFAyN0VrVjE4VDF5SjJCcEZibEZyY1A4cXdWUTAya1J6WFN0MEZZNTdGM19wX0s1SjNibFNfdmlwVlE0c3pUZnJOUnN3dmFtakwtcjFkcGFBdw?oc=5\" target=\"_blank\" rel=\"nofollow noopener\">Rewolucja w Trybunale? Zgorzelski zapowiada zmiany jeszcze w tym roku<\/a>&nbsp;&nbsp;WP Wiadomo\u015bci<\/li>\n<li><a href=\"https:\/\/news.google.com\/rss\/articles\/CBMiowFBVV95cUxQR3dhNUlGWGJqVUNMTjZYZ0pwcHdlNndLMVg5MUdVMW0yMUdRa25UN3pDYV92WXlkY1VvSTJVUkd1VGd3RG5oaG9nNnhpbjdJREZYaUlUOTlXWFZQX2IzdUg4V2t4dFhkUlYzREZtcjY0b0hRektUV1ZBeFVkQUQtQS1pZG1iRkhzREFtTkFXNUg3WmRwVzhWR1BfZ0ZIcEZGR3hB?oc=5\" target=\"_blank\" rel=\"nofollow noopener\">Koalicja rz\u0105dowa zmienia plany dotycz\u0105ce Trybuna\u0142u Konstytucyjnego. Tak chce go &#8222;uzdrowi\u0107&#8221;<\/a>&nbsp;&nbsp;Onet Wiadomo\u015bci<\/li>\n<li><a href=\"https:\/\/news.google.com\/rss\/articles\/CBMilAFBVV95cUxOTVB2OFhOdGtWRVJjalhwdXFrRGJac2syQW9RQ1FtanhnMzh6WDgxUnRaMTV3MFk5RGxPUGNTOS1VVk5RRmhwWi1LSmozcFA2eUxiNXBlSVV0VHNoT0g0MVRfQWthX0ViNHNKZ1hkZFE2U2hYajlHY3hmWWtEZGRNLXNPeDVwWkthQ1J0SzE0SjBlbzhz?oc=5\" target=\"_blank\" rel=\"nofollow noopener\">Nag\u0142y zwrot ws. Trybuna\u0142u Konstytucyjnego. Rz\u0105d ma nowy pomys\u0142<\/a>&nbsp;&nbsp;TOK FM<\/li>\n<li><a href=\"https:\/\/news.google.com\/rss\/articles\/CBMiqgFBVV95cUxOb09xbUZMdG9xaDAxY0FwWjhQbnlEdGxUQ0lKQUJ1R04tcXIySHlicE1EMkljSndPbmVtUU94S01YY01LWjBlVENoZ2tpN3A4LXk3eGR3UVRhTlZQUE5kcUtUenBfeUI3bmNJMXBDTlh2U29NdDlvMU5TRUpmWVJtUnA3ajgxam1hcWh2RTZ0bTVoOExZX3Awbjd6RXo1Q3BoRjQwNENDdkFnQdIBqAFBVV95cUxOaHNkSEpUU0JzMFd4T0FPS0FGRmU5NEE1UUJDRVZ1V2RLVDNtRUtPNWtZVXhJclg2LWdVQzhBa0FFREktRHRJVEh3bVlja1ZyTlVmX1Q4NkpzYThaYXNheTMwdzNLa01WMExQSjN0SW9rS0MzX3JyZGJiRjFXV3VNR1J3NnhBQkFzZ1d6N285Y3FDakJ5bncxSzFDS0ozSV9tMDJCVHR1Q2w?oc=5\" target=\"_blank\" rel=\"nofollow noopener\">Trybuna\u0142 ma wr\u00f3ci\u0107 do \u0142ask. Jest szansa na obsadzenie wakat\u00f3w<\/a>&nbsp;&nbsp;Bankier.pl<\/li>\n<\/ol>\n","protected":false},"excerpt":{"rendered":"B\u0119dzie zwrot w Trybunale Konstytucyjnym. &#8222;To ustalenie koalicyjne&#8221;&nbsp;&nbsp;Onet Rewolucja w Trybunale? Zgorzelski zapowiada zmiany jeszcze w tym roku&nbsp;&nbsp;WP&hellip;\n","protected":false},"author":2,"featured_media":7993,"comment_status":"","ping_status":"","sticky":false,"template":"","format":"standard","meta":{"footnotes":""},"categories":[12],"tags":[32,33,36,37,27,6122,34,35,28,31,53,25,52,68,51,55,16364,42,38,40,39,41,47,4717,29,30,50,26],"class_list":{"0":"post-63960","1":"post","2":"type-post","3":"status-publish","4":"format-standard","5":"has-post-thumbnail","7":"category-polska","8":"tag-breaking-news","9":"tag-breakingnews","10":"tag-featured-news","11":"tag-featurednews","12":"tag-headlines","13":"tag-koalicja_15_pazdziernika","14":"tag-latest-news","15":"tag-latestnews","16":"tag-naglowki","17":"tag-najwazniejsze-artykuly","18":"tag-new_header","19":"tag-news","20":"tag-onet3","21":"tag-onet3d","22":"tag-onet3d_2i","23":"tag-phx","24":"tag-piotr_zgorzelski_polityk","25":"tag-pl","26":"tag-poland","27":"tag-polish","28":"tag-polska","29":"tag-polski","30":"tag-screening_general","31":"tag-tk_trybunal_konstytucyjny","32":"tag-top-stories","33":"tag-topstories","34":"tag-v2021","35":"tag-wiadomosci"},"share_on_mastodon":{"url":"https:\/\/pubeurope.com\/@pl\/115422513244186815","error":""},"_links":{"self":[{"href":"https:\/\/www.europesays.com\/pl\/wp-json\/wp\/v2\/posts\/63960","targetHints":{"allow":["GET"]}}],"collection":[{"href":"https:\/\/www.europesays.com\/pl\/wp-json\/wp\/v2\/posts"}],"about":[{"href":"https:\/\/www.europesays.com\/pl\/wp-json\/wp\/v2\/types\/post"}],"author":[{"embeddable":true,"href":"https:\/\/www.europesays.com\/pl\/wp-json\/wp\/v2\/users\/2"}],"replies":[{"embeddable":true,"href":"https:\/\/www.europesays.com\/pl\/wp-json\/wp\/v2\/comments?post=63960"}],"version-history":[{"count":0,"href":"https:\/\/www.europesays.com\/pl\/wp-json\/wp\/v2\/posts\/63960\/revisions"}],"wp:featuredmedia":[{"embeddable":true,"href":"https:\/\/www.europesays.com\/pl\/wp-json\/wp\/v2\/media\/7993"}],"wp:attachment":[{"href":"https:\/\/www.europesays.com\/pl\/wp-json\/wp\/v2\/media?parent=63960"}],"wp:term":[{"taxonomy":"category","embeddable":true,"href":"https:\/\/www.europesays.com\/pl\/wp-json\/wp\/v2\/categories?post=63960"},{"taxonomy":"post_tag","embeddable":true,"href":"https:\/\/www.europesays.com\/pl\/wp-json\/wp\/v2\/tags?post=63960"}],"curies":[{"name":"wp","href":"https:\/\/api.w.org\/{rel}","templated":true}]}}