{"id":63961,"date":"2025-10-23T08:24:20","date_gmt":"2025-10-23T08:24:20","guid":{"rendered":"https:\/\/www.europesays.com\/pl\/63961\/"},"modified":"2025-10-23T08:24:20","modified_gmt":"2025-10-23T08:24:20","slug":"daniel-martyniuk-moze-zaplacic-fortune-wizz-air-wydal-oswiadczenie","status":"publish","type":"post","link":"https:\/\/www.europesays.com\/pl\/63961\/","title":{"rendered":"Daniel Martyniuk mo\u017ce zap\u0142aci\u0107 fortun\u0119. Wizz Air wyda\u0142 o\u015bwiadczenie"},"content":{"rendered":"<p class=\"article-p\" data-section=\"detail-body\">Jak dowiedzia\u0142 si\u0119 &#8222;Fakt&#8221;, na pok\u0142adzie samolotu Wizz Air lec\u0105cego z Malagi do Warszawy dosz\u0142o do skandalu z udzia\u0142em Daniela Martyniuka, syna kr\u00f3la disco polo, Zenona Martyniuka. Wed\u0142ug \u015bwiadk\u00f3w, celebryta mia\u0142 zachowywa\u0107 si\u0119 agresywnie wobec obs\u0142ugi i grozi\u0107 cz\u0142onkom za\u0142ogi. Wizz Air potwierdzi\u0142 te informacje w oficjalnym o\u015bwiadczeniu przes\u0142anym do naszej redakcji i zapowiedzia\u0142, \u017ce pasa\u017cer mo\u017ce ponie\u015b\u0107 powa\u017cne konsekwencje finansowe.<\/p>\n<p>        Daniel Martyniuk wyrzucony z pok\u0142adu Wizz Air. Samolot musia\u0142 l\u0105dowa\u0107 awaryjnie<\/p>\n<p class=\"article-p\" data-section=\"detail-body\">Po agresywnym zachowaniu Daniela Martyniuka, za\u0142oga poprosi\u0142a o interwencj\u0119 s\u0142u\u017cb. Samolot zosta\u0142 przekierowany do Nicei, gdzie celebryt\u0119 usuni\u0119to z pok\u0142adu. Dopiero wtedy maszyna mog\u0142a wznowi\u0107 rejs i bezpiecznie dotrze\u0107 do Warszawy.<\/p>\n<p>        O\u015bwiadczenie w sprawie Daniela Martyniuka. &#8222;Agresywny pasa\u017cer grozi\u0142 cz\u0142onkom za\u0142ogi&#8221;<\/p>\n<p class=\"article-p\" data-section=\"detail-body\">Wizz Air potwierdzi\u0142 &#8222;Faktowi&#8221;, \u017ce incydent faktycznie mia\u0142 miejsce. &#8222;Lot W6 1336 z Malagi do Warszawy zosta\u0142 przekierowany do Nicei z powodu agresywnego pasa\u017cera, kt\u00f3ry grozi\u0142 cz\u0142onkom za\u0142ogi pok\u0142adowej. Po usuni\u0119ciu niezdyscyplinowanego pasa\u017cera w Nicei, samolot wznowi\u0142 rejs i bezpiecznie polecia\u0142 do Warszawy z pozosta\u0142ymi pasa\u017cerami&#8221; \u2014 przekaza\u0142 przewo\u017anik.<\/p>\n<p class=\"article-p\" data-section=\"detail-body\"><a href=\"https:\/\/ludzie.fakt.pl\/daniel-martyniuk-grozil-zalodze-przewoznik-potwierdza-awaryjne-ladowanie\/v0np8z7\" id=\"222e6ff6-4ef2-4425-8b5d-e4fa1d6c2a00\" rel=\"nofollow noopener\" target=\"_blank\">Daniel Martyniuk grozi\u0142 za\u0142odze samolotu! Przewo\u017anik wyjawia kolejne fakty<\/a><\/p>\n<p class=\"article-p\" data-section=\"detail-body\">To jednak nie koniec sprawy. Wizz Air wyra\u017anie podkre\u015bla, \u017ce pasa\u017cer, kt\u00f3ry zak\u0142\u00f3ca bezpiecze\u0144stwo lotu, mo\u017ce zosta\u0107 obci\u0105\u017cony ogromnymi kosztami.<\/p>\n<p>        Daniel Martyniuk mo\u017ce zap\u0142aci\u0107 dziesi\u0105tki tysi\u0119cy euro<\/p>\n<p class=\"article-p\" data-section=\"detail-body\">&#8222;W przypadkach, gdy zachowanie pasa\u017cera stanowi zagro\u017cenie dla bezpiecze\u0144stwa lotu lub narusza nasz kodeks post\u0119powania, zastrzegamy sobie prawo do odmowy przewozu w przysz\u0142o\u015bci i mo\u017cemy na\u0142o\u017cy\u0107 zakaz lot\u00f3w. (&#8230;) Ponadto wszelkie koszty wynikaj\u0105ce z niew\u0142a\u015bciwego zachowania pasa\u017cera \u2014 w tym koszty przekierowania lotu, op\u00f3\u017anie\u0144 czy interwencji s\u0142u\u017cb ratunkowych \u2014 zostan\u0105 przeniesione na osob\u0119 odpowiedzialn\u0105. W niekt\u00f3rych przypadkach mog\u0105 one si\u0119ga\u0107 dziesi\u0105tek tysi\u0119cy euro&#8221; \u2014 informuje Wizz Air w swoim o\u015bwiadczeniu.<\/p>\n<p class=\"article-p\" data-section=\"detail-body\">\u2014 Kwota odszkodowania r\u00f3\u017cni si\u0119 w zale\u017cno\u015bci od linii i kraj\u00f3w \u2014 m\u00f3wi &#8222;Faktowi&#8221; ekspert zajmuj\u0105cy si\u0119 ruchem lotniczym.<\/p>\n<p class=\"article-p\" data-section=\"detail-body\"><a href=\"https:\/\/ludzie.fakt.pl\/co-za-zmiana-na-profilu-daniela-martyniuka-syn-gwiazdy-disco-polo-znow-szokuje\/nkc6gv9\" id=\"60396f1a-436f-4ad3-9fd2-d51bebd26de9\" rel=\"nofollow noopener\" target=\"_blank\">Cios w rodzin\u0119 to dopiero pocz\u0105tek. Ten wymowny ruch Martyniuka m\u00f3wi sam za siebie<\/a><\/p>\n<p class=\"article-p\" data-section=\"detail-body\">Przewo\u017anik podkre\u015bli\u0142, \u017ce jego za\u0142oga jest przygotowana do radzenia sobie z trudnymi sytuacjami. &#8222;Za\u0142oga Wizz Air, posiadaj\u0105ca wysokie kwalifikacje i do\u015bwiadczenie, pozostaje w pe\u0142ni zaanga\u017cowana w zapewnienie wszystkim pasa\u017cerom bezpiecznego, komfortowego i pe\u0142nego szacunku \u015brodowiska podczas ka\u017cdego lotu. Linia dzi\u0119kuje pilotom oraz za\u0142odze pok\u0142adowej za profesjonalizm, zdecydowane dzia\u0142anie i podj\u0119cie w\u0142a\u015bciwej decyzji o przekierowaniu samolotu do Nicei w celu zapewnienia bezpiecze\u0144stwa wszystkim osobom na pok\u0142adzie&#8221; \u2014 przekaza\u0142 Salvatore Gabriele Imperiale, manager ds. komunikacji korporacyjnej w Wizz Air.<\/p>\n<p class=\"article-p\" data-section=\"detail-body\"><a href=\"https:\/\/ludzie.fakt.pl\/daniel-martyniuk-znowu-szokuje-w-sieci-wspomina-o-rodzinie-to-jest-hardcore\/9v2tlvg\" id=\"cbf2741c-db12-46c6-ac2c-914c359c58b5\" rel=\"nofollow noopener\" target=\"_blank\">Zenek Martyniuk komentuje zamieszanie wok\u00f3\u0142 chrztu wnuka. Daniel odpowiada<\/a><\/p>\n<p>        Gigantyczne kary dla awanturnik\u00f3w. Tak linie lotnicze reaguj\u0105 na niebezpieczne zachowania<\/p>\n<p class=\"article-p\" data-section=\"detail-body\">Nie tylko Wizz Air reaguje na agresywnych pasa\u017cer\u00f3w. Rzecznik LOT-u w rozmowie z &#8222;Faktem&#8221; przyzna\u0142, \u017ce kara w podobnych przypadkach mo\u017ce si\u0119gn\u0105\u0107 nawet 430 tys. z\u0142.<\/p>\n<p class=\"article-p\" data-section=\"detail-body\">Inne linie lotnicze r\u00f3wnie\u017c nie okazuj\u0105 pob\u0142a\u017cania. Przyk\u0142ad? Linie Hawaiian Airlines oskar\u017cy\u0142y pasa\u017cera, kt\u00f3ry grozi\u0142 za\u0142odze i uderzy\u0142 stewardess\u0119. S\u0105d zdecydowa\u0142: m\u0119\u017cczyzna zap\u0142aci 100 tysi\u0119cy dolar\u00f3w.<\/p>\n<p class=\"article-p\" data-section=\"detail-body\">Z kolei na pok\u0142adzie samolotu Small Planet lec\u0105cego do Hurghady jeden z pasa\u017cer\u00f3w \u017cartowa\u0142 o \u0142adunku wybuchowym. Linia wyceni\u0142a koszty na 130 tys. z\u0142, a dodatkowo musia\u0142 zap\u0142aci\u0107 10 tys. kaucji.<\/p>\n<p>        \/6<\/p>\n<p>                    <img decoding=\"async\" class=\"article-image-img\" loading=\"lazy\" alt=\"\" src=\"https:\/\/www.europesays.com\/pl\/wp-content\/uploads\/2025\/10\/ojnk9kuTURBXy9iOTcwZjIzNS0wYWE0LTQ5YzAtYTk1ZC02ODYxNTA4ZWQ3MDAuanBlZ5GTAs0DSM0B2N4AAqEwAaExAQ.jpeg\" width=\"840\" height=\"472\"\/><\/p>\n<p>                  Czytelnik \/ Fakt.pl<\/p>\n<p class=\"article-gallery-p\">\n        Daniel Martyniuk zn\u00f3w narozrabia\u0142. Wizz Air wystawi mu rachunek.\n    <\/p>\n<p>        \/6<\/p>\n<p>                    <img decoding=\"async\" class=\"article-image-img\" loading=\"lazy\" alt=\"\" src=\"https:\/\/www.europesays.com\/pl\/wp-content\/uploads\/2025\/10\/Ugmk9kuTURBXy8yYTdhZjYxYi00MTJjLTRjZDYtOWRiNC1iMDgxOWVkMDI1ZjguanBlZ5GTAs0DSM0EYN4AAqEwAaExAQ.jpeg\" width=\"840\" height=\"1120\"\/><\/p>\n<p>                  Czytelnik \/ Fakt.pl<\/p>\n<p class=\"article-gallery-p\">\n        Daniel Martyniuk mo\u017ce zap\u0142aci\u0107 fortun\u0119.\n    <\/p>\n","protected":false},"excerpt":{"rendered":"Jak dowiedzia\u0142 si\u0119 &#8222;Fakt&#8221;, na pok\u0142adzie samolotu Wizz Air lec\u0105cego z Malagi do Warszawy dosz\u0142o do skandalu z&hellip;\n","protected":false},"author":2,"featured_media":63962,"comment_status":"","ping_status":"","sticky":false,"template":"","format":"standard","meta":{"footnotes":""},"categories":[22],"tags":[122,42,38,40,39,41,123],"class_list":{"0":"post-63961","1":"post","2":"type-post","3":"status-publish","4":"format-standard","5":"has-post-thumbnail","7":"category-rozrywka","8":"tag-entertainment","9":"tag-pl","10":"tag-poland","11":"tag-polish","12":"tag-polska","13":"tag-polski","14":"tag-rozrywka"},"share_on_mastodon":{"url":"https:\/\/pubeurope.com\/@pl\/115422525163274049","error":""},"_links":{"self":[{"href":"https:\/\/www.europesays.com\/pl\/wp-json\/wp\/v2\/posts\/63961","targetHints":{"allow":["GET"]}}],"collection":[{"href":"https:\/\/www.europesays.com\/pl\/wp-json\/wp\/v2\/posts"}],"about":[{"href":"https:\/\/www.europesays.com\/pl\/wp-json\/wp\/v2\/types\/post"}],"author":[{"embeddable":true,"href":"https:\/\/www.europesays.com\/pl\/wp-json\/wp\/v2\/users\/2"}],"replies":[{"embeddable":true,"href":"https:\/\/www.europesays.com\/pl\/wp-json\/wp\/v2\/comments?post=63961"}],"version-history":[{"count":0,"href":"https:\/\/www.europesays.com\/pl\/wp-json\/wp\/v2\/posts\/63961\/revisions"}],"wp:featuredmedia":[{"embeddable":true,"href":"https:\/\/www.europesays.com\/pl\/wp-json\/wp\/v2\/media\/63962"}],"wp:attachment":[{"href":"https:\/\/www.europesays.com\/pl\/wp-json\/wp\/v2\/media?parent=63961"}],"wp:term":[{"taxonomy":"category","embeddable":true,"href":"https:\/\/www.europesays.com\/pl\/wp-json\/wp\/v2\/categories?post=63961"},{"taxonomy":"post_tag","embeddable":true,"href":"https:\/\/www.europesays.com\/pl\/wp-json\/wp\/v2\/tags?post=63961"}],"curies":[{"name":"wp","href":"https:\/\/api.w.org\/{rel}","templated":true}]}}