{"id":63965,"date":"2025-10-23T08:27:08","date_gmt":"2025-10-23T08:27:08","guid":{"rendered":"https:\/\/www.europesays.com\/pl\/63965\/"},"modified":"2025-10-23T08:27:08","modified_gmt":"2025-10-23T08:27:08","slug":"to-bylby-cud-przelomowa-decyzja-unii-europejskiej-w-sprawie-rosji-coraz-blizej","status":"publish","type":"post","link":"https:\/\/www.europesays.com\/pl\/63965\/","title":{"rendered":"&#8222;To by\u0142by cud&#8221;. Prze\u0142omowa decyzja Unii Europejskiej w sprawie Rosji coraz bli\u017cej"},"content":{"rendered":"<p class=\"ods-c-paragraph \">Po\u017cyczka reparacyjna dla Ukrainy b\u0119dzie jednym z g\u0142\u00f3wnych temat\u00f3w rozm\u00f3w unijnych lider\u00f3w na szczycie. Mia\u0142aby ona zosta\u0107 sfinansowana z zamro\u017conych aktyw\u00f3w rosyjskiego banku centralnego, z kt\u00f3rych wi\u0119kszo\u015b\u0107 jest zarz\u0105dzana przez izb\u0119 rozliczeniow\u0105 Euroclear, znajduj\u0105c\u0105 si\u0119 w Belgii.<\/p>\n<p class=\"ods-c-paragraph \">\u2014 To jest krok, kt\u00f3ry nie zosta\u0142 podj\u0119ty nigdy w historii, nawet w trakcie drugiej wojny \u015bwiatowej \u2014 powiedzia\u0142 dziennikarzom belgijski premier. \u2014 Zamro\u017cone aktywa zawsze by\u0142y zabezpieczone, nigdy nie by\u0142y tkni\u0119te \u2014 podkre\u015bli\u0142.<\/p>\n<p>Dalszy ci\u0105g artyku\u0142u pod materia\u0142em wideo<\/p>\n<p> Jakie s\u0105 g\u0142\u00f3wne tematy rozm\u00f3w na szczycie UE? <\/p>\n<p> Kto zarz\u0105dza zamro\u017conymi aktywami rosyjskiego banku centralnego? <\/p>\n<p> Jakie warunki postawi\u0142a Belgia w sprawie rosyjskich aktyw\u00f3w? <\/p>\n<p> Jakie ryzyko wi\u0105\u017ce si\u0119 z odpowiedzialno\u015bci\u0105 za zamro\u017cone aktywa? <\/p>\n<p class=\"ods-c-paragraph \">\u2014 Wci\u0105\u017c patrzymy na podstaw\u0119 prawn\u0105 tej decyzji, kt\u00f3ra ma zosta\u0107 podj\u0119ta. Nadal jej nie widzieli\u015bmy, a wydaje si\u0119 nam, \u017ce to pocz\u0105tek wszystkiego \u2014 zaznaczy\u0142 De Wever.<\/p>\n<p class=\"ods-c-paragraph \">Jak powiedzia\u0142, Belgia postawi\u0142a warunki, kt\u00f3re do tej pory nie zosta\u0142y spe\u0142nione. Chodzi m.in. o uwsp\u00f3lnotowienie odpowiedzialno\u015bci. \u2014 Mo\u017cemy by\u0107 nara\u017ceni na roszczenia na dziesi\u0105tki miliard\u00f3w euro, a mo\u017ce nawet setki miliard\u00f3w euro. Je\u015bli wi\u0119c takie roszczenia si\u0119 pojawi\u0105, musimy by\u0107 odpowiedzialni razem \u2014 o\u015bwiadczy\u0142.<\/p>\n<p class=\"ods-c-paragraph \">De Wever zaznaczy\u0142, \u017ce je\u015bli pieni\u0105dze b\u0119d\u0105 musia\u0142y w pewnym momencie zosta\u0107 wy\u0142o\u017cone na st\u00f3\u0142, to b\u0119dzie to musia\u0142o nast\u0105pi\u0107 natychmiast. \u2014 Ka\u017cde pa\u0144stwo cz\u0142onkowskie b\u0119dzie musia\u0142o si\u0119 do\u0142o\u017cy\u0107, je\u015bli to si\u0119 nie powiedzie \u2014 kontynuowa\u0142.<\/p>\n<p class=\"ods-c-paragraph \">\u2014 Nie jeste\u015bmy jedynym krajem z zablokowanymi rosyjskimi aktywami \u2014 doda\u0142 premier Belgii. Wed\u0142ug niego s\u0105 inne kraje w Europie i w grupie G7, kt\u00f3re posiadaj\u0105 pewne ilo\u015bci unieruchomionych rosyjskich aktyw\u00f3w. \u2014 <a href=\"https:\/\/wiadomosci.onet.pl\/politico\/tektoniczna-zmiana-w-europie-zbliza-sie-kluczowa-decyzja-w-sprawie-przyszlosci\/1pdcc84\" id=\"02a11a22-bf9b-4324-998b-a9b0b8e9fe7c\" rel=\"nofollow noopener\" target=\"_blank\">Je\u015bli chcemy je przekaza\u0107 Ukrainie<\/a>, musimy zrobi\u0107 to wszyscy razem. W przeciwnym razie rosyjski odwet mo\u017ce dotkn\u0105\u0107 tylko Belgi\u0119 \u2014 powiedzia\u0142.<\/p>\n<p class=\"ods-c-paragraph \">Pytany o szanse na decyzj\u0119 na szczycie w czwartek, odpar\u0142, \u017ce by\u0142by zaskoczony, gdyby wszystko uda\u0142o si\u0119 za\u0142atwi\u0107, ale \u2014 jak podkre\u015bli\u0142 \u2014 &#8222;cuda ju\u017c si\u0119 zdarza\u0142y&#8221;.<\/p>\n","protected":false},"excerpt":{"rendered":"Po\u017cyczka reparacyjna dla Ukrainy b\u0119dzie jednym z g\u0142\u00f3wnych temat\u00f3w rozm\u00f3w unijnych lider\u00f3w na szczycie. Mia\u0142aby ona zosta\u0107 sfinansowana&hellip;\n","protected":false},"author":2,"featured_media":63966,"comment_status":"","ping_status":"","sticky":false,"template":"","format":"standard","meta":{"footnotes":""},"categories":[14],"tags":[16365,942,32,33,27,76,34,35,28,31,48,25,46,4887,40,41,87,47,80,29,30,415,86,26,82,83,84],"class_list":{"0":"post-63965","1":"post","2":"type-post","3":"status-publish","4":"format-standard","5":"has-post-thumbnail","7":"category-swiat","8":"tag-aktywa_panstwowe","9":"tag-belgia","10":"tag-breaking-news","11":"tag-breakingnews","12":"tag-headlines","13":"tag-inwazja_rosji_na_ukraine","14":"tag-latest-news","15":"tag-latestnews","16":"tag-naglowki","17":"tag-najwazniejsze-artykuly","18":"tag-nat_styl","19":"tag-news","20":"tag-omp","21":"tag-perso_tst1","22":"tag-polish","23":"tag-polski","24":"tag-rosja","25":"tag-screening_general","26":"tag-swiat","27":"tag-top-stories","28":"tag-topstories","29":"tag-ukraina","30":"tag-unia_europejska","31":"tag-wiadomosci","32":"tag-world","33":"tag-world-news","34":"tag-worldnews"},"share_on_mastodon":{"url":"https:\/\/pubeurope.com\/@pl\/115422537055582028","error":""},"_links":{"self":[{"href":"https:\/\/www.europesays.com\/pl\/wp-json\/wp\/v2\/posts\/63965","targetHints":{"allow":["GET"]}}],"collection":[{"href":"https:\/\/www.europesays.com\/pl\/wp-json\/wp\/v2\/posts"}],"about":[{"href":"https:\/\/www.europesays.com\/pl\/wp-json\/wp\/v2\/types\/post"}],"author":[{"embeddable":true,"href":"https:\/\/www.europesays.com\/pl\/wp-json\/wp\/v2\/users\/2"}],"replies":[{"embeddable":true,"href":"https:\/\/www.europesays.com\/pl\/wp-json\/wp\/v2\/comments?post=63965"}],"version-history":[{"count":0,"href":"https:\/\/www.europesays.com\/pl\/wp-json\/wp\/v2\/posts\/63965\/revisions"}],"wp:featuredmedia":[{"embeddable":true,"href":"https:\/\/www.europesays.com\/pl\/wp-json\/wp\/v2\/media\/63966"}],"wp:attachment":[{"href":"https:\/\/www.europesays.com\/pl\/wp-json\/wp\/v2\/media?parent=63965"}],"wp:term":[{"taxonomy":"category","embeddable":true,"href":"https:\/\/www.europesays.com\/pl\/wp-json\/wp\/v2\/categories?post=63965"},{"taxonomy":"post_tag","embeddable":true,"href":"https:\/\/www.europesays.com\/pl\/wp-json\/wp\/v2\/tags?post=63965"}],"curies":[{"name":"wp","href":"https:\/\/api.w.org\/{rel}","templated":true}]}}