{"id":63973,"date":"2025-10-23T08:33:07","date_gmt":"2025-10-23T08:33:07","guid":{"rendered":"https:\/\/www.europesays.com\/pl\/63973\/"},"modified":"2025-10-23T08:33:07","modified_gmt":"2025-10-23T08:33:07","slug":"bezrobocie-w-polsce-w-gore-gus-potwierdzil-szacunkowe-dane","status":"publish","type":"post","link":"https:\/\/www.europesays.com\/pl\/63973\/","title":{"rendered":"Bezrobocie w Polsce w g\u00f3r\u0119. GUS potwierdzi\u0142 szacunkowe dane"},"content":{"rendered":"<p>Wi\u0119cej zarejestrowanych bezrobotnych, ale te\u017c wi\u0119cej ofert pracy i wyrejestrowa\u0144<\/p>\n<p class=\"typography ids-typeset-body ids-typeset-body--preset-large link paragraph ids-paragraph ids-paragraph--default\">Liczba bezrobotnych zarejestrowanych w urz\u0119dach pracy wynios\u0142a we wrze\u015bniu 866,1 tys. wobec 856,3 tys. miesi\u0105c wcze\u015bniej.<\/p>\n<p class=\"typography ids-typeset-body ids-typeset-body--preset-large link paragraph ids-paragraph ids-paragraph--default\">Liczba nowo zarejestrowanych bezrobotnych wynios\u0142a 121,4 tys. wobec 96,8 tys. poprzednio.<\/p>\n<p class=\"typography ids-typeset-body ids-typeset-body--preset-large link paragraph ids-paragraph ids-paragraph--default\">Zarazem, jak wynika z tablic GUS, pracodawcy zg\u0142osili we wrze\u015bniu nieco wi\u0119cej ofert pracy, bo 41,1 tys.\u00a0wobec 39,3 tys. w sierpniu.<\/p>\n<p class=\"typography ids-typeset-body ids-typeset-body--preset-large link paragraph ids-paragraph ids-paragraph--default\">Urz\u0119dy pracy w Polsce wykre\u015bli\u0142y te\u017c z rejestr\u00f3w wi\u0119cej bezrobotnych we wrze\u015bniu w por\u00f3wnaniu z sierpniem &#8211; 111,5 tys. (w sierpniu 71,3 tys.), z czego 74,2 tys. wyrejestrowa\u0144 mia\u0142o zwi\u0105zek z podj\u0119ciem pracy przez dan\u0105 osob\u0119 (wobec 49,3 tys. w sierpniu).<\/p>\n<ul class=\"typography ids-typeset-body ids-typeset-body--preset-small ids-list list-new--article-list ids-list--unordered ids-list--size-small \" datatype=\"disc\">\n<li class=\"ids-list-item ids-list-item__content brief-list-item\"><a class=\"ids-undecorated-link link ids-link \" data-spons=\"false\" href=\"https:\/\/biznes.interia.pl\/gospodarka\/news-podkarpacie-z-najwyzszym-bezrobociem-w-kraju-gus-ujawnia-dan,nId,22423815\" rel=\"nofollow noopener\" target=\"_blank\">Podkarpacie z najwy\u017cszym bezrobociem w kraju. GUS ujawnia dane<\/a><\/li>\n<\/ul>\n<p>Bezrobocie w Polsce systematycznie pnie si\u0119 w g\u00f3r\u0119<\/p>\n<p class=\"typography ids-typeset-body ids-typeset-body--preset-large link paragraph ids-paragraph ids-paragraph--default\">Bezrobocie w Polsce pnie si\u0119 w g\u00f3r\u0119 od czerwca &#8211; wtedy stopa bezrobocia rejestrowanego wzros\u0142a o 0,2 punktu procentowego wobec poziomu z maja, osi\u0105gaj\u0105c 5,2 proc. W lipcu zn\u00f3w nast\u0105pi\u0142 wzrost o 0,2 pkt. proc.; w efekcie <a href=\"https:\/\/biznes.interia.pl\/gospodarka\/news-nowy-rodzaj-bezrobocia-na-horyzoncie-minister-zapewnia-dzial,nId,8017234\" target=\"_blank\" rel=\"nofollow noopener\">stopa bezrobocia<\/a> wynios\u0142a 5,4 proc. W sierpniu dynamika wzrostu nieco wyhamowa\u0142a &#8211; stopa bezrobocia posz\u0142a w g\u00f3r\u0119 o 0,1 pkt. procentowego, do 5,5 proc.<\/p>\n<p class=\"typography ids-typeset-body ids-typeset-body--preset-large link paragraph ids-paragraph ids-paragraph--default\">Ministerstwo Rodziny, Pracy i Polityki Spo\u0142ecznej podkre\u015bla, \u017ce wzrost stopy bezrobocia to po cz\u0119\u015bci efekt wej\u015bcia w \u017cycie nowej ustawy o rynku pracy i s\u0142u\u017cbach zatrudnienia, kt\u00f3ra &#8222;u\u0142atwi\u0142a&#8221; rejestracj\u0119 bezrobotnych, zwi\u0119kszaj\u0105c elastyczno\u015b\u0107 pewnych procedur w urz\u0119dach pracy.<\/p>\n<p class=\"typography ids-typeset-body ids-typeset-body--preset-large link paragraph ids-paragraph ids-paragraph--default\">Zarazem jednak eksperci, z kt\u00f3rymi rozmawia\u0142a Interia Biznes, zauwa\u017caj\u0105, \u017ce w Polsce wzrasta udzia\u0142 (w uj\u0119ciu rok do roku) os\u00f3b m\u0142odych i os\u00f3b dotychczas niepracuj\u0105cych w og\u00f3lnej grupie bezrobotnych.<\/p>\n<p>Jest za, g\u0142osowa\u0142 przeciw. B\u0142aszczak o podwy\u017cszeniu CIT dla bank\u00f3wPolsat  NewsPolsat News<\/p>\n","protected":false},"excerpt":{"rendered":"Wi\u0119cej zarejestrowanych bezrobotnych, ale te\u017c wi\u0119cej ofert pracy i wyrejestrowa\u0144 Liczba bezrobotnych zarejestrowanych w urz\u0119dach pracy wynios\u0142a we&hellip;\n","protected":false},"author":2,"featured_media":63974,"comment_status":"","ping_status":"","sticky":false,"template":"","format":"standard","meta":{"footnotes":""},"categories":[16],"tags":[113,112,42,38,40,39,41],"class_list":{"0":"post-63973","1":"post","2":"type-post","3":"status-publish","4":"format-standard","5":"has-post-thumbnail","7":"category-biznes","8":"tag-biznes","9":"tag-business","10":"tag-pl","11":"tag-poland","12":"tag-polish","13":"tag-polska","14":"tag-polski"},"share_on_mastodon":{"url":"https:\/\/pubeurope.com\/@pl\/115422560606720282","error":""},"_links":{"self":[{"href":"https:\/\/www.europesays.com\/pl\/wp-json\/wp\/v2\/posts\/63973","targetHints":{"allow":["GET"]}}],"collection":[{"href":"https:\/\/www.europesays.com\/pl\/wp-json\/wp\/v2\/posts"}],"about":[{"href":"https:\/\/www.europesays.com\/pl\/wp-json\/wp\/v2\/types\/post"}],"author":[{"embeddable":true,"href":"https:\/\/www.europesays.com\/pl\/wp-json\/wp\/v2\/users\/2"}],"replies":[{"embeddable":true,"href":"https:\/\/www.europesays.com\/pl\/wp-json\/wp\/v2\/comments?post=63973"}],"version-history":[{"count":0,"href":"https:\/\/www.europesays.com\/pl\/wp-json\/wp\/v2\/posts\/63973\/revisions"}],"wp:featuredmedia":[{"embeddable":true,"href":"https:\/\/www.europesays.com\/pl\/wp-json\/wp\/v2\/media\/63974"}],"wp:attachment":[{"href":"https:\/\/www.europesays.com\/pl\/wp-json\/wp\/v2\/media?parent=63973"}],"wp:term":[{"taxonomy":"category","embeddable":true,"href":"https:\/\/www.europesays.com\/pl\/wp-json\/wp\/v2\/categories?post=63973"},{"taxonomy":"post_tag","embeddable":true,"href":"https:\/\/www.europesays.com\/pl\/wp-json\/wp\/v2\/tags?post=63973"}],"curies":[{"name":"wp","href":"https:\/\/api.w.org\/{rel}","templated":true}]}}