{"id":63975,"date":"2025-10-23T08:34:09","date_gmt":"2025-10-23T08:34:09","guid":{"rendered":"https:\/\/www.europesays.com\/pl\/63975\/"},"modified":"2025-10-23T08:34:09","modified_gmt":"2025-10-23T08:34:09","slug":"rosyjski-wojskowy-uciekl-do-francji-nagle-trafil-do-szpitala-w-ciezkim-stanie","status":"publish","type":"post","link":"https:\/\/www.europesays.com\/pl\/63975\/","title":{"rendered":"Rosyjski wojskowy uciek\u0142 do Francji. Nagle trafi\u0142 do szpitala w ci\u0119\u017ckim stanie"},"content":{"rendered":"<p class=\"article-p\" data-section=\"detail-body\">Wed\u0142ug doniesie\u0144 &#8222;Echa Moskwy&#8221;, powo\u0142uj\u0105cego si\u0119 na \u017ar\u00f3d\u0142a zbli\u017cone do by\u0142ego wojskowego, \u017bilijew &#8222;utraci\u0142 pami\u0119\u0107 i nie mo\u017ce samodzielnie si\u0119 porusza\u0107&#8221;. Specjali\u015bci wykluczyli mo\u017cliwo\u015b\u0107 otrucia, jednak dok\u0142adne okoliczno\u015bci jego nag\u0142ego pogorszenia stanu zdrowia nie s\u0105 znane. Bliscy i znajomi \u017bilijewa przekazali, \u017ce przez ostatnie miesi\u0105ce nie utrzymywa\u0142 z nikim kontaktu, a o jego pobycie w szpitalu dowiedzieli si\u0119 dopiero oko\u0142o dw\u00f3ch tygodni temu.<\/p>\n<p class=\"article-p\" data-section=\"detail-body\">Czytaj te\u017c: <a href=\"https:\/\/www.fakt.pl\/wydarzenia\/dezerterzy-putina-jak-rosyjscy-zolnierze-uciekaja-przed-wojna-ryzykuja-wiele\/83fv1c6\" id=\"d0775485-3921-4c92-afba-9e213c1fcd8b\" rel=\"nofollow noopener\" target=\"_blank\">Szokuj\u0105ce kulisy ucieczek z rosyjskiej armii. Nie chc\u0105 umiera\u0107 za Putina. &#8222;To wszystko by\u0142o bez sensu&#8221;<\/a><\/p>\n<p>        Rosyjski wojskowy zdezerterowa\u0142. Wykrad\u0142 dane \u017co\u0142nierzy<\/p>\n<p class=\"article-p\" data-section=\"detail-body\">W sierpniu 2024 r. wojskowy zdecydowa\u0142 si\u0119 na dezercj\u0119 z wydzia\u0142u ewakuacji rannych ze 144. Gwardyjskiej Dywizji Strzelc\u00f3w Zmotoryzowanych. Do s\u0142u\u017cby wst\u0105pi\u0142 w listopadzie 2023 r. Pe\u0142ni\u0142 s\u0142u\u017cb\u0119 sanitariusza z przekonaniem, \u017ce b\u0119dzie m\u00f3g\u0142 ratowa\u0107 \u017cycie na froncie. Po kilku miesi\u0105cach uzna\u0142 jednak, \u017ce jego praca nie ma sensu.<\/p>\n<p class=\"article-p\" data-section=\"detail-body\">Jak podaje &#8222;The Moscow Times&#8221;, \u017bilijew wywi\u00f3z\u0142 z Rosji baz\u0119 danych G\u0142\u00f3wnego Zarz\u0105du Wojskowo-Medycznego, kt\u00f3ra zawiera\u0142a informacje o 166 tys. \u017co\u0142nierzy leczonych w szpitalach w Rosji oraz na okupowanym Krymie od stycznia 2022 do czerwca 2024 r. Dane te przekaza\u0142 dziennikarzom Radia Swoboda, kt\u00f3rzy potwierdzili ich autentyczno\u015b\u0107. Od momentu ucieczki przebywa we Francji. W przypadku powrotu do Rosji grozi\u0142oby mu 15 lat wi\u0119zienia.<\/p>\n<p class=\"article-p\" data-section=\"detail-body\">\u0179r\u00f3d\u0142o: Gazeta.pl<\/p>\n<p class=\"article-p\" data-section=\"detail-body\"><a href=\"https:\/\/www.fakt.pl\/polityka\/najgrozniejszy-gangster-rosji-chce-walczyc-w-ukrainie-dzako-prosi-o-front\/364pq9k\" id=\"e0e8d2fb-f952-4928-b599-f9c0880658cf\" rel=\"nofollow noopener\" target=\"_blank\">Zwyrodnialec z Rosji trafi na front? Zgroza, za co siedzi &#8222;D\u017cako&#8221;<\/a><\/p>\n<p class=\"article-p\" data-section=\"detail-body\"><a href=\"https:\/\/www.fakt.pl\/wydarzenia\/swiat\/rosjanin-byl-na-froncie-jest-bezdomny-straszne-co-mowi-o-wojnie-w-ukrainie\/7l1zlrs\" id=\"578ffd2c-046c-4769-8236-a5cd66a02eb9\" rel=\"nofollow noopener\" target=\"_blank\">Zapytali Rosjanina, czy wie, co si\u0119 dzieje si\u0119 w Ukrainie. To straszne, co odpowiedzia\u0142<\/a><\/p>\n<p>        \/1<\/p>\n<p>                    <img decoding=\"async\" class=\"article-image-img\" loading=\"lazy\" alt=\"\" src=\"https:\/\/www.europesays.com\/pl\/wp-content\/uploads\/2025\/10\/hBEk9kuTURBXy9kYzc1NWYzMS1iNTQxLTQ5MWEtOTcxYy1lYTI0NDVmNWFjZTQuanBlZ5GTAs0DSM0B2N4AAqEwAaExAQ.jpeg\" width=\"840\" height=\"472\"\/><\/p>\n<p>                  &#8211; \/ Telegram<\/p>\n<p class=\"article-gallery-p\">\n        Aleksiej \u017bilijew przebywa w stanie ci\u0119\u017ckim we francuskim szpitalu. Jak przekazuj\u0105 rosyjskie media, &#8222;straci\u0142 pami\u0119\u0107&#8221;.\n    <\/p>\n","protected":false},"excerpt":{"rendered":"Wed\u0142ug doniesie\u0144 &#8222;Echa Moskwy&#8221;, powo\u0142uj\u0105cego si\u0119 na \u017ar\u00f3d\u0142a zbli\u017cone do by\u0142ego wojskowego, \u017bilijew &#8222;utraci\u0142 pami\u0119\u0107 i nie mo\u017ce&hellip;\n","protected":false},"author":2,"featured_media":63976,"comment_status":"","ping_status":"","sticky":false,"template":"","format":"standard","meta":{"footnotes":""},"categories":[14],"tags":[32,33,27,34,35,28,31,25,40,41,80,29,30,26,82,83,84],"class_list":{"0":"post-63975","1":"post","2":"type-post","3":"status-publish","4":"format-standard","5":"has-post-thumbnail","7":"category-swiat","8":"tag-breaking-news","9":"tag-breakingnews","10":"tag-headlines","11":"tag-latest-news","12":"tag-latestnews","13":"tag-naglowki","14":"tag-najwazniejsze-artykuly","15":"tag-news","16":"tag-polish","17":"tag-polski","18":"tag-swiat","19":"tag-top-stories","20":"tag-topstories","21":"tag-wiadomosci","22":"tag-world","23":"tag-world-news","24":"tag-worldnews"},"share_on_mastodon":{"url":"https:\/\/pubeurope.com\/@pl\/115422564636593154","error":""},"_links":{"self":[{"href":"https:\/\/www.europesays.com\/pl\/wp-json\/wp\/v2\/posts\/63975","targetHints":{"allow":["GET"]}}],"collection":[{"href":"https:\/\/www.europesays.com\/pl\/wp-json\/wp\/v2\/posts"}],"about":[{"href":"https:\/\/www.europesays.com\/pl\/wp-json\/wp\/v2\/types\/post"}],"author":[{"embeddable":true,"href":"https:\/\/www.europesays.com\/pl\/wp-json\/wp\/v2\/users\/2"}],"replies":[{"embeddable":true,"href":"https:\/\/www.europesays.com\/pl\/wp-json\/wp\/v2\/comments?post=63975"}],"version-history":[{"count":0,"href":"https:\/\/www.europesays.com\/pl\/wp-json\/wp\/v2\/posts\/63975\/revisions"}],"wp:featuredmedia":[{"embeddable":true,"href":"https:\/\/www.europesays.com\/pl\/wp-json\/wp\/v2\/media\/63976"}],"wp:attachment":[{"href":"https:\/\/www.europesays.com\/pl\/wp-json\/wp\/v2\/media?parent=63975"}],"wp:term":[{"taxonomy":"category","embeddable":true,"href":"https:\/\/www.europesays.com\/pl\/wp-json\/wp\/v2\/categories?post=63975"},{"taxonomy":"post_tag","embeddable":true,"href":"https:\/\/www.europesays.com\/pl\/wp-json\/wp\/v2\/tags?post=63975"}],"curies":[{"name":"wp","href":"https:\/\/api.w.org\/{rel}","templated":true}]}}