{"id":63979,"date":"2025-10-23T08:37:13","date_gmt":"2025-10-23T08:37:13","guid":{"rendered":"https:\/\/www.europesays.com\/pl\/63979\/"},"modified":"2025-10-23T08:37:13","modified_gmt":"2025-10-23T08:37:13","slug":"szczesny-w-akcji-a-tu-zwrot-ws-ter-stegena-moze-odejsc-zima","status":"publish","type":"post","link":"https:\/\/www.europesays.com\/pl\/63979\/","title":{"rendered":"Szcz\u0119sny w akcji, a tu zwrot ws. ter Stegena. Mo\u017ce odej\u015b\u0107 zim\u0105"},"content":{"rendered":"<p class=\"typography ids-typeset-body ids-typeset-body--preset-large link paragraph ids-paragraph ids-paragraph--default\">Wojciech Szcz\u0119sny podchodz\u0105c do kolejnej kampanii w barwach FC Barcelona spodziewa\u0142 si\u0119 przede wszystkim okazjonalnych wyst\u0119p\u00f3w dla &#8222;Blaugrany&#8221; &#8211; np. w Pucharze Kr\u00f3la &#8211; zdaj\u0105c sobie spraw\u0119, \u017ce nowym numerem jeden dru\u017cyny ma by\u0107\u00a0Joan Garcia.<\/p>\n<p class=\"typography ids-typeset-body ids-typeset-body--preset-large link paragraph ids-paragraph ids-paragraph--default\">Hiszpan jednak ca\u0142kiem niedawno dozna\u0142 nieco powa\u017cniejszej kontuzji, w zwi\u0105zku z czym &#8222;Szczena&#8221; wskoczy\u0142 na miejsce swojego m\u0142odszego kolegi po fachu w sk\u0142adzie wyj\u015bciowym &#8222;Barcy&#8221; i jak na razie zagra\u0142 w ten spos\u00f3b w bie\u017c\u0105cym sezonie pi\u0119\u0107 spotka\u0144 &#8211; trzy w <a href=\"https:\/\/sport.interia.pl\/pilka-nozna\/la-liga\" target=\"_blank\" rel=\"nofollow noopener\">Primera Division<\/a> i dwa w Lidze Mistrz\u00f3w.<\/p>\n<p>Co dalej z trenerem Legii Warszawa? Eksperci zabrali g\u0142osPolsat Sport<\/p>\n<p>Ter Stegen coraz bli\u017cej definitywnego po\u017cegnania z Barcelon\u0105? &#8222;Przesta\u0142o by\u0107 wykluczone&#8221;<\/p>\n<p class=\"typography ids-typeset-body ids-typeset-body--preset-large link paragraph ids-paragraph ids-paragraph--default\">Tymczasem, nieco w tle, pozostaje sprawa jeszcze jednego golkipera &#8222;Dumy Katalonii&#8221; &#8211; Marca-Andre ter Stegena, kt\u00f3ry z jednego z lider\u00f3w zespo\u0142u w poprzednim sezonie spad\u0142 jak na razie do roli gracza b\u0119d\u0105cego w zasadzie na wylocie z klubu.<\/p>\n<p class=\"typography ids-typeset-body ids-typeset-body--preset-large link paragraph ids-paragraph ids-paragraph--default\">Niemiec obecnie wraca do pe\u0142ni zdrowia po powa\u017cnej kontuzji plec\u00f3w (i operacji, kt\u00f3r\u0105 musia\u0142 w zwi\u0105zku z ni\u0105 przej\u015b\u0107), natomiast Niemiec nawet b\u0119d\u0105c w pe\u0142ni si\u0142 ma raczej marne szanse na granie jakiejkolwiek istotniejszej roli w FCB. W ca\u0142ym tym kontek\u015bcie gar\u015b\u0107 interesuj\u0105cych informacji przekaza\u0142a rodak &#8222;MAtS-a&#8221;, dziennikarz Florian Plettenberg z redakcji Sky Sports.<\/p>\n<p class=\"typography ids-typeset-body ids-typeset-body--preset-large link paragraph ids-paragraph ids-paragraph--default\">Zgodnie z jego doniesieniami opcja, w ramach kt\u00f3rej ter Stegen zosta\u0142by sprzedany ju\u017c podczas najbli\u017cszego zimowego okienka, nie jest ju\u017c wykluczona. Mo\u017cliwe jest te\u017c wypo\u017cyczenie i w tej kwestii &#8222;pojawi\u0142y si\u0119 ju\u017c zapytania&#8221;.<\/p>\n<p class=\"typography ids-typeset-body ids-typeset-body--preset-large link paragraph ids-paragraph ids-paragraph--default\">Istotnym t\u0142em dla tej sprawy jest fakt, \u017ce ter Stegenowi\u00a0zale\u017cy na wzi\u0119ciu udzia\u0142u w zbli\u017caj\u0105cych si\u0119 mistrzostwach \u015bwiata 2026, ale \u017ceby marzy\u0107 w og\u00f3le o powo\u0142aniu&#8230; musi regularnie gra\u0107, cho\u0107by na ostatniej prostej przed rozpocz\u0119ciem turnieju. Czy niebawem b\u0119dziemy wi\u0119c \u015bwiadkami transferowego hitu?<\/p>\n<p>&#8222;El Clasico&#8221; za pasem. Ze Szcz\u0119snym, ale bez Lewandowskiego<\/p>\n<p class=\"typography ids-typeset-body ids-typeset-body--preset-large link paragraph ids-paragraph ids-paragraph--default\">FC Barcelona\u00a0tymczasem szykuje si\u0119 ju\u017c do jednego z najwa\u017cniejszych dla siebie mecz\u00f3w w sezonie &#8211; czyli oczywi\u015bcie &#8222;El Clasico&#8221;. Potyczka z Realem Madryt zostanie rozegrana 26 pa\u017adziernika o godz. 16.15 &#8211; i zn\u00f3w nale\u017cy si\u0119 tu spodziewa\u0107, \u017ce Szcz\u0119sny\u00a0zaliczy na murawie pe\u0142ne 90 minut. Niestety w przeciwie\u0144stwie do Roberta Lewandowskiego, kt\u00f3ry nabawi\u0142 si\u0119 urazu mi\u0119\u015bnia dwug\u0142owego uda.<\/p>\n<p><img decoding=\"async\" type=\"image\" link=\"\" author=\"URBANANDSPORT \/ NurPhoto \/ NurPhoto via AFP \/ Neal Simpson\/Allstar\/Getty Images\" source=\"AFP\" attachmentident=\"000LBN5NGQEPEWEA\" class=\"ids-image-holder__img\" loading=\"lazy\" alt=\"Dw\u00f3ch pi\u0142karzy, jeden w stroju bramkarza w zielono-czarnym trykocie z opask\u0105 kapitana, drugi w tle w okr\u0105g\u0142ej ramce w niebieskiej bluzie z herbem FC Barcelony i logotypem Spotify.\" title=\"Wojciech Szcz\u0119sny i Marc-Andre ter Stegen\" width=\"1748\" height=\"1240\" src=\"https:\/\/www.europesays.com\/pl\/wp-content\/uploads\/2025\/10\/000LBN5NGQEPEWEA-C322-F4.webp.webp\"\/><\/p>\n<p>Wojciech Szcz\u0119sny i Marc-Andre ter StegenURBANANDSPORT \/ NurPhoto \/ NurPhoto via AFP \/ Neal Simpson\/Allstar\/Getty ImagesAFP<\/p>\n<p><img decoding=\"async\" type=\"image\" link=\"\" author=\"Urbanandsport \/ NurPhoto \/ NurPhoto via AFP \/ ZUMA\/NEWSPIX.PL\" source=\"AFP\" attachmentident=\"000LD27I5QDKR5HY\" class=\"ids-image-holder__img\" loading=\"lazy\" alt=\"Pi\u0142karz w stroju bramkarskim stoi na murawie podczas meczu, natomiast w okr\u0105g\u0142ym wstawieniu wida\u0107 m\u0119\u017cczyzn\u0119 siedz\u0105cego na trybunach, ubranego na czarno, z rezerwacj\u0105 miejsca obok.\" title=\"Wojciech Szcz\u0119sny i Marc-Andre ter Stegen\" width=\"1748\" height=\"1240\" src=\"https:\/\/www.europesays.com\/pl\/wp-content\/uploads\/2025\/10\/000LD27I5QDKR5HY-C322-F4.webp.webp\"\/><\/p>\n<p>Wojciech Szcz\u0119sny i Marc-Andre ter StegenUrbanandsport \/ NurPhoto \/ NurPhoto via AFP \/ ZUMA\/NEWSPIX.PLAFP<\/p>\n<p><img decoding=\"async\" type=\"image\" link=\"\" author=\"Urbanandsport \/ NurPhoto \/ NurPhoto via AFP \/ AFLO\/NEWSPIX.PL\" source=\"AFP\" attachmentident=\"000LDD2TN5TRA6XA\" class=\"ids-image-holder__img\" loading=\"lazy\" alt=\"Dw\u00f3ch pi\u0142karzy na boisku w strojach dru\u017cyny FC Barcelona, jeden w zielonym stroju bramkarskim z opask\u0105 kapitana i logo Spotify na piersi, drugi w okr\u0105g\u0142ym kadrze w granatowej bluzie z tym samym logotypem.\" title=\"Wojciech Szcz\u0119sny i Marc-Andre ter Stegen\" width=\"1748\" height=\"1240\" src=\"https:\/\/www.europesays.com\/pl\/wp-content\/uploads\/2025\/10\/000LDD2TN5TRA6XA-C322-F4.webp.webp\"\/><\/p>\n<p>Wojciech Szcz\u0119sny i Marc-Andre ter StegenUrbanandsport \/ NurPhoto \/ NurPhoto via AFP \/ AFLO\/NEWSPIX.PLAFP<\/p>\n<p><a class=\"ids-undecorated-link source ids-page-info--source__link\" href=\"https:\/\/www.interia.pl\" rel=\"nofollow noopener\" target=\"_blank\"><img decoding=\"async\" type=\"image\" attachmentident=\"0009A60QQ5I2TYF7\" class=\"ids-image-holder__img\" loading=\"lazy\" alt=\"\" title=\"\" height=\"24px\" src=\"https:\/\/www.europesays.com\/pl\/wp-content\/uploads\/2025\/10\/1761145152_136_0009A60QQ5I2TYF7-C202-F4.webp.webp\"\/><\/a><\/p>\n<p>Masz sugestie, uwagi albo widzisz b\u0142\u0105d? Napisz do nas<\/p>\n","protected":false},"excerpt":{"rendered":"Wojciech Szcz\u0119sny podchodz\u0105c do kolejnej kampanii w barwach FC Barcelona spodziewa\u0142 si\u0119 przede wszystkim okazjonalnych wyst\u0119p\u00f3w dla &#8222;Blaugrany&#8221;&hellip;\n","protected":false},"author":2,"featured_media":63980,"comment_status":"","ping_status":"","sticky":false,"template":"","format":"standard","meta":{"footnotes":""},"categories":[24],"tags":[42,38,40,39,41,127,126],"class_list":{"0":"post-63979","1":"post","2":"type-post","3":"status-publish","4":"format-standard","5":"has-post-thumbnail","7":"category-sport","8":"tag-pl","9":"tag-poland","10":"tag-polish","11":"tag-polska","12":"tag-polski","13":"tag-sport","14":"tag-sports"},"share_on_mastodon":{"url":"https:\/\/pubeurope.com\/@pl\/115422576370424607","error":""},"_links":{"self":[{"href":"https:\/\/www.europesays.com\/pl\/wp-json\/wp\/v2\/posts\/63979","targetHints":{"allow":["GET"]}}],"collection":[{"href":"https:\/\/www.europesays.com\/pl\/wp-json\/wp\/v2\/posts"}],"about":[{"href":"https:\/\/www.europesays.com\/pl\/wp-json\/wp\/v2\/types\/post"}],"author":[{"embeddable":true,"href":"https:\/\/www.europesays.com\/pl\/wp-json\/wp\/v2\/users\/2"}],"replies":[{"embeddable":true,"href":"https:\/\/www.europesays.com\/pl\/wp-json\/wp\/v2\/comments?post=63979"}],"version-history":[{"count":0,"href":"https:\/\/www.europesays.com\/pl\/wp-json\/wp\/v2\/posts\/63979\/revisions"}],"wp:featuredmedia":[{"embeddable":true,"href":"https:\/\/www.europesays.com\/pl\/wp-json\/wp\/v2\/media\/63980"}],"wp:attachment":[{"href":"https:\/\/www.europesays.com\/pl\/wp-json\/wp\/v2\/media?parent=63979"}],"wp:term":[{"taxonomy":"category","embeddable":true,"href":"https:\/\/www.europesays.com\/pl\/wp-json\/wp\/v2\/categories?post=63979"},{"taxonomy":"post_tag","embeddable":true,"href":"https:\/\/www.europesays.com\/pl\/wp-json\/wp\/v2\/tags?post=63979"}],"curies":[{"name":"wp","href":"https:\/\/api.w.org\/{rel}","templated":true}]}}