{"id":63981,"date":"2025-10-23T08:38:09","date_gmt":"2025-10-23T08:38:09","guid":{"rendered":"https:\/\/www.europesays.com\/pl\/63981\/"},"modified":"2025-10-23T08:38:09","modified_gmt":"2025-10-23T08:38:09","slug":"nie-zyje-virginia-lillye-56-latka-wystepowala-w-znanym-talent-show","status":"publish","type":"post","link":"https:\/\/www.europesays.com\/pl\/63981\/","title":{"rendered":"Nie \u017cyje Virginia Lillye. 56-latka wyst\u0119powa\u0142a w znanym talent show"},"content":{"rendered":"<p class=\"typography ids-typeset-body ids-typeset-body--preset-large link paragraph ids-paragraph ids-paragraph--default\">Informacj\u0119 o \u015bmierci pochodz\u0105cej z Sydney\u00a0Vigrinii Lillye przekaza\u0142 pochodz\u0105cy z Australii muzyk, Don Spencer: &#8222;Virginia by\u0142a nie tylko niesamowicie utalentowan\u0105, ale tak\u017ce jedn\u0105 z najmilszych os\u00f3b, jakie mo\u017cna spotka\u0107. Wyst\u0119powa\u0142a wielokrotnie, pomagaj\u0105c zebra\u0107 fundusze dla Australijskiej Fundacji Muzyki Dzieci\u0119cej. By\u0142a absolutnie niesamowita. Najszczersze kondolencje dla Juliana i jego rodziny. Spoczywaj w pokoju&#8221; &#8211; czytamy we wpisie opublikowanym w mediach spo\u0142eczno\u015bciowych.<\/p>\n<p>Gwiazda australijskiego &#8222;The Voice&#8221; gra\u0142a z legendami rocka<\/p>\n<p class=\"typography ids-typeset-body ids-typeset-body--preset-large link paragraph ids-paragraph ids-paragraph--default\">Virginia Lillye mocno rozwin\u0119\u0142a swoj\u0105 karier\u0119 muzyczn\u0105. Wokalistka dzieli\u0142a sceny z gwiazdami takimi jak\u00a0Gene Simmons (KISS), Richie Kotzen (Poison) czy Gilby Clarke (Guns N&#8217; Roses). Zaskarbi\u0142a sobie serca fan\u00f3w wyst\u0119puj\u0105c tak\u017ce z australijskimi zespo\u0142ami. Jej charyzma i prezencja sceniczna znacz\u0105co przyczyni\u0142y si\u0119 do umocnienia swojej pozycji na scenie.<\/p>\n<p class=\"typography ids-typeset-body ids-typeset-body--preset-large link paragraph ids-paragraph ids-paragraph--default\">Rockowa liderka znacz\u0105co zyska\u0142a na popularno\u015bci po wyst\u0119pie w 9. edycji australijskiego &#8222;The Voice&#8221; w 2020 roku. Tam rozwija\u0142a si\u0119 pod skrzyd\u0142ami Boya George&#8217;a. Finalnie zakwalifikowa\u0142a si\u0119 do najlepszej 20 programu.<\/p>\n<p class=\"typography ids-typeset-body ids-typeset-body--preset-large link paragraph ids-paragraph ids-paragraph--default\">Smutna informacja o \u015bmierci artystki nadesz\u0142a po dwuletnich zmaganiach z chorob\u0105. W czerwcu 2023 roku Lillye us\u0142ysza\u0142a przera\u017caj\u0105c\u0105 diagnoz\u0119 &#8211; rak jajnika w trzecim stadium. Wokalistka nie zamierza\u0142a si\u0119 jednak poddawa\u0107 i walczy\u0142a do samego ko\u0144ca. Choroby niestety nie uda\u0142o si\u0119 pokona\u0107, piosenkarka mia\u0142a zaledwie 56 lat.<\/p>\n<p class=\"typography ids-typeset-body ids-typeset-body--preset-large link paragraph ids-paragraph ids-paragraph--default\">Poruszaj\u0105cy wpis opublikowa\u0142 tak\u017ce zesp\u00f3\u0142 wokalistki: &#8222;Nigdy nie b\u0119dzie drugiej takiej frontmenki&#8230; Kochamy Ci\u0119 bardzo i nigdy nie zostaniesz zapomniana. Odejd\u017a w pokoju, nasza s\u0142odka Vinny&#8221;.<\/p>\n<p>Jacko Brango zdradza szczeg\u00f3\u0142y swojego debiutanckiego kr\u0105\u017cka &#8222;ZA DU\u017bO GITAR&#8221;Wiktor FejkielINTERIA.PL<\/p>\n<p><a class=\"ids-undecorated-link source ids-page-info--source__link\" href=\"https:\/\/www.interia.pl\" rel=\"nofollow noopener\" target=\"_blank\"><img decoding=\"async\" type=\"image\" attachmentident=\"0009A60QQ5I2TYF7\" class=\"ids-image-holder__img\" loading=\"lazy\" alt=\"\" title=\"\" height=\"24px\" src=\"https:\/\/www.europesays.com\/pl\/wp-content\/uploads\/2025\/10\/1761145152_136_0009A60QQ5I2TYF7-C202-F4.webp.webp\"\/><\/a><\/p>\n<p>Masz sugestie, uwagi albo widzisz b\u0142\u0105d? Napisz do nas<\/p>\n","protected":false},"excerpt":{"rendered":"Informacj\u0119 o \u015bmierci pochodz\u0105cej z Sydney\u00a0Vigrinii Lillye przekaza\u0142 pochodz\u0105cy z Australii muzyk, Don Spencer: &#8222;Virginia by\u0142a nie tylko&hellip;\n","protected":false},"author":2,"featured_media":63982,"comment_status":"","ping_status":"","sticky":false,"template":"","format":"standard","meta":{"footnotes":""},"categories":[22],"tags":[122,42,38,40,39,41,123],"class_list":{"0":"post-63981","1":"post","2":"type-post","3":"status-publish","4":"format-standard","5":"has-post-thumbnail","7":"category-rozrywka","8":"tag-entertainment","9":"tag-pl","10":"tag-poland","11":"tag-polish","12":"tag-polska","13":"tag-polski","14":"tag-rozrywka"},"share_on_mastodon":{"url":"https:\/\/pubeurope.com\/@pl\/115422580171770395","error":""},"_links":{"self":[{"href":"https:\/\/www.europesays.com\/pl\/wp-json\/wp\/v2\/posts\/63981","targetHints":{"allow":["GET"]}}],"collection":[{"href":"https:\/\/www.europesays.com\/pl\/wp-json\/wp\/v2\/posts"}],"about":[{"href":"https:\/\/www.europesays.com\/pl\/wp-json\/wp\/v2\/types\/post"}],"author":[{"embeddable":true,"href":"https:\/\/www.europesays.com\/pl\/wp-json\/wp\/v2\/users\/2"}],"replies":[{"embeddable":true,"href":"https:\/\/www.europesays.com\/pl\/wp-json\/wp\/v2\/comments?post=63981"}],"version-history":[{"count":0,"href":"https:\/\/www.europesays.com\/pl\/wp-json\/wp\/v2\/posts\/63981\/revisions"}],"wp:featuredmedia":[{"embeddable":true,"href":"https:\/\/www.europesays.com\/pl\/wp-json\/wp\/v2\/media\/63982"}],"wp:attachment":[{"href":"https:\/\/www.europesays.com\/pl\/wp-json\/wp\/v2\/media?parent=63981"}],"wp:term":[{"taxonomy":"category","embeddable":true,"href":"https:\/\/www.europesays.com\/pl\/wp-json\/wp\/v2\/categories?post=63981"},{"taxonomy":"post_tag","embeddable":true,"href":"https:\/\/www.europesays.com\/pl\/wp-json\/wp\/v2\/tags?post=63981"}],"curies":[{"name":"wp","href":"https:\/\/api.w.org\/{rel}","templated":true}]}}