{"id":63983,"date":"2025-10-23T08:40:04","date_gmt":"2025-10-23T08:40:04","guid":{"rendered":"https:\/\/www.europesays.com\/pl\/63983\/"},"modified":"2025-10-23T08:40:04","modified_gmt":"2025-10-23T08:40:04","slug":"tyle-polacy-zarobili-w-ubieglym-roku-uwage-zwraca-jedna-grupa","status":"publish","type":"post","link":"https:\/\/www.europesays.com\/pl\/63983\/","title":{"rendered":"Tyle Polacy zarobili w ubieg\u0142ym roku. Uwag\u0119 zwraca jedna grupa"},"content":{"rendered":"<p class=\"typography ids-typeset-body ids-typeset-body--preset-large link paragraph ids-paragraph ids-paragraph--default\">W czwartek GUS poda\u0142 ostateczne dane dotycz\u0105ce przeci\u0119tnego zatrudnienia i wynagrodzenia w gospodarce narodowej w 2024 roku. \u015arednie zatrudnienie wynios\u0142o 11 mln 038 800 tys. etat\u00f3w\u00a0i pozosta\u0142o na zbli\u017conym poziomie w stosunku do poprzedniego roku.<\/p>\n<p>Ro\u015bnie zatrudnienie w gospodarce narodowej<\/p>\n<p class=\"typography ids-typeset-body ids-typeset-body--preset-large link paragraph ids-paragraph ids-paragraph--default\">&#8222;W 2024 r. &#8211; podobnie jak w latach ubieg\u0142ych &#8211; najwi\u0119cej etat\u00f3w (22,6 proc.) skupionych by\u0142o w sekcji Przetw\u00f3rstwo przemys\u0142owe. Wzgl\u0119dem 2023 r. przeci\u0119tne zatrudnienie zwi\u0119kszy\u0142o si\u0119 w wi\u0119kszo\u015bci sekcji, a najwi\u0119kszy wzrost mia\u0142 miejsce w sekcji Dzia\u0142alno\u015b\u0107 zwi\u0105zana z kultur\u0105, rozrywk\u0105 i rekreacj\u0105\u00a0(o 2,7 proc.) oraz Zakwaterowanie i gastronomia (o 2,3 proc.)&#8221; &#8211; wskazano.<\/p>\n<p class=\"typography ids-typeset-body ids-typeset-body--preset-large link paragraph ids-paragraph ids-paragraph--default\">Z kolei spadek zatrudnienia odnotowano m.in. w sekcji Wytwarzanie i zaopatrywanie w energi\u0119 elektryczn\u0105, gaz, par\u0119 wodn\u0105 i gor\u0105c\u0105 wod\u0119 (o 3,1%) oraz Administrowanie i dzia\u0142alno\u015b\u0107 wspieraj\u0105ca (o 2,1%).<\/p>\n<p>Realne p\u0142ace Polak\u00f3w w g\u00f3r\u0119<\/p>\n<p class=\"typography ids-typeset-body ids-typeset-body--preset-large link paragraph ids-paragraph ids-paragraph--default\">Ostateczne dane GUS wskazuj\u0105, \u017ce\u00a0\u015brednie\u00a0<a href=\"https:\/\/biznes.interia.pl\/gospodarka\/news-ile-zarabiaja-polacy-te-dane-roznia-sie-od-sredniej-placy,nId,22425917\" target=\"_self\" rel=\"nofollow noopener\">zarobki\u00a0<\/a>w gospodarce narodowej wzros\u0142y w ubieg\u0142ym roku nominalnie o 13,3 proc. do poziomu 8157,57 z\u0142 brutto. By\u0142o ono zr\u00f3\u017cnicowane w zale\u017cno\u015bci od sekcji PKD. Najni\u017csze odnotowano w Zakwaterowaniu i gastronomii (5405,29 z\u0142), najwy\u017csze za\u015b w\u00a0Informatyce i komunikacji, gdzie zarabia\u0142o si\u0119 o 64,7 proc. wi\u0119cej od przeci\u0119tnego miesi\u0119cznego wynagrodzenia brutto w Polsce.<\/p>\n<p class=\"typography ids-typeset-body ids-typeset-body--preset-large link paragraph ids-paragraph ids-paragraph--default\">Wst\u0119pne dane na ten temat zosta\u0142y opublikowane w czerwcu. W\u00f3wczas urz\u0105d wskazywa\u0142, \u017ce poziom zatrudnienia wynosi\u0142 11 mln etat\u00f3w, za\u015b przeci\u0119tne miesi\u0119czne wynagrodzenie brutto wynios\u0142o 8181,72 z\u0142.<\/p>\n<p class=\"typography ids-typeset-body ids-typeset-body--preset-large link paragraph ids-paragraph ids-paragraph--default\">Obecny poziom wynagrodze\u0144 w\u00a0sektorze przedsi\u0119biorstw, zgodnie z danymi z wrze\u015bnia, wzr\u00f3s\u0142 o 7,5 proc. rok do roku, do 8750,34 z\u0142 brutto. W por\u00f3wnaniu z sierpniem spad\u0142o nominalnie o 0,2 proc. P\u0142ace bez uwzgl\u0119dnienia wyp\u0142at z zysku wynios\u0142y 8750,32 z\u0142, co oznacza wzrost o 7,5 proc. rok do roku.<\/p>\n<p>&#8222;Wydarzenia&#8221;: Europejski producent turbin wiatrowych wstrzymuje otwarcie fabryki w SzczeciniePolsat NewsPolsat News<\/p>\n","protected":false},"excerpt":{"rendered":"W czwartek GUS poda\u0142 ostateczne dane dotycz\u0105ce przeci\u0119tnego zatrudnienia i wynagrodzenia w gospodarce narodowej w 2024 roku. \u015arednie&hellip;\n","protected":false},"author":2,"featured_media":48474,"comment_status":"","ping_status":"","sticky":false,"template":"","format":"standard","meta":{"footnotes":""},"categories":[16],"tags":[113,112,42,38,40,39,41],"class_list":{"0":"post-63983","1":"post","2":"type-post","3":"status-publish","4":"format-standard","5":"has-post-thumbnail","7":"category-biznes","8":"tag-biznes","9":"tag-business","10":"tag-pl","11":"tag-poland","12":"tag-polish","13":"tag-polska","14":"tag-polski"},"share_on_mastodon":{"url":"https:\/\/pubeurope.com\/@pl\/115422588034215013","error":""},"_links":{"self":[{"href":"https:\/\/www.europesays.com\/pl\/wp-json\/wp\/v2\/posts\/63983","targetHints":{"allow":["GET"]}}],"collection":[{"href":"https:\/\/www.europesays.com\/pl\/wp-json\/wp\/v2\/posts"}],"about":[{"href":"https:\/\/www.europesays.com\/pl\/wp-json\/wp\/v2\/types\/post"}],"author":[{"embeddable":true,"href":"https:\/\/www.europesays.com\/pl\/wp-json\/wp\/v2\/users\/2"}],"replies":[{"embeddable":true,"href":"https:\/\/www.europesays.com\/pl\/wp-json\/wp\/v2\/comments?post=63983"}],"version-history":[{"count":0,"href":"https:\/\/www.europesays.com\/pl\/wp-json\/wp\/v2\/posts\/63983\/revisions"}],"wp:featuredmedia":[{"embeddable":true,"href":"https:\/\/www.europesays.com\/pl\/wp-json\/wp\/v2\/media\/48474"}],"wp:attachment":[{"href":"https:\/\/www.europesays.com\/pl\/wp-json\/wp\/v2\/media?parent=63983"}],"wp:term":[{"taxonomy":"category","embeddable":true,"href":"https:\/\/www.europesays.com\/pl\/wp-json\/wp\/v2\/categories?post=63983"},{"taxonomy":"post_tag","embeddable":true,"href":"https:\/\/www.europesays.com\/pl\/wp-json\/wp\/v2\/tags?post=63983"}],"curies":[{"name":"wp","href":"https:\/\/api.w.org\/{rel}","templated":true}]}}