{"id":63984,"date":"2025-10-23T08:41:10","date_gmt":"2025-10-23T08:41:10","guid":{"rendered":"https:\/\/www.europesays.com\/pl\/63984\/"},"modified":"2025-10-23T08:41:10","modified_gmt":"2025-10-23T08:41:10","slug":"przechwycili-rozmowe-rosjanie-kazali-zabijac-cywilow","status":"publish","type":"post","link":"https:\/\/www.europesays.com\/pl\/63984\/","title":{"rendered":"Przechwycili rozmow\u0119. Rosjanie kazali zabija\u0107 cywil\u00f3w"},"content":{"rendered":"<p>Nagranie przechwycone przez ukrai\u0144skie s\u0142u\u017cby wywiadowcze sugeruje, \u017ce rosyjski dow\u00f3dca mia\u0142 wyda\u0107 polecenie swoim oddzia\u0142om, aby strzelali do cywil\u00f3w w\u00a0pobli\u017cu Pokrowska w obwodzie donieckim.<\/p>\n<p>Ukrai\u0144ska wojskowa agencja wywiadowcza (HUR) opublikowa\u0142a te nagrania, na kt\u00f3rych s\u0142ycha\u0107, jak dow\u00f3dca m\u00f3wi: &#8211;\u00a0Nie pozw\u00f3lcie nikomu przej\u015b\u0107, je\u015bli maj\u0105 du\u017ce cywilne torby, to po prostu ich rozwalcie &#8211;\u00a0cytuje ukrai\u0144ski portal &#8222;Kiyv Independent&#8221;.<\/p>\n<p>Nawrocki uderzy\u0142 w\u00a0Merkel. Pad\u0142y mocne s\u0142owa o\u00a0wsp\u00f3\u0142pracy z\u00a0Rosj\u0105 <\/p>\n<p>Zgodnie z\u00a0informacjami HUR, rozkaz pochodzi od dow\u00f3dcy 30. Samodzielnej Brygady Zmotoryzowanej z\u00a02. Armii Centralnego Okr\u0119gu Wojskowego Rosji.<\/p>\n<p>Nagrania s\u0105 powi\u0105zane z\u00a0filmem udost\u0119pnionym wcze\u015bniej przez 7. Korpus Ukrainy, kt\u00f3ry pokazuje efekty ataku rosyjskiego oddzia\u0142u w\u00a0Pokrowsku. Jak podaje armia ukrai\u0144ska, grupa szturmowa przenikn\u0119\u0142a za linie ukrai\u0144skie, co zako\u0144czy\u0142o si\u0119 \u015bmierci\u0105 kilku nieuzbrojonych cywil\u00f3w. <\/p>\n<p>Zosta\u0142o to po raz pierwszy zg\u0142oszone 19 pa\u017adziernika przez ukrai\u0144skiego wolontariusza Denisa Chrystowa, kt\u00f3ry zajmuje si\u0119 ewakuacj\u0105 cywil\u00f3w i\u00a0dokumentowaniem swojej pracy na portalach spo\u0142eczno\u015bciowych. Jego zdj\u0119cia s\u0105 zbyt drastyczne, aby pokaza\u0107 je bez cenzury.<\/p>\n<p>Wolontariusz zamie\u015bci\u0142 na Telegramie film otrzymany od \u017co\u0142nierzy w\u00a0Pokrowsku, pokazuj\u0105cy ofiary tego ataku. Atak mia\u0142 miejsce na ulicy Mostowej, obok tor\u00f3w kolejowych w\u00a0centrum Pokrowska. Na nagraniu wida\u0107 dw\u00f3ch le\u017c\u0105cych cywili oraz trzeci\u0105 osob\u0119, kt\u00f3ra wydaje si\u0119 by\u0107 ranna i\u00a0jest przenoszona przez innego mieszka\u0144ca. Jedna z\u00a0os\u00f3b mia\u0142a zosta\u0107 dobita przez Rosjan.<\/p>\n<p>Obecna sytuacja w\u00a0Pokrowsku jest ekstremalnie niebezpieczna z\u00a0powodu rosyjskich atak\u00f3w dron\u00f3w. Policja podkre\u015bla, \u017ce nawet jednostka specjalizuj\u0105ca si\u0119 w\u00a0ewakuacji cywil\u00f3w, nie mo\u017ce tam wej\u015b\u0107. Ewakuacja odbywa si\u0119 za pomoc\u0105 si\u0142 zbrojnych, kt\u00f3re pomagaj\u0105 mieszka\u0144com wydosta\u0107 si\u0119 z\u00a0miasta.<\/p>\n","protected":false},"excerpt":{"rendered":"Nagranie przechwycone przez ukrai\u0144skie s\u0142u\u017cby wywiadowcze sugeruje, \u017ce rosyjski dow\u00f3dca mia\u0142 wyda\u0107 polecenie swoim oddzia\u0142om, aby strzelali do&hellip;\n","protected":false},"author":2,"featured_media":63985,"comment_status":"","ping_status":"","sticky":false,"template":"","format":"standard","meta":{"footnotes":""},"categories":[14],"tags":[32,33,27,34,35,28,31,25,40,41,80,29,30,26,82,83,84],"class_list":{"0":"post-63984","1":"post","2":"type-post","3":"status-publish","4":"format-standard","5":"has-post-thumbnail","7":"category-swiat","8":"tag-breaking-news","9":"tag-breakingnews","10":"tag-headlines","11":"tag-latest-news","12":"tag-latestnews","13":"tag-naglowki","14":"tag-najwazniejsze-artykuly","15":"tag-news","16":"tag-polish","17":"tag-polski","18":"tag-swiat","19":"tag-top-stories","20":"tag-topstories","21":"tag-wiadomosci","22":"tag-world","23":"tag-world-news","24":"tag-worldnews"},"share_on_mastodon":{"url":"https:\/\/pubeurope.com\/@pl\/115422592003146386","error":""},"_links":{"self":[{"href":"https:\/\/www.europesays.com\/pl\/wp-json\/wp\/v2\/posts\/63984","targetHints":{"allow":["GET"]}}],"collection":[{"href":"https:\/\/www.europesays.com\/pl\/wp-json\/wp\/v2\/posts"}],"about":[{"href":"https:\/\/www.europesays.com\/pl\/wp-json\/wp\/v2\/types\/post"}],"author":[{"embeddable":true,"href":"https:\/\/www.europesays.com\/pl\/wp-json\/wp\/v2\/users\/2"}],"replies":[{"embeddable":true,"href":"https:\/\/www.europesays.com\/pl\/wp-json\/wp\/v2\/comments?post=63984"}],"version-history":[{"count":0,"href":"https:\/\/www.europesays.com\/pl\/wp-json\/wp\/v2\/posts\/63984\/revisions"}],"wp:featuredmedia":[{"embeddable":true,"href":"https:\/\/www.europesays.com\/pl\/wp-json\/wp\/v2\/media\/63985"}],"wp:attachment":[{"href":"https:\/\/www.europesays.com\/pl\/wp-json\/wp\/v2\/media?parent=63984"}],"wp:term":[{"taxonomy":"category","embeddable":true,"href":"https:\/\/www.europesays.com\/pl\/wp-json\/wp\/v2\/categories?post=63984"},{"taxonomy":"post_tag","embeddable":true,"href":"https:\/\/www.europesays.com\/pl\/wp-json\/wp\/v2\/tags?post=63984"}],"curies":[{"name":"wp","href":"https:\/\/api.w.org\/{rel}","templated":true}]}}