{"id":639861,"date":"2026-08-22T19:37:45","date_gmt":"2026-08-22T19:37:45","guid":{"rendered":"https:\/\/www.europesays.com\/pl\/639861\/"},"modified":"2026-08-22T19:37:45","modified_gmt":"2026-08-22T19:37:45","slug":"slask-wroclaw-widzew-lodz-relacja-na-zywo-pko-bp-ekstraklasa-live","status":"publish","type":"post","link":"https:\/\/www.europesays.com\/pl\/639861\/","title":{"rendered":"\u015al\u0105sk Wroc\u0142aw &#8211; Widzew \u0141\u00f3d\u017a: relacja na \u017cywo. PKO BP Ekstraklasa LIVE"},"content":{"rendered":"<p>Beniaminek z Dolnego \u015al\u0105ska ma za sob\u0105 jak dot\u0105d dwie pora\u017cki wynikiem 1:2 \u2014 z G\u00f3rnikiem Zabrze i Zag\u0142\u0119biem Lubin, a tak\u017ce wygran\u0105 2:1 z Rakowem Cz\u0119stochowa i bezbramkowy remis z Cracovi\u0105. \u0141odzianie natomiast nowy sezon rozpocz\u0119li od remis\u00f3w 2:2 z Motorem Lublin i 0:0 z Wis\u0142\u0105 P\u0142ock, po czym pokonali 2:0 Jagielloni\u0119 Bia\u0142ystok, a przed tygodniem jako pierwsza pokona\u0142a ich Korona Kielce (2:1).<\/p>\n<p>Kto oka\u017ce si\u0119 lepszy w tym starciu? Zapraszamy na relacj\u0119 &#8222;na \u017cywo&#8221; z meczu \u015al\u0105sk Wroc\u0142aw \u2014 Widzew \u0141\u00f3d\u017a. Pocz\u0105tek spotkania w sobot\u0119, 22 sierpnia o godz. 20:15.<\/p>\n","protected":false},"excerpt":{"rendered":"Beniaminek z Dolnego \u015al\u0105ska ma za sob\u0105 jak dot\u0105d dwie pora\u017cki wynikiem 1:2 \u2014 z G\u00f3rnikiem Zabrze i&hellip;\n","protected":false},"author":2,"featured_media":639862,"comment_status":"","ping_status":"","sticky":false,"template":"","format":"standard","meta":{"footnotes":"","_share_on_mastodon":"0"},"categories":[51607],"tags":[61195,274,48,46,948,42,38,40,39,41,47,3143,3469,1853],"class_list":["post-639861","post","type-post","status-publish","format-standard","has-post-thumbnail","category-wroclaw","tag-bottomfeed_styl","tag-ekstraklasa","tag-nat_styl","tag-omp","tag-pilka_nozna","tag-pl","tag-poland","tag-polish","tag-polska","tag-polski","tag-screening_general","tag-slask_wroclaw","tag-widzew_lodz","tag-wroclaw"],"share_on_mastodon":{"url":"https:\/\/pubeurope.com\/@pl\/117140851627950000","error":""},"_links":{"self":[{"href":"https:\/\/www.europesays.com\/pl\/wp-json\/wp\/v2\/posts\/639861","targetHints":{"allow":["GET"]}}],"collection":[{"href":"https:\/\/www.europesays.com\/pl\/wp-json\/wp\/v2\/posts"}],"about":[{"href":"https:\/\/www.europesays.com\/pl\/wp-json\/wp\/v2\/types\/post"}],"author":[{"embeddable":true,"href":"https:\/\/www.europesays.com\/pl\/wp-json\/wp\/v2\/users\/2"}],"replies":[{"embeddable":true,"href":"https:\/\/www.europesays.com\/pl\/wp-json\/wp\/v2\/comments?post=639861"}],"version-history":[{"count":0,"href":"https:\/\/www.europesays.com\/pl\/wp-json\/wp\/v2\/posts\/639861\/revisions"}],"wp:featuredmedia":[{"embeddable":true,"href":"https:\/\/www.europesays.com\/pl\/wp-json\/wp\/v2\/media\/639862"}],"wp:attachment":[{"href":"https:\/\/www.europesays.com\/pl\/wp-json\/wp\/v2\/media?parent=639861"}],"wp:term":[{"taxonomy":"category","embeddable":true,"href":"https:\/\/www.europesays.com\/pl\/wp-json\/wp\/v2\/categories?post=639861"},{"taxonomy":"post_tag","embeddable":true,"href":"https:\/\/www.europesays.com\/pl\/wp-json\/wp\/v2\/tags?post=639861"}],"curies":[{"name":"wp","href":"https:\/\/api.w.org\/{rel}","templated":true}]}}