{"id":63988,"date":"2025-10-23T08:44:09","date_gmt":"2025-10-23T08:44:09","guid":{"rendered":"https:\/\/www.europesays.com\/pl\/63988\/"},"modified":"2025-10-23T08:44:09","modified_gmt":"2025-10-23T08:44:09","slug":"marek-papszun-tego-nie-ukrywa-na-to-czeka-trener-rakowa-czestochowa","status":"publish","type":"post","link":"https:\/\/www.europesays.com\/pl\/63988\/","title":{"rendered":"Marek Papszun tego nie ukrywa. Na to czeka trener Rakowa Cz\u0119stochowa"},"content":{"rendered":"<p class=\"Paragraph_desktopParagraph__Fd2e9\">&#8222;Medaliki&#8221; zajmuj\u0105 11. miejsce w ekstraklasie z dorobkiem 14 punkt\u00f3w. W ostatniej kolejce zesp\u00f3\u0142 Papszuna przegra\u0142 na wyje\u017adzie z Cracovi\u0105 0:2.<\/p>\n<p class=\"Paragraph_desktopParagraph__Fd2e9\">\u2014 Jaki jest stan mentalny, to zobaczymy w czwartek. Przepracowali\u015bmy ten mecz, bo on by\u0142 dla nas nieudany. Czekam na reakcj\u0119 zespo\u0142u. O dyspozycj\u0119 fizyczn\u0105 si\u0119 nie martwi\u0119. Musimy by\u0107 fizycznie gotowi, bo czeka nas trudne spotkanie. Sigma jest dru\u017cyn\u0105 bazuj\u0105 na du\u017cej intensywno\u015bci \u2014 zauwa\u017cy\u0142 szkoleniowiec.<\/p>\n<p class=\"VideoPlayerText_videoPlayerText__zrtJk\">Dalszy ci\u0105g materia\u0142u pod wideo<\/p>\n<p class=\"Paragraph_desktopParagraph__Fd2e9\">Podkre\u015bli\u0142, \u017ce czeski zesp\u00f3\u0142 ma coraz wi\u0119cej jako\u015bci, a klub zrobi\u0142 latem dobre transfery.<\/p>\n<p class=\"Paragraph_desktopParagraph__Fd2e9\">\u2014 Kto by nie gra\u0142 w ataku, czy Daniel Vasulin, czy Muhamed Tijani, to s\u0105 napastnicy bardzo silni fizycznie, mocni w polu karnym \u2014 oceni\u0142.<\/p>\n<p class=\"Paragraph_desktopParagraph__Fd2e9\">Przyzna\u0142, \u017ce na sto procent do gry w czwartek b\u0119dzie gotowy Jean Carlos, natomiast nie zagra Ivi Lopez.<\/p>\n<p class=\"Paragraph_desktopParagraph__Fd2e9\">Oba zespo\u0142y zmierzy\u0142y si\u0119 8 stycznia w sparingu, rozegranym w Sosnowcu. Wygra\u0142 wtedy Rak\u00f3w 3:2.<\/p>\n<p>Marek Papszun konsultowa\u0142 si\u0119 z Tomasem Petraskiem<\/p>\n<p class=\"Paragraph_desktopParagraph__Fd2e9\">\u2014 To by\u0142 mocno dynamiczny, intensywny mecz, mimo \u017ce rozpoczyna\u0142 zimowe przygotowania. Pokaza\u0142 obraz rywala, kt\u00f3ry bardzo si\u0119 nie zmieni\u0142 \u2014 powiedzia\u0142 Papszun.<\/p>\n<p class=\"Paragraph_desktopParagraph__Fd2e9\">Nie ukrywa\u0142, \u017ce rozmawia\u0142 na temat gry Sigmy z by\u0142ym graczem Rakowa Tomasem Petraskiem, obecnie zawodnikiem zespo\u0142u FC Hradec Kralove, kt\u00f3ry w lidze pokona\u0142 ekip\u0119 z O\u0142omu\u0144ca.<\/p>\n<p class=\"Paragraph_desktopParagraph__Fd2e9\">\u2014 Rozmawia\u0142em z nim, ale nie by\u0142 zbyt wylewny \u2014 wyja\u015bni\u0142 ze \u015bmiechem Papszun.<\/p>\n<p class=\"Paragraph_desktopParagraph__Fd2e9\">Nie chcia\u0142 komentowa\u0107 spekulacji na temat obj\u0119cia stanowiska selekcjonera reprezentacji Czech.<\/p>\n<p class=\"Paragraph_desktopParagraph__Fd2e9\">\u2014 Jestem trenerem Rakowa i na tym si\u0119 skupiam. Przyzwyczai\u0142em si\u0119 do tego, \u017ce tam, gdzie s\u0105 wakaty, moje nazwisko si\u0119 pojawia. To normalne i mnie nie rozprasza \u2014 wyja\u015bni\u0142.<\/p>\n<p class=\"Paragraph_desktopParagraph__Fd2e9\">Sigma zajmuje pi\u0105t\u0105 pozycji w swojej lidze. W 12 spotkaniach zesp\u00f3\u0142 z O\u0142omu\u0144ca wywalczy\u0142 19 punkt\u00f3w.<\/p>\n<p class=\"Paragraph_desktopParagraph__Fd2e9\">Wicemistrzowie Polski rozpocz\u0119li udzia\u0142 w zasadniczej fazie LK od wygranej w Sosnowcu z rumu\u0144sk\u0105 Universitate\u0105 Craiova 2:0, graj\u0105c od 53. minuty z przewag\u0105 jednego zawodnika po czerwonej kartce rywali, a Czesi przegrali na wyje\u017adzie z w\u0142osk\u0105 Fiorentin\u0105 0:2.<\/p>\n<p class=\"Paragraph_desktopParagraph__Fd2e9\">W fazie ligowej LK wicemistrza Polski czekaj\u0105 jeszcze spotkania przed w\u0142asn\u0105 publiczno\u015bci\u0105 z austriackim Rapidem Wiede\u0144 oraz Zrinjskim Mostar z Bo\u015bni i Hercegowiny. Na rywalizacj\u0119 ze Spart\u0105 ekipa trenera Papszuna pojedzie do Pragi. Cz\u0119stochowianie wyjad\u0105 tak\u017ce na Cypr na spotkanie z Omoni\u0105 Nikozja.<\/p>\n<p class=\"Paragraph_desktopParagraph__Fd2e9\">Cz\u0119stochowianie podejmuj\u0105 rywali w Sosnowcu, gdy\u017c ich stadion nie spe\u0142nia wymaga\u0144 tej fazy europejskiej rywalizacji. W trzeciej kolejce &#8222;Medaliki&#8221; zagraj\u0105 6 listopada na wyje\u017adzie ze Spart\u0105 Praga.<\/p>\n<p class=\"Paragraph_desktopParagraph__Fd2e9\">Pocz\u0105tek czwartkowego meczu w O\u0142omu\u0144cu o godz. 21.00.<\/p>\n<p class=\"Paragraph_desktopParagraph__Fd2e9\">Piotr Girczys (PAP)<\/p>\n<p class=\"Paragraph_desktopParagraph__Fd2e9\">gir\/ krys\/<\/p>\n<p class=\"Paragraph_desktopParagraph__Fd2e9\">\u0179r\u00f3d\u0142o informacji: Polska Agencja Prasowa<\/p>\n","protected":false},"excerpt":{"rendered":"&#8222;Medaliki&#8221; zajmuj\u0105 11. miejsce w ekstraklasie z dorobkiem 14 punkt\u00f3w. W ostatniej kolejce zesp\u00f3\u0142 Papszuna przegra\u0142 na wyje\u017adzie&hellip;\n","protected":false},"author":2,"featured_media":63989,"comment_status":"","ping_status":"","sticky":false,"template":"","format":"standard","meta":{"footnotes":""},"categories":[24],"tags":[67,7714,7713,2561,42,38,40,39,41,136,10987,128,2562,47,16366,127,135,126,130],"class_list":{"0":"post-63988","1":"post","2":"type-post","3":"status-publish","4":"format-standard","5":"has-post-thumbnail","7":"category-sport","8":"tag-intextvideo_splayer","9":"tag-liga_konferencji","10":"tag-liga_konferencji_europy","11":"tag-marek_papszun","12":"tag-pl","13":"tag-poland","14":"tag-polish","15":"tag-polska","16":"tag-polski","17":"tag-ps_detal_new","18":"tag-ps_sts_tst1","19":"tag-psv2","20":"tag-rakow_czestochowa","21":"tag-screening_general","22":"tag-sigma_olomuniec","23":"tag-sport","24":"tag-sport_sport","25":"tag-sports","26":"tag-wiadomosci_sportowe"},"share_on_mastodon":{"url":"https:\/\/pubeurope.com\/@pl\/115422603918460390","error":""},"_links":{"self":[{"href":"https:\/\/www.europesays.com\/pl\/wp-json\/wp\/v2\/posts\/63988","targetHints":{"allow":["GET"]}}],"collection":[{"href":"https:\/\/www.europesays.com\/pl\/wp-json\/wp\/v2\/posts"}],"about":[{"href":"https:\/\/www.europesays.com\/pl\/wp-json\/wp\/v2\/types\/post"}],"author":[{"embeddable":true,"href":"https:\/\/www.europesays.com\/pl\/wp-json\/wp\/v2\/users\/2"}],"replies":[{"embeddable":true,"href":"https:\/\/www.europesays.com\/pl\/wp-json\/wp\/v2\/comments?post=63988"}],"version-history":[{"count":0,"href":"https:\/\/www.europesays.com\/pl\/wp-json\/wp\/v2\/posts\/63988\/revisions"}],"wp:featuredmedia":[{"embeddable":true,"href":"https:\/\/www.europesays.com\/pl\/wp-json\/wp\/v2\/media\/63989"}],"wp:attachment":[{"href":"https:\/\/www.europesays.com\/pl\/wp-json\/wp\/v2\/media?parent=63988"}],"wp:term":[{"taxonomy":"category","embeddable":true,"href":"https:\/\/www.europesays.com\/pl\/wp-json\/wp\/v2\/categories?post=63988"},{"taxonomy":"post_tag","embeddable":true,"href":"https:\/\/www.europesays.com\/pl\/wp-json\/wp\/v2\/tags?post=63988"}],"curies":[{"name":"wp","href":"https:\/\/api.w.org\/{rel}","templated":true}]}}