{"id":640039,"date":"2026-08-22T21:49:11","date_gmt":"2026-08-22T21:49:11","guid":{"rendered":"https:\/\/www.europesays.com\/pl\/640039\/"},"modified":"2026-08-22T21:49:11","modified_gmt":"2026-08-22T21:49:11","slug":"ukraincy-uderzyli-w-rosje-dronami-zginelo-10-osob-putin-zapowiada-odwet","status":"publish","type":"post","link":"https:\/\/www.europesays.com\/pl\/640039\/","title":{"rendered":"Ukrai\u0144cy uderzyli w Rosj\u0119 dronami. Zgin\u0119\u0142o 10 os\u00f3b, Putin zapowiada odwet"},"content":{"rendered":"<p>O ofiarach \u015bmiertelnych poinformowa\u0142y w\u0142adze rosyjskiego obwodu samarskiego, krasnodarskiego, bie\u0142gorodzkiego, a tak\u017ce nielegalnie zaanektowanego przez Rosj\u0119 Krymu oraz obwodu \u0142uga\u0144skiego, wschodniej prowincji Ukrainy, kt\u00f3rej prawie ca\u0142o\u015b\u0107 znajduje si\u0119 pod kontrol\u0105 Rosji.<\/p>\n<p>Dalszy ci\u0105g artyku\u0142u pod materia\u0142em wideo<\/p>\n<p>O ataku na centrum logistyczne w obwodzie samarskim poinformowa\u0142 Ozon, rosyjski gigant e-commerce i drugi co do wielko\u015bci rosyjski sprzedawca internetowy. By\u0142 to pierwszy zg\u0142oszony atak na obiekty Ozonu po tygodniach atak\u00f3w dron\u00f3w na jego wi\u0119kszego konkurenta, firm\u0119 Wildberries.<\/p>\n<p>Putin walczy o przetrwanie. Osaczony dyktator mo\u017ce wykona\u0107 desperacki krok [OPINIA]<img class=\"ods-a-photo ods-a-photo--background\" src=\"https:\/\/www.europesays.com\/pl\/wp-content\/uploads\/2026\/08\/XnVk9lGaHR0cHM6Ly9vY2RuLmV1L3B1bHNjbXMvTURBXy9mYWU0YTFlZi04ZTFiLTQ3NTMtYWJmOC1mZDY0MDI2Y2M0YmMuanBlZ.jpeg\" height=\"299\" width=\"450\" alt=\"W\u0142adimir Putin\" loading=\"lazy\" fetchpriority=\"low\" decoding=\"async\"\/><\/p>\n<p>Jak zauwa\u017cy\u0142 Reuters, Ukraina przedstawia tego rodzaju dzia\u0142ania jako element szerszej kampanii wymierzonej w infrastruktur\u0119 gospodarcz\u0105 wspieraj\u0105c\u0105 rosyjsk\u0105 machin\u0119 wojenn\u0105.<\/p>\n<p>W\u0142adimir Putin zapowiada odwet<\/p>\n<p>Przyw\u00f3dca Rosji W\u0142adimir Putin stwierdzi\u0142 w sobot\u0119, \u017ce ukrai\u0144skie ataki, kt\u00f3re wed\u0142ug Kijowa maj\u0105 na celu odci\u0119cie finansowania rosyjskich dzia\u0142a\u0144 wojennych, otworzy\u0142y &#8222;puszk\u0119 Pandory&#8221; rosyjskich dzia\u0142a\u0144 odwetowych.<\/p>\n<p>Cytowane przez Reutera rosyjskie ministerstwo obrony poinformowa\u0142o, \u017ce w ci\u0105gu nocy zestrzeli\u0142o \u0142\u0105cznie 457 ukrai\u0144skich dron\u00f3w.<\/p>\n<p>Jak zauwa\u017cy\u0142a agencja, Rosja i Ukraina nasilaj\u0105 kampanie z u\u017cyciem dron\u00f3w. <a href=\"https:\/\/wiadomosci.onet.pl\/swiat\/atak-na-krzywy-rog-zelenski-zapowiada-odwet-na-rosji-po-prostu-potwory\/0jez4rd\" id=\"7eb41df9-f7c5-4c68-9aee-4359cc9b2870\" rel=\"nofollow noopener\" target=\"_blank\">W pi\u0105tkowym ataku Rosji co najmniej 16 os\u00f3b zgin\u0119\u0142o, a ponad 130 zosta\u0142o rannych, gdy kilka rosyjskich dron\u00f3w uderzy\u0142o w centrum handlowe w Krzywym Rogu w \u015brodkowej Ukrainie.<\/a><\/p>\n<p>W reakcji na ten atak prezydent Francji Emmanuel Macron poinformowa\u0142 w sobot\u0119 w wzmocnieniu pomocy wojskowej dla Ukrainy.<\/p>\n","protected":false},"excerpt":{"rendered":"O ofiarach \u015bmiertelnych poinformowa\u0142y w\u0142adze rosyjskiego obwodu samarskiego, krasnodarskiego, bie\u0142gorodzkiego, a tak\u017ce nielegalnie zaanektowanego przez Rosj\u0119 Krymu oraz&hellip;\n","protected":false},"author":2,"featured_media":640040,"comment_status":"","ping_status":"","sticky":false,"template":"","format":"standard","meta":{"footnotes":"","_share_on_mastodon":"0"},"categories":[14],"tags":[61195,32,33,144,27,76,34,35,28,31,48,25,46,40,41,47,80,29,30,26,408,82,83,84],"class_list":["post-640039","post","type-post","status-publish","format-standard","has-post-thumbnail","category-swiat","tag-bottomfeed_styl","tag-breaking-news","tag-breakingnews","tag-drony","tag-headlines","tag-inwazja_rosji_na_ukraine","tag-latest-news","tag-latestnews","tag-naglowki","tag-najwazniejsze-artykuly","tag-nat_styl","tag-news","tag-omp","tag-polish","tag-polski","tag-screening_general","tag-swiat","tag-top-stories","tag-topstories","tag-wiadomosci","tag-wladimir_putin","tag-world","tag-world-news","tag-worldnews"],"share_on_mastodon":{"url":"https:\/\/pubeurope.com\/@pl\/117141371358930933","error":""},"_links":{"self":[{"href":"https:\/\/www.europesays.com\/pl\/wp-json\/wp\/v2\/posts\/640039","targetHints":{"allow":["GET"]}}],"collection":[{"href":"https:\/\/www.europesays.com\/pl\/wp-json\/wp\/v2\/posts"}],"about":[{"href":"https:\/\/www.europesays.com\/pl\/wp-json\/wp\/v2\/types\/post"}],"author":[{"embeddable":true,"href":"https:\/\/www.europesays.com\/pl\/wp-json\/wp\/v2\/users\/2"}],"replies":[{"embeddable":true,"href":"https:\/\/www.europesays.com\/pl\/wp-json\/wp\/v2\/comments?post=640039"}],"version-history":[{"count":0,"href":"https:\/\/www.europesays.com\/pl\/wp-json\/wp\/v2\/posts\/640039\/revisions"}],"wp:featuredmedia":[{"embeddable":true,"href":"https:\/\/www.europesays.com\/pl\/wp-json\/wp\/v2\/media\/640040"}],"wp:attachment":[{"href":"https:\/\/www.europesays.com\/pl\/wp-json\/wp\/v2\/media?parent=640039"}],"wp:term":[{"taxonomy":"category","embeddable":true,"href":"https:\/\/www.europesays.com\/pl\/wp-json\/wp\/v2\/categories?post=640039"},{"taxonomy":"post_tag","embeddable":true,"href":"https:\/\/www.europesays.com\/pl\/wp-json\/wp\/v2\/tags?post=640039"}],"curies":[{"name":"wp","href":"https:\/\/api.w.org\/{rel}","templated":true}]}}