{"id":640139,"date":"2026-08-22T23:10:15","date_gmt":"2026-08-22T23:10:15","guid":{"rendered":"https:\/\/www.europesays.com\/pl\/640139\/"},"modified":"2026-08-22T23:10:15","modified_gmt":"2026-08-22T23:10:15","slug":"ekstraklasa-slask-wroclaw-widzew-lodz-33-to-bylo-kapitalne-widowisko","status":"publish","type":"post","link":"https:\/\/www.europesays.com\/pl\/640139\/","title":{"rendered":"Ekstraklasa: \u015al\u0105sk Wroc\u0142aw &#8211; Widzew \u0141\u00f3d\u017a 3:3. To by\u0142o kapitalne widowisko!"},"content":{"rendered":"<p>Remis 3:3 na\u00a0wyje\u017adzie przy grze w\u00a0dziesi\u0105tk\u0119 przez\u00a0prawie ca\u0142e spotkanie? Teoretycznie: spory wyczyn. Sukces. Punkt, z\u00a0kt\u00f3rego\u00a0mo\u017cna by\u0107 tak\u00a0po\u00a0prostu dumnym. A\u00a0jednak co\u015b nam si\u0119 wydaje, \u017ce\u00a0zawodnicy Widzewa \u0141\u00f3d\u017a czuj\u0105 raczej wielki niedosyt po\u00a0sobotnim starciu ze\u00a0\u015al\u0105skiem Wroc\u0142aw. Chocia\u017c \u015bwietnie sobie radzili mimo os\u0142abienia, chocia\u017c mieli ju\u017c przeciwnika na\u00a0widelcu, to\u00a0nie\u00a0zdo\u0142ali dowie\u017a\u0107 prowadzenia do\u00a0ko\u0144cowego gwizdka arbitra. I\u00a0dali si\u0119 zaskoczy\u0107 w\u00a0sytuacjach, kt\u00f3re \u2013 przynajmniej w\u00a0teorii \u2013 powinny by\u0107 dla nich najmniej k\u0142opotliwe.<\/p>\n<p>My\u00a0tam jednak narzeka\u0107 na\u00a0taki obr\u00f3t spraw nie\u00a0zamierzamy. Bo\u00a0widowisko by\u0142o naprawd\u0119 kapitalne.<\/p>\n<p>\u015al\u0105sk Wroc\u0142aw \u2013 Widzew \u0141\u00f3d\u017a. Fatalny b\u0142\u0105d Tomasiewicza<\/p>\n<p>Wydawa\u0107 by\u00a0si\u0119 mog\u0142o, \u017ce\u00a0ten mecz rozpocz\u0105\u0142 si\u0119 dla Widzewa najgorzej, jak tylko\u00a0to\u00a0mo\u017cliwe. Ju\u017c w\u00a0si\u00f3dmej minucie czerwon\u0105 kartk\u0119 obejrza\u0142 bowiem Przemys\u0142aw Wi\u015bniewski, kt\u00f3ry\u00a0sfaulowa\u0142 wychodz\u0105cego na\u00a0czyst\u0105 pozycj\u0119 Papisa Dembele. Wprawdzie s\u0119dzia liniowy pocz\u0105tkowo dopatrzy\u0142 si\u0119 w\u00a0tej\u00a0akcji ofsajdu, ale\u00a0analiza VAR przynios\u0142a zmian\u0119 werdyktu. No\u00a0a\u00a0wtedy Marcin Kochanek nie\u00a0mia\u0142 ju\u017c \u017cadnych w\u0105tpliwo\u015bci i\u00a0wyrzuci\u0142 reprezentanta Polski z\u00a0boiska. Zreszt\u0105 Wi\u015bniewski nawet w\u00a0tej\u00a0sytuacji nie\u00a0protestowa\u0142. Zdecydowanie bardziej rozgoryczony by\u0142 Mariusz Fornalczyk, kt\u00f3ry\u00a0musia\u0142 ust\u0105pi\u0107 miejsca na\u00a0murawie Mateuszowi \u017byrze.<\/p>\n<p>Tak\u00a0czy\u00a0owak: zapachnia\u0142o powa\u017cnymi k\u0142opotami Widzewa we\u00a0Wroc\u0142awiu.<\/p>\n<p>Ale\u00a0nic bardziej mylnego, bo\u00a0ju\u017c w\u00a015. minucie \u0141odzianie mogli \u015bwi\u0119towa\u0107 wyj\u015bcie na\u00a0prowadzenie. Koszmarny b\u0142\u0105d w\u00a0rozegraniu w\u00a0okolicach w\u0142asnej szesnastki zanotowa\u0142 Grzegorz Tomasiewicz, no\u00a0i\u00a0\u015al\u0105sk zosta\u0142 za\u00a0to\u00a0niechlujstwo pomocnika bardzo dotkliwie skarcony. Inna sprawa, \u017ce\u00a0Tomasiewicz \u017cadnych wniosk\u00f3w z\u00a0tego nie\u00a0wyci\u0105gn\u0105\u0142, bo\u00a0kr\u00f3tko po\u00a0utracie bramki na\u00a00:1\u2026 zaliczy\u0142 kolejne zbyt lekkie podanie do\u00a0ty\u0142u. Tym razem wyratowa\u0142 go\u00a0jednak Karol Niemczycki.<\/p>\n<p dir=\"ltr\" lang=\"pl\">Widzew \u0141\u00f3d\u017a mimo gry w\u00a0dziesi\u0105tk\u0119 prowadzi ze\u00a0\u015al\u0105skiem Wroc\u0142aw po\u00a0golu Mario Garcii! \ud83d\udcaa\ud83d\udca5<\/p>\n<p>\ud83d\udcfa Ogl\u0105daj: <a href=\"https:\/\/t.co\/Khg2yEVJUo\" target=\"_blank\" rel=\"noopener noreferrer nofollow\">https:\/\/t.co\/Khg2yEVJUo<\/a> <a href=\"https:\/\/t.co\/RQUOqw97Dl\" target=\"_blank\" rel=\"noopener noreferrer nofollow\">pic.twitter.com\/RQUOqw97Dl<\/a><\/p>\n<p>\u2014\u00a0CANAL+ SPORT (@CANALPLUS_SPORT) <a href=\"https:\/\/x.com\/CANALPLUS_SPORT\/status\/2091235901196148761?ref_src=twsrc%5Etfw\" target=\"_blank\" rel=\"noopener noreferrer nofollow\">August 22, 2026<\/a><\/p>\n<p>Refleksja przysz\u0142a dopiero w\u00a0przerwie.<\/p>\n<p>\u2013 <a href=\"https:\/\/weszlo.com\/fatalny-blad-gracza-slaska-chcialem-zagrac-barcelone\/\" rel=\"nofollow noopener\" target=\"_blank\">Zajeba\u0142em pierwsz\u0105 bramk\u0119. Chcia\u0142em Barcelon\u0119 zagra\u0107<\/a> \u2013 przyzna\u0142 zdenerwowany pi\u0142karz \u015al\u0105ska w\u00a0rozmowie z\u00a0reporterem Canal+Sport.<\/p>\n<p>Wymiana cios\u00f3w po\u00a0przerwie. Widzew zmierza\u0142 po\u00a0trzy punkty<\/p>\n<p>Utrata bramki nie\u00a0by\u0142a jednak najwa\u017cniejszym problemem gospodarzy przed\u00a0przerw\u0105. B\u0142\u0119dy si\u0119 zdarzaj\u0105, nad\u00a0rozlanym mlekiem nie\u00a0ma\u00a0co\u00a0p\u0142aka\u0107. Gorzej, \u017ce\u00a0Wroc\u0142awianie nie\u00a0mieli kompletnie \u017cadnego pomys\u0142u na\u00a0sforsowanie defensywy Widzewa. Widzewa \u2013 podkre\u015blmy to\u00a0po\u00a0raz drugi \u2013 graj\u0105cego w\u00a0os\u0142abieniu, pozbawionego lidera swojej formacji obronnej. Z\u00a0atak\u00f3w \u015al\u0105ska nie\u00a0wynika\u0142o \u017cadne zagro\u017cenie, nie\u00a0przek\u0142ada\u0142y si\u0119 one na\u00a0jakiekolwiek strzeleckie okazje. A\u00a0ju\u017c nad\u00a0jako\u015bci\u0105 do\u015brodkowa\u0144 kierowanych w\u00a0pole karne \u0142\u00f3dzkiej ekipy to\u00a0naprawd\u0119 lepiej spu\u015bci\u0107 zas\u0142on\u0119 milczenia. Co\u00a0wrzutka, to\u00a0bardziej dziadowska od\u00a0poprzedniej.<\/p>\n<p>Ante \u0160imund\u017ea bez\u00a0ustanku w\u015bcieka\u0142 si\u0119 przy linii bocznej boiska i\u00a0zupe\u0142nie nas to\u00a0nie\u00a0dziwi.<\/p>\n<p>No\u00a0a\u00a0w\u00a036. minucie gry trener \u015al\u0105ska m\u00f3g\u0142 ju\u017c tylko\u00a0bezradnie za\u0142ama\u0107 r\u0119ce, poniewa\u017c Widzew podwy\u017cszy\u0142 prowadzenie po\u00a0znakomitym kontrataku. Wszystko si\u0119 w\u00a0tej\u00a0akcji \u0141odzian zgra\u0142o, trzeba to\u00a0doceni\u0107, cho\u0107 obro\u0144cy gospodarzy za\u00a0bardzo podopiecznym Aleksandara Vukovicia nie\u00a0przeszkadzali.<\/p>\n<p dir=\"ltr\" lang=\"pl\">Trudno wyt\u0142umaczy\u0107 mecz we\u00a0Wroc\u0142awiu! \ud83e\udd2f Widzew \u0141\u00f3d\u017a gra w\u00a0dziesi\u0105tk\u0119, a\u00a0prowadzi ju\u017c 2:0! Tym razem trafia Fran Alvarez! \ud83c\uddea\ud83c\uddf8\ud83d\udd1d<\/p>\n<p>\ud83d\udcfa Ogl\u0105daj: <a href=\"https:\/\/t.co\/Khg2yEVJUo\" target=\"_blank\" rel=\"noopener noreferrer nofollow\">https:\/\/t.co\/Khg2yEVJUo<\/a> <a href=\"https:\/\/t.co\/9cUXXdk5SV\" target=\"_blank\" rel=\"noopener noreferrer nofollow\">pic.twitter.com\/9cUXXdk5SV<\/a><\/p>\n<p>\u2014\u00a0CANAL+ SPORT (@CANALPLUS_SPORT) <a href=\"https:\/\/x.com\/CANALPLUS_SPORT\/status\/2091238000369750177?ref_src=twsrc%5Etfw\" target=\"_blank\" rel=\"noopener noreferrer nofollow\">August 22, 2026<\/a><\/p>\n<p>Wprawdzie zaraz po\u00a0przerwie \u015al\u0105sk odpowiedzia\u0142 wreszcie golem kontaktowym i\u00a0generalnie zaliczy\u0142 kilka minut lepszej gry, ale\u00a0zaraz wszystko wr\u00f3ci\u0142o do\u00a0normy. To\u00a0znaczy: ofensywnej niemocy gospodarzy i\u00a0gro\u017anych kontratak\u00f3w go\u015bci. Ju\u017c w\u00a063. minucie rywalizacji Widzew wr\u00f3ci\u0142 na\u00a0dwubramkowe prowadzenie \u2013 tym razem do\u00a0siatki trafi\u0142 Angel Baena, a\u00a0obrona \u015al\u0105ska znowu istnia\u0142a tylko\u00a0teoretycznie. To\u00a0naprawd\u0119 wstyd da\u0107 si\u0119 tak\u00a0rozklepa\u0107, maj\u0105c na\u00a0boisku liczebn\u0105 przewag\u0119.<\/p>\n<p>\u015al\u0105sk uratowa\u0142 si\u0119 przed\u00a0pora\u017ck\u0105. Samiec-Talar rozdawa\u0142 ciasteczka<\/p>\n<p>Jak gdyby\u00a0tego by\u0142o ma\u0142o, nied\u0142ugo potem zapachnia\u0142o kolejn\u0105 bramkow\u0105 kontr\u0105 go\u015bci. Ca\u0142a akcja zosta\u0142a jednak, delikatnie rzecz ujmuj\u0105c, nienajlepiej rozegrana przez\u00a0Sebastiana Bergiera i\u00a0w\u00a0ostatecznym rozrachunku spe\u0142z\u0142a na\u00a0niczym. Napastnik zako\u0144czy\u0142 j\u0105\u00a0kiepskim strza\u0142em. Co\u00a0okaza\u0142o si\u0119 mie\u0107 powa\u017cne konsekwencje dla Widzewa \u2013 w\u00a078. minucie defensywa \u0141odzian po\u00a0raz drugi da\u0142a si\u0119 bowiem zaskoczy\u0107 po\u00a0sta\u0142ym fragmencie gry. I\u00a0tym razem gospodarze poszli ju\u017c za\u00a0ciosem.<\/p>\n<p>W\u00a0ko\u0144cu, w\u00a0ko\u0144cu da\u0142o si\u0119 wyczu\u0107, \u017ce\u00a0\u015al\u0105sk gra w\u00a0przewadze jednego pi\u0142karza.<\/p>\n<p dir=\"ltr\" lang=\"pl\">SZALE\u0143STWO WE\u00a0WROC\u0141AWIU! \ud83d\udd25 Co\u00a0to\u00a0by\u0142 za\u00a0mecz?! \ud83e\udd2f \u015al\u0105sk odrobi\u0142 straty i\u00a0remisuje z\u00a0Widzewem 3 do\u00a03! \ud83d\ude80 <a href=\"https:\/\/t.co\/cubruXXPHs\" target=\"_blank\" rel=\"noopener noreferrer nofollow\">pic.twitter.com\/cubruXXPHs<\/a><\/p>\n<p>\u2014\u00a0CANAL+ SPORT (@CANALPLUS_SPORT) <a href=\"https:\/\/x.com\/CANALPLUS_SPORT\/status\/2091257238534983972?ref_src=twsrc%5Etfw\" target=\"_blank\" rel=\"noopener noreferrer nofollow\">August 22, 2026<\/a><\/p>\n<p>Kilka chwil p\u00f3\u017aniej defensywa \u0141odzian posypa\u0142a si\u0119 ju\u017c zupe\u0142nie, a\u00a0pot\u0119\u017cn\u0105 dziur\u0119 w\u00a0szeregach obronnych przeciwnika bezb\u0142\u0119dnie wykorzysta\u0142 Eniss Shabani. My\u00a0jednak komplementy kierujemy przede wszystkim pod\u00a0adresem Piotra Samca-Talara. Ju\u017c w\u00a0pierwszej po\u0142owie by\u0142 to\u00a0jedyny gracz \u015al\u0105ska, kt\u00f3ry\u00a0w\u00a0og\u00f3le pr\u00f3bowa\u0142 co\u015b na\u00a0boisku wykreowa\u0107, no\u00a0a\u00a0po\u00a0przerwie zacz\u0105\u0142 rozdawa\u0107 kolegom takie ciasteczka, \u017ce\u00a0a\u017c\u00a0\u015blinka ciek\u0142a na\u00a0ich widok.<\/p>\n<p>24-latek m\u00f3g\u0142 mie\u0107 nawet hat-tricka asyst, gdyby\u00a0gol Luki Marjanaca nie\u00a0zosta\u0142 anulowany po\u00a0minimalnym spalonym.<\/p>\n<p>Trzeba jednak zaznaczy\u0107, \u017ce\u00a0trzeci cios \u015al\u0105ska nie\u00a0powali\u0142 go\u015bci na\u00a0deski. Wr\u0119cz przeciwnie, ko\u0144c\u00f3wka spotkania znowu nale\u017ca\u0142a do\u00a0Widzewa. I\u00a0mo\u017cna by\u0142o nawet odnie\u015b\u0107 wra\u017cenie, \u017ce\u00a0przyjezdnym nale\u017cy si\u0119 rzut karny. Ale\u00a0s\u0119dzia Marcin Kochanek na\u00a0wapno nie\u00a0wskaza\u0142. Po\u00a0prostu zako\u0144czy\u0142 mecz.<\/p>\n<p dir=\"ltr\" lang=\"und\">Aha <a href=\"https:\/\/x.com\/hashtag\/SLAWID?src=hash&amp;ref_src=twsrc%5Etfw\" target=\"_blank\" rel=\"noopener noreferrer nofollow\">#SLAWID<\/a> <a href=\"https:\/\/x.com\/hashtag\/widzew?src=hash&amp;ref_src=twsrc%5Etfw\" target=\"_blank\" rel=\"noopener noreferrer nofollow\">#widzew<\/a> <a href=\"https:\/\/x.com\/hashtag\/karny?src=hash&amp;ref_src=twsrc%5Etfw\" target=\"_blank\" rel=\"noopener noreferrer nofollow\">#karny<\/a> <a href=\"https:\/\/t.co\/PFA7YUylYt\" target=\"_blank\" rel=\"noopener noreferrer nofollow\">pic.twitter.com\/PFA7YUylYt<\/a><\/p>\n<p>\u2014\u00a0RTS (@CoachToneApp) <a href=\"https:\/\/x.com\/CoachToneApp\/status\/2091258542091067842?ref_src=twsrc%5Etfw\" target=\"_blank\" rel=\"noopener noreferrer nofollow\">August 22, 2026<\/a><\/p>\n<p>Emil Kornvig chce walczy\u0107 o\u00a0pi\u0142k\u0119, ale\u00a0dwie d\u0142onie rywala l\u0105duj\u0105 na\u00a0jego na\u00a0twarzy. No\u00a0czy\u00a0to\u00a0nie\u00a0jest jedenastka?<\/p>\n<p style=\"text-align: center;\">***<\/p>\n<p>Tak\u00a0czy\u00a0owak \u2013 meczycho by\u0142o naprawd\u0119 pierwszorz\u0119dne.<\/p>\n<p>Nadal doceniamy postaw\u0119 Widzewa, kt\u00f3ry\u00a0dopiero w\u00a0ko\u0144c\u00f3wce utraci\u0142 kontrol\u0119 nad\u00a0meczem, a\u00a0w\u00a0dziesi\u0105tk\u0119 gra\u0142 przecie\u017c od\u00a0si\u00f3dmej minuty. Jak na\u00a0ironi\u0119, podopieczni Vukovicia skonstruowali we\u00a0Wroc\u0142awiu kilka tak\u00a0fajnych akcji, jakich niekiedy nie\u00a0potrafi\u0105 przeprowadzi\u0107 nawet w\u00a0jedenastk\u0119. A\u00a0\u015al\u0105sk? C\u00f3\u017c, d\u0142ugo gra\u0142 okropny piach, to\u00a0fakt, ale\u00a0wyratowa\u0142 si\u0119 sta\u0142ymi fragmentami, a\u017c\u00a0wreszcie dorwa\u0142 si\u0119 do\u00a0gard\u0142a os\u0142abionego przeciwnika. No\u00a0i\u00a0wyszarpa\u0142 mu\u00a0z\u00a0tego gard\u0142a remis.<\/p>\n<p>\u201eDobre i\u00a0to\u201d \u2013 pomy\u015bl\u0105 zapewne w\u00a0szatni Wroc\u0142awianie. Natomiast go\u015bcie sp\u0119dz\u0105 drog\u0119 powrotn\u0105 do\u00a0\u0141odzi w\u00a0przekonaniu, \u017ce\u00a0\u2013 mimo niesprzyjaj\u0105cych okoliczno\u015bci \u2013 mogli na\u00a0Dolnym \u015al\u0105sku ugra\u0107 co\u015b wi\u0119cej.<\/p>\n<p>fot.\u00a0NewsPix.pl \/ FotoPyk<\/p>\n<p>                    <script async src=\"https:\/\/platform.twitter.com\/widgets.js\" charset=\"utf-8\"><\/script><\/p>\n","protected":false},"excerpt":{"rendered":"Remis 3:3 na\u00a0wyje\u017adzie przy grze w\u00a0dziesi\u0105tk\u0119 przez\u00a0prawie ca\u0142e spotkanie? Teoretycznie: spory wyczyn. Sukces. Punkt, z\u00a0kt\u00f3rego\u00a0mo\u017cna by\u0107 tak\u00a0po\u00a0prostu dumnym.&hellip;\n","protected":false},"author":2,"featured_media":640140,"comment_status":"","ping_status":"","sticky":false,"template":"","format":"standard","meta":{"footnotes":"","_share_on_mastodon":"0"},"categories":[51608],"tags":[3652,42,38,40,39,41,697,4065],"class_list":["post-640139","post","type-post","status-publish","format-standard","has-post-thumbnail","category-lodz","tag-lodz","tag-pl","tag-poland","tag-polish","tag-polska","tag-polski","tag-slask-wroclaw","tag-widzew-lodz"],"share_on_mastodon":{"url":"https:\/\/pubeurope.com\/@pl\/117141689046606637","error":""},"_links":{"self":[{"href":"https:\/\/www.europesays.com\/pl\/wp-json\/wp\/v2\/posts\/640139","targetHints":{"allow":["GET"]}}],"collection":[{"href":"https:\/\/www.europesays.com\/pl\/wp-json\/wp\/v2\/posts"}],"about":[{"href":"https:\/\/www.europesays.com\/pl\/wp-json\/wp\/v2\/types\/post"}],"author":[{"embeddable":true,"href":"https:\/\/www.europesays.com\/pl\/wp-json\/wp\/v2\/users\/2"}],"replies":[{"embeddable":true,"href":"https:\/\/www.europesays.com\/pl\/wp-json\/wp\/v2\/comments?post=640139"}],"version-history":[{"count":0,"href":"https:\/\/www.europesays.com\/pl\/wp-json\/wp\/v2\/posts\/640139\/revisions"}],"wp:featuredmedia":[{"embeddable":true,"href":"https:\/\/www.europesays.com\/pl\/wp-json\/wp\/v2\/media\/640140"}],"wp:attachment":[{"href":"https:\/\/www.europesays.com\/pl\/wp-json\/wp\/v2\/media?parent=640139"}],"wp:term":[{"taxonomy":"category","embeddable":true,"href":"https:\/\/www.europesays.com\/pl\/wp-json\/wp\/v2\/categories?post=640139"},{"taxonomy":"post_tag","embeddable":true,"href":"https:\/\/www.europesays.com\/pl\/wp-json\/wp\/v2\/tags?post=640139"}],"curies":[{"name":"wp","href":"https:\/\/api.w.org\/{rel}","templated":true}]}}