{"id":640159,"date":"2026-08-22T23:22:10","date_gmt":"2026-08-22T23:22:10","guid":{"rendered":"https:\/\/www.europesays.com\/pl\/640159\/"},"modified":"2026-08-22T23:22:10","modified_gmt":"2026-08-22T23:22:10","slug":"wojna-celna-usa-z-kanada-premier-mark-carney-poinformowal-o-waznej-decyzji-wiadomosci-onet","status":"publish","type":"post","link":"https:\/\/www.europesays.com\/pl\/640159\/","title":{"rendered":"Wojna celna USA z Kanad\u0105. Premier Mark Carney poinformowa\u0142 o wa\u017cnej decyzji &#8211; Wiadomo\u015bci Onet"},"content":{"rendered":"<ol>\n<li><a href=\"https:\/\/news.google.com\/rss\/articles\/CBMiqgFBVV95cUxPdDAxR2w0Slp2aGEzWUZRSnNlbXgtNlV2anVNQXFSaWpZNGU2NDdtZ3VUbjl1eVdoS3F3d0NjNnAyLXJJRFplc091LUE2S3hiRWlxVV9EajNnRFlQYWRuV3cxalJhM0syR0dSVDhXTmNhbDN6MGVINDFMMjVSUWJWRVUyNzFaZEtSS0FRNDdPaXlqemlkY0VKTWZkdUFmX2REd1dmVHNqWkgwZw?oc=5\" target=\"_blank\" rel=\"nofollow noopener\">Wojna celna USA z Kanad\u0105. Premier Mark Carney poinformowa\u0142 o wa\u017cnej decyzji<\/a>&nbsp;&nbsp;Wiadomo\u015bci Onet<\/li>\n<li><a href=\"https:\/\/news.google.com\/rss\/articles\/CBMiswFBVV95cUxQaFdpMmttei1mamlEZDl4M1dpMWU0YTkwa3VWOXJLel9mVlBsZkpHcXA0dmVLa0dVUFIzbEtTdVRua0hmaFJXUjJ5UjREeDlhQjBfUXVWRnZublBlOGk4S3FNNHpaSlB5ZGxxSmNsRGNmazZhb09EeGF0S2hIOGtjZGdXSVBEQWVIMDd2ellnYXlXUUM5S3AyRlVmS0gwYUh6YU5ZaEtmR2VjeWVjM2VnS3RIaw?oc=5\" target=\"_blank\" rel=\"nofollow noopener\">Fiasko rozm\u00f3w USA z Kanad\u0105. Wesz\u0142y 50-procentowe c\u0142a<\/a>&nbsp;&nbsp;Business Insider Polska<\/li>\n<li><a href=\"https:\/\/news.google.com\/rss\/articles\/CBMisAFBVV95cUxOSy1uaVZsdkZGbHBmSWpjLURHT3hiRTlaZ2I5UzExamktazIzNER5Zk9kM2t1cTVSeHhFbXBUa3RFc05hV01PRnplSDRlWGdpc29GdmctSkZyU0FhbXd5b0JWQTZWa1czVGUxd2l1Nkg1eExuMmV6cnAtYjA1MG5GQWhWSEYySmpneW9mZ01SVUkyUGlrQWNyb3RLWGdDM1lhdjBURUY2dXQyYTBEVlBQSQ?oc=5\" target=\"_blank\" rel=\"nofollow noopener\">Kanada odpowiada na 50-procentowe c\u0142a na\u0142o\u017cone przez Trumpa. Jest odwet<\/a>&nbsp;&nbsp;RMF24<\/li>\n<li><a href=\"https:\/\/news.google.com\/rss\/articles\/CBMimwFBVV95cUxNY3RJX0pQMFJKSHRUNjZOYVBGZlBBOXB5cjlxYkhBQy1Lak4wT09PQWhsaDhtUkY0T0Z3dHk0NE9IVnFHTlEwaC1xbkhxdUVMUEJ6U1Q0bW9xTlk5eE5QU0x3THFnUExlbkxTRmdZRUdkbWZkRkhYam1uWFBTX0xoMHJWeDhyV3AzV3hWM092VUcwcjNCcmNyXzlZWQ?oc=5\" target=\"_blank\" rel=\"nofollow noopener\">P\u0142onie kompleks logistyczny Ozon w Czapajewsku<\/a>&nbsp;&nbsp;OKO.press<\/li>\n<li><a href=\"https:\/\/news.google.com\/rss\/articles\/CBMiqgFBVV95cUxQMnUyRFN4MG1ERnhyOVNKSFFGVm44NVZOaDg1S25yZkJYNVpsQ25OVTNYRlFUSVBYN1BTeTdValQ1cV9BR1hMcE5DNGpadldfVVFvTHNQR2RGd3U3bDVhZENxVm1lQzlCV2tTaW53dlBna0t5S3cyNXVYam1zNHU0dG5zUG80VUxic0w0X3dFYkdlWnVjNjhnaVRrWkxmVG81RHp2enU3SWNDdw?oc=5\" target=\"_blank\" rel=\"nofollow noopener\">Kanada zawiesza rozmowy z USA. Francja zwi\u0119kszy pomoc dla Ukrainy [SKR\u00d3T DNIA]<\/a>&nbsp;&nbsp;WP Wiadomo\u015bci<\/li>\n<\/ol>\n","protected":false},"excerpt":{"rendered":"Wojna celna USA z Kanad\u0105. Premier Mark Carney poinformowa\u0142 o wa\u017cnej decyzji&nbsp;&nbsp;Wiadomo\u015bci Onet Fiasko rozm\u00f3w USA z Kanad\u0105.&hellip;\n","protected":false},"author":2,"featured_media":640160,"comment_status":"","ping_status":"","sticky":false,"template":"","format":"standard","meta":{"footnotes":"","_share_on_mastodon":"0"},"categories":[14],"tags":[61195,32,33,17546,27,193,34,35,28,31,48,25,46,40,41,47,80,29,30,71,26,82,83,84],"class_list":["post-640159","post","type-post","status-publish","format-standard","has-post-thumbnail","category-swiat","tag-bottomfeed_styl","tag-breaking-news","tag-breakingnews","tag-clo","tag-headlines","tag-kanada","tag-latest-news","tag-latestnews","tag-naglowki","tag-najwazniejsze-artykuly","tag-nat_styl","tag-news","tag-omp","tag-polish","tag-polski","tag-screening_general","tag-swiat","tag-top-stories","tag-topstories","tag-usa","tag-wiadomosci","tag-world","tag-world-news","tag-worldnews"],"share_on_mastodon":{"url":"","error":""},"_links":{"self":[{"href":"https:\/\/www.europesays.com\/pl\/wp-json\/wp\/v2\/posts\/640159","targetHints":{"allow":["GET"]}}],"collection":[{"href":"https:\/\/www.europesays.com\/pl\/wp-json\/wp\/v2\/posts"}],"about":[{"href":"https:\/\/www.europesays.com\/pl\/wp-json\/wp\/v2\/types\/post"}],"author":[{"embeddable":true,"href":"https:\/\/www.europesays.com\/pl\/wp-json\/wp\/v2\/users\/2"}],"replies":[{"embeddable":true,"href":"https:\/\/www.europesays.com\/pl\/wp-json\/wp\/v2\/comments?post=640159"}],"version-history":[{"count":0,"href":"https:\/\/www.europesays.com\/pl\/wp-json\/wp\/v2\/posts\/640159\/revisions"}],"wp:featuredmedia":[{"embeddable":true,"href":"https:\/\/www.europesays.com\/pl\/wp-json\/wp\/v2\/media\/640160"}],"wp:attachment":[{"href":"https:\/\/www.europesays.com\/pl\/wp-json\/wp\/v2\/media?parent=640159"}],"wp:term":[{"taxonomy":"category","embeddable":true,"href":"https:\/\/www.europesays.com\/pl\/wp-json\/wp\/v2\/categories?post=640159"},{"taxonomy":"post_tag","embeddable":true,"href":"https:\/\/www.europesays.com\/pl\/wp-json\/wp\/v2\/tags?post=640159"}],"curies":[{"name":"wp","href":"https:\/\/api.w.org\/{rel}","templated":true}]}}