{"id":640181,"date":"2026-08-22T23:42:22","date_gmt":"2026-08-22T23:42:22","guid":{"rendered":"https:\/\/www.europesays.com\/pl\/640181\/"},"modified":"2026-08-22T23:42:22","modified_gmt":"2026-08-22T23:42:22","slug":"slask-wroclaw-i-wielki-powrot-szalony-mecz-we-wroclawiu","status":"publish","type":"post","link":"https:\/\/www.europesays.com\/pl\/640181\/","title":{"rendered":"\u015al\u0105sk Wroc\u0142aw i wielki powr\u00f3t! Szalony mecz we Wroc\u0142awiu!"},"content":{"rendered":"<p>\u015al\u0105sk Wroc\u0142aw czeka\u0142 na drug\u0105 wygran\u0105 w PKO BP Ekstraklasie, a po pora\u017cce w derbach wzrasta\u0142o oczekiwanie na kolejne trzy punkty. Beniaminek liczy\u0142 na prze\u0142amanie po osiagni\u0119ciu zaledwie jednego \u201eoczka\u201d od ostatniego triumfu w drugiej serii gier przeciwko Rakowowi Cz\u0119stochowa. Widzew \u0141\u00f3d\u017a wybra\u0142 si\u0119 do stolicy Dolnego \u015al\u0105ska w przeci\u0119tnych humorach. Gracze Aleksandara Vukovicia zapisali na swoim koncie pi\u0119\u0107 punkt\u00f3w i przyjechali do Wroc\u0142awia po wpadce u siebie z Koron\u0105 Kielce. Oba zespo\u0142y mia\u0142y co\u015b co udowodnienia w sobotni wiecz\u00f3r.<\/p>\n<p>Poszukiwania trenerskie<\/p>\n<p>\u015al\u0105sk Wroc\u0142aw przegra\u0142 tydzie\u0144 temu w Lubinie z miejscowym Zag\u0142\u0119biem i Ante Simundza postanowi\u0142 sprawdzi\u0107 innego zestawu graczy najbardziej wysuni\u0119tych. Malaly Dembele, kt\u00f3ry asystowa\u0142 w poprzedniej kolejce utrzyma\u0142 miejsce w sk\u0142adzie, a Przemys\u0142aw Banaszak usiad\u0142 po raz pierwszy w tym sezonie na \u0142awce rezerwowych. Luka Marjanac wr\u00f3ci\u0142 do pierwszej \u201ejedenastki\u201d kosztem polskiego napastnika. To by\u0142a jedyna roszada w ekipie s\u0142owe\u0144skiego szkoleniowca. Alex Timossi wybieg\u0142 na prawym wahadle, a Mariusz Malec zast\u0105pi\u0142 zawieszonego Lamine Ba.<\/p>\n<p>Widzew \u0141\u00f3d\u017a przetransformowa\u0142 si\u0119 do\u015b\u0107 znacz\u0105co w swojej trzeciej delegacji w tej kampanii. Marcel Krajewski pojawi\u0142 si\u0119 po prawiej stronie obrony za Jusufa Gazibegovicia, kt\u00f3ry jest kontuzjowany. Serbski szkoleniowiec zmieni\u0142 formacj\u0119 wzgl\u0119dem meczu z Koron\u0105 Kielce i ustawi\u0142 sw\u00f3j zesp\u00f3\u0142 w uk\u0142adzie 1-4-1-4-1. Lindon Selahi mia\u0142 asekurowa\u0107 stoper\u00f3w jako defensywny pomocnik, a Juljan Shehu przesun\u0105\u0142 si\u0119 pi\u0119tro wy\u017cej. Angel Baena skorzysta\u0142 na posadzeniu na \u0142awce rezerwowych Emila Kornviga i zej\u015bciu do \u015brodka Frana Alvareza. Hiszpan zosta\u0142 oddelegowany do szarpania po prawej stronie boiska. Go\u015bcie wybiegli na jednego napastnika, poniewa\u017c Sebastian Bergier ogl\u0105da\u0142 pocz\u0105tek tego starcia zza linii bocznej. Karol \u015awiderski dosta\u0142 kolejn\u0105 okazj\u0119 na prze\u0142amanie. Zwraca\u0142a uwag\u0119 liczba zmiennik\u00f3w w dru\u017cynie przyjezdnych, poniewa\u017c Aleksandar Vukovi\u0107 m\u00f3g\u0142 skorzysta\u0107 tylko z siedmiu pi\u0142karzy rezerwowych, a trener beniaminka wyposa\u017cy\u0142 si\u0119 w 11 graczy.<\/p>\n<p dir=\"ltr\" lang=\"pl\">Jest robota do zrobienia \ud83d\udcaa\ud83c\udffb<\/p>\n<p>\u231a\ufe0f 20:15<br \/>\ud83d\udcf9 Relacja radiowa w <a href=\"https:\/\/x.com\/WidzewTV?ref_src=twsrc%5Etfw\" rel=\"nofollow\">@WidzewTV<\/a><br \/>\ud83d\udcfa Transmisja w <a href=\"https:\/\/x.com\/CANALPLUS_SPORT?ref_src=twsrc%5Etfw\" rel=\"nofollow\">@CANALPLUS_SPORT<\/a><br \/>\ud83d\udcf2 <a href=\"https:\/\/x.com\/hashtag\/%C5%9AL%C4%84WID?src=hash&amp;ref_src=twsrc%5Etfw\" rel=\"nofollow\">#\u015aL\u0104WID<\/a> <a href=\"https:\/\/t.co\/W1bksTQLFA\" rel=\"nofollow\">pic.twitter.com\/W1bksTQLFA<\/a><\/p>\n<p>\u2014 Widzew \u0141\u00f3d\u017a (@RTS_Widzew_Lodz) <a href=\"https:\/\/x.com\/RTS_Widzew_Lodz\/status\/2091208782915465638?ref_src=twsrc%5Etfw\" rel=\"nofollow\">August 22, 2026<\/a><\/p>\n<p>Scenariusz nieprawdopodobny<\/p>\n<p style=\"text-align: left;\">\u017baden ze szkoleniowc\u00f3w nie chcia\u0142by rozpoczyna\u0107 spotkania tak jak Aleksandar Vukovi\u0107, poniewa\u017c Widzew \u0141\u00f3d\u017a gra\u0142 o jednego gracza mniej od si\u00f3dmej minuty meczu. Przemys\u0142aw Wi\u015bniewski faulowa\u0142 francuskiego napastnika i po analizie VAR s\u0119dziowie uznali, \u017ce nie by\u0142 na spalonym gracz \u015al\u0105ska Wroc\u0142aw. Marcin Kochanek pokaza\u0142 czerwony kartonik reprezentantowi Polski. Ofiar\u0105 tej sytuacji okaza\u0142 si\u0119 Mariusz Fornalczyk, kt\u00f3ry zszed\u0142 z murawy. Mateusz \u017byro uzupe\u0142ni\u0142 luk\u0119 po \u015brodkowym stoperze. Steve Kapuadi ujrza\u0142 \u017c\u00f3tk\u0105 kart\u0119 w 11 minucie co doprowadza\u0142o do wielu nerwowych i energicznych zachowa\u0144 serbskiego trenera.<\/p>\n<p style=\"text-align: left;\">Ante Simundza szala\u0142 w wyznaczonej strefie, gdy obserwowa\u0142 ruchy swoich podopiecznych. S\u0142oweniec wpad\u0142 w z\u0142o\u015b\u0107 na zako\u0144czenie pierwszego kwadransa, poniewa\u017c Wroc\u0142awianie prosili si\u0119 o strat\u0119 gola. Widzew \u0141\u00f3d\u017a nie zamkn\u0105\u0142 si\u0119 we w\u0142asnym polu karnym, lecz uk\u0105si\u0142 gospodarzy. Grzegorz Tomasiewicz z Irodotosem Christodoulou sprezentowali dogodn\u0105 sytuacj\u0119 \u0141odzianom. Alex Baena skorzysta\u0142 z zawahania przy wyprowadzaniu pi\u0142ki i pos\u0142a\u0142 strza\u0142 w kierunku bramki. Karol Niemczycki sparowa\u0142 to uderzenie, lecz nie mia\u0142 nic do powiedzenia przy dobitce Mario Garcii. Obie dru\u017cyny opakowa\u0142y pocz\u0105tek meczu w wiele interesuj\u0105cych wydarze\u0144. Przypomnijmy, \u017ce Widzew \u0141\u00f3d\u017a nie poleg\u0142 na wyje\u017adzie w tym sezonie, nie trac\u0105c bramki w starciach z Wis\u0142\u0105 P\u0142ock i Jagielloni\u0105 Bia\u0142ystok.<\/p>\n<p>\u015aci\u0105gni\u0119ta kurtka<\/p>\n<p>\u015al\u0105sk Wroc\u0142aw musia\u0142 goni\u0107 wynik po utracie pierwszego gola w pierwszych po\u0142owach w setnej edycji walki o mistrzostwo Polski, a trener gospodarzy dyrygowa\u0142 swoj\u0105 ekip\u0105. S\u0142oweniec wariowa\u0142 i opuszcza\u0142 swoj\u0105 stref\u0119 niejednokrotnie, poniewa\u017c irytowa\u0142y go poczynania jego zawodnik\u00f3w. 53-latek \u015bci\u0105gn\u0105\u0142 kurtk\u0119, bo dra\u017cni\u0142a go bezradno\u015b\u0107 jego pi\u0142karzy, kt\u00f3rzy podejmowali niezrozumia\u0142e decyzje.<\/p>\n<p>Widzew \u0141\u00f3d\u017a korzysta\u0142 z wyniku i szuka\u0142 swojej szansy w kontrze. Czterokrotny mistrz Polski natchniony dopingiem licznie zgromadzonych w\u0142asnych kibic\u00f3w. \u201eWidzewiacy\u201d ustawieni w niskiej obronie zaskoczyli rywala w spos\u00f3b banalnie \u0142atwy. Mariusz Malec poda\u0142 do Jorge Yriarte, kt\u00f3ry nie spodziewa\u0142 si\u0119 takiego ruchu pd swojego partnera. Wroc\u0142awianie pozbyli si\u0119 posiadania i ruszyli go\u015bcie. Juljan Shehu uruchomi\u0142 swojego napastnika. Karol \u015awiderski i Fran Alvarez ograli w polu karnym Karola Niemczyckiego defensyw\u0119 \u201ezielono-bia\u0142o-czerwonych\u201d niczym Zag\u0142\u0119bie Lubin przed tygodniem. Cypryjski stoper zagubi\u0142 z radar\u00f3w hiszpa\u0144skiego pomocnika, kt\u00f3ry zrobi\u0142 ruch do podania i pewnie podwy\u017cszy\u0142 prowadzenie.<\/p>\n<p>Kolumbijski pomocnik WKS-u, kt\u00f3ry zdrzemn\u0105\u0142 si\u0119 przy budowaniu ataku, nie doczeka\u0142 si\u0119 ostatniego gwizdka przed zej\u015bciem na przerw\u0119. Ante Simundza nie wytrzyma\u0142 i wprowadzi\u0142 Enissa Shabaniego za Jorge Yriarte. Beniaminek mia\u0142 g\u0142ow\u0105 w mur i opuszcza\u0142 pierwsz\u0105 po\u0142ow\u0119 z deficytem oraz brakiem klarownych sytuacji bramkowych. Najbardziej utytu\u0142owany trener w PKO BP Ekstraklasie mia\u0142 pi\u0119tna\u015bcie minut na wstrz\u0105\u015bni\u0119cie swoim zespo\u0142em. Natomiast Aleksandar Vukovi\u0107 m\u00f3g\u0142 m\u00f3wi\u0107 o swoich graczach w samych superlatywach i podtrzyma\u0107 entuzjam.<\/p>\n<p>Pr\u00f3ba odrodzenia<\/p>\n<p style=\"text-align: left;\">\u015al\u0105sk Wroc\u0142aw przegra\u0142 drug\u0105 po\u0142ow\u0119 z rz\u0119du 2:0, a Ante Simundza wiedzia\u0142, \u017ce musi i\u015b\u0107 va bank. Przemys\u0142aw Banaszak zosta\u0142 do\u0142o\u017cony jako trzeci napastnik i Micha\u0142 Rosiak zjawi\u0142 si\u0119 na murawie za Alexa Timossiego. Wroc\u0142awianie przebran\u017cowili si\u0119 w struktur\u0119 1-4-2-3-1 i zaatakowali szturmowo swojego oponenta. Wydarzy\u0142a si\u0119 najgorsza mo\u017cliwa rzecz dla Widzewa \u0141\u00f3d\u017a, a przy okazji najlepsza dla gospodarzy i ca\u0142ego spotkania. By\u0142y napastnik G\u00f3rnika \u0141\u0119czna zgra\u0142 pi\u0142k\u0119 z rzutu r\u00f3\u017cnego w kierunku dalszego s\u0142upka. Tam by\u0142 Luka Marjanac, kt\u00f3ry nie trafi\u0142 do siatki z najbli\u017cszej odleg\u0142o\u015bci. Jednak go\u015bcie sami wpakowali futbol\u00f3wk\u0119 do bramki przy probie wyja\u015bnienia tej sytuacji. Wiedzieli\u015bmy od 48 minuty, \u017ce Widzew \u0141\u00f3d\u017a nie zachowa trzeciego czystego konta na wyje\u017adzie.<\/p>\n<p>\u201eCzerwona Armia\u201d czu\u0142a presj\u0119 jak\u0105 narzuci\u0142 zesp\u00f3\u0142 goni\u0105cy i go\u015bcie przerzucli obraz gry do \u015brodowej strefy. Widzew \u0141\u00f3d\u017a zszokowa\u0142 publik\u0119 na Tarczy\u0144ski Arena, gdy akcja toczy\u0142a si\u0119 dziewi\u0119ciu na dziewi\u0119ciu w polu. Grzegorz Tomasiewicz ogarnia\u0142 si\u0119 po tym jak zosta\u0142 ustrzelony w g\u0142ow\u0119, a go\u015bcie wykorzystali ten moment. Wroc\u0142awianie pogubili krycie praktycznie na ca\u0142ym boisku, poniewa\u017c przebili si\u0119 \u201eWidzewiacy\u201d sw\u0105 lew\u0105 flank\u0105. Hiszpa\u0144ski duet opanowa\u0142 sytuacj\u0119 we Wroc\u0142awiu, gdy\u017c Mario Garcia do\u0142o\u017cy\u0142 asyst\u0119 przy trafieniu Alexa Baeny. Karol Niemczycki wyci\u0105ga\u0142 pi\u0142ki z bramki po raz trzeci i prze\u017cywali\u015bmy konsternacje fan\u00f3w z Wroc\u0142awia z rado\u015bci\u0105 kibic\u00f3w z \u0141odzi.<\/p>\n<p>Determinacja<\/p>\n<p>\u015al\u0105sk Wroc\u0142aw nie poda\u0142 si\u0119 i walczy\u0142 do samego ko\u0144ca. Ponad 21 tysi\u0119cy ludzi oczekiwa\u0142o dalszego przebiegu tej rywalizacji, kt\u00f3ra przygas\u0142a nam na kilka chwil. Wydawa\u0142o si\u0119, \u017ce to go\u015bcie s\u0105 bli\u017csi zabicia tego starcia. Jednak to beniaminek zbudowa\u0142 cegie\u0142k\u0119 pod ponowne wzniecenia ognia. Piotr Samiec-Talar, kt\u00f3ry nie rozgrywa\u0142 najlepszego meczu, zn\u00f3w potwierdzi\u0142 swoj\u0105 warto\u015b\u0107. Ci\u0119\u017cko by\u0142o doszuka\u0107 si\u0119 dobrego zagrania kapitana WKS-u podczas tej batalii. Wychowanek klubu by\u0142 aktywny jak zawsze, ale nie przek\u0142ada\u0142 tego na konkretne sygna\u0142y. PKO BP Ekstraklasa odczu\u0142a zn\u00f3w magi\u0119 lewej nogi tego 24-latka, kt\u00f3ry wrzuci\u0142 na nos pi\u0142k\u0119 do Przemys\u0142awa Banaszaka. Napastnik nie zmarnowa\u0142 tego do\u015brodkowania i wla\u0142 nadzieje na cho\u0107by remis.<\/p>\n<p>Piotr Samiec-Talar popisa\u0142 si\u0119 genialnym zmys\u0142em, gdy wypu\u015bci\u0142 bo\u015bniackiego gracza, lecz ten minimalnie spali\u0142. Fani radowali si\u0119 doprowadzeniem do wyr\u00f3wnania, lecz weryfikacja cofn\u0119\u0142a eksplozj\u0119 na Tarczy\u0144ski Arena. Kapitan WKS-u odpali\u0142 si\u0119 i s\u0142a\u0142 jedno za drugim kapitalne zagranie. Ca\u0142a liga zna lew\u0105 stop\u0119 tego zawodnika, ale Widzew \u0141\u00f3d\u017a nie skarci\u0142 tej broni \u015al\u0105ska Wroc\u0142aw. 24-latek obs\u0142u\u017cy\u0142 Enissa Shabaniego, kt\u00f3ry dokona\u0142 skutecznej egzekucji. Niemiec strzeli\u0142 swojego debiutanckiego gola i ustali\u0142 wynik meczu.<\/p>\n<p>Za takie mecze kochamy nasz\u0105 lig\u0119, poniewa\u017c mieli\u015bmy kino absolutne w tym spotkaniu. Gole, czerwona kartka i emocje do samego ko\u0144ca. Remis, kt\u00f3ry nie zadawala w pe\u0142ni \u017cadnego ze szkoleniowc\u00f3w, poniewa\u017c ka\u017cdemu uciek\u0142y punkty. Nikt nie mo\u017ce czu\u0107 pe\u0142nej satysfakcji po tym widowisku. Obejrzeli\u015bmy pojedynek pe\u0142en jako\u015bci, poniewa\u017c cz\u0119ste zachowania takich graczy jak Fran Alvarez musia\u0142y przekuwa\u0107 uwag\u0119. Oba zespo\u0142y zdeterminowanie pragn\u0119\u0142y d\u0105\u017cy\u0107 do celu, kt\u00f3rego nikt nie osi\u0105gn\u0105\u0142\u2026 Niech PKO BP Ekstraklasa przynosi tam coraz wi\u0119cej takich chwil.<\/p>\n<p dir=\"ltr\" lang=\"pl\">Koniec spotkania. Podzia\u0142 punkt\u00f3w we Wroc\u0142awiu.<br \/>___<a href=\"https:\/\/x.com\/hashtag\/%C5%9AL%C4%84WID?src=hash&amp;ref_src=twsrc%5Etfw\" rel=\"nofollow\">#\u015aL\u0104WID<\/a> 3:3 <a href=\"https:\/\/t.co\/zg7FZiFGop\" rel=\"nofollow\">pic.twitter.com\/zg7FZiFGop<\/a><\/p>\n<p>\u2014 \u015al\u0105sk Wroc\u0142aw (@SlaskWroclawPl) <a href=\"https:\/\/x.com\/SlaskWroclawPl\/status\/2091257235603144892?ref_src=twsrc%5Etfw\" rel=\"nofollow\">August 22, 2026<\/a><\/p>\n<p>\u00a0<\/p>\n<p class=\"entry-tags\">\n                  <a href=\"https:\/\/igol.pl\/temat\/aleksandra-vukovic\/\" rel=\"nofollow noopener\" target=\"_blank\">Aleksandra Vukovi\u0107<\/a><br \/>\n                  <a href=\"https:\/\/igol.pl\/temat\/ante-simundza\/\" rel=\"nofollow noopener\" target=\"_blank\">ante simundza<\/a><br \/>\n                  <a href=\"https:\/\/igol.pl\/temat\/fran-alvarez\/\" rel=\"nofollow noopener\" target=\"_blank\">Fran Alvarez<\/a><br \/>\n                  <a href=\"https:\/\/igol.pl\/temat\/piotr-samiec-talar\/\" rel=\"nofollow noopener\" target=\"_blank\">Piotr Samiec-Talar<\/a><br \/>\n                  <a href=\"https:\/\/igol.pl\/temat\/pko-bp-ekstraklasa\/\" rel=\"nofollow noopener\" target=\"_blank\">PKO BP Ekstraklasa<\/a><br \/>\n                  <a href=\"https:\/\/igol.pl\/temat\/slask-wroclaw\/\" rel=\"nofollow noopener\" target=\"_blank\">\u015al\u0105sk Wroc\u0142aw<\/a><br \/>\n                  <a href=\"https:\/\/igol.pl\/temat\/widzew-lodz\/\" rel=\"nofollow noopener\" target=\"_blank\">Widzew \u0141\u00f3d\u017a<\/a>\n                <\/p>\n<p>      <script async src=\"https:\/\/platform.twitter.com\/widgets.js\" charset=\"utf-8\"><\/script><\/p>\n","protected":false},"excerpt":{"rendered":"\u015al\u0105sk Wroc\u0142aw czeka\u0142 na drug\u0105 wygran\u0105 w PKO BP Ekstraklasie, a po pora\u017cce w derbach wzrasta\u0142o oczekiwanie na&hellip;\n","protected":false},"author":2,"featured_media":640182,"comment_status":"","ping_status":"","sticky":false,"template":"","format":"standard","meta":{"footnotes":"","_share_on_mastodon":"0"},"categories":[51607],"tags":[125612,22070,9415,51401,2573,42,38,40,39,41,697,4065,1853],"class_list":["post-640181","post","type-post","status-publish","format-standard","has-post-thumbnail","category-wroclaw","tag-aleksandra-vukovic","tag-ante-simundza","tag-fran-alvarez","tag-piotr-samiec-talar","tag-pko-bp-ekstraklasa","tag-pl","tag-poland","tag-polish","tag-polska","tag-polski","tag-slask-wroclaw","tag-widzew-lodz","tag-wroclaw"],"share_on_mastodon":{"url":"https:\/\/pubeurope.com\/@pl\/117141814966268802","error":""},"_links":{"self":[{"href":"https:\/\/www.europesays.com\/pl\/wp-json\/wp\/v2\/posts\/640181","targetHints":{"allow":["GET"]}}],"collection":[{"href":"https:\/\/www.europesays.com\/pl\/wp-json\/wp\/v2\/posts"}],"about":[{"href":"https:\/\/www.europesays.com\/pl\/wp-json\/wp\/v2\/types\/post"}],"author":[{"embeddable":true,"href":"https:\/\/www.europesays.com\/pl\/wp-json\/wp\/v2\/users\/2"}],"replies":[{"embeddable":true,"href":"https:\/\/www.europesays.com\/pl\/wp-json\/wp\/v2\/comments?post=640181"}],"version-history":[{"count":0,"href":"https:\/\/www.europesays.com\/pl\/wp-json\/wp\/v2\/posts\/640181\/revisions"}],"wp:featuredmedia":[{"embeddable":true,"href":"https:\/\/www.europesays.com\/pl\/wp-json\/wp\/v2\/media\/640182"}],"wp:attachment":[{"href":"https:\/\/www.europesays.com\/pl\/wp-json\/wp\/v2\/media?parent=640181"}],"wp:term":[{"taxonomy":"category","embeddable":true,"href":"https:\/\/www.europesays.com\/pl\/wp-json\/wp\/v2\/categories?post=640181"},{"taxonomy":"post_tag","embeddable":true,"href":"https:\/\/www.europesays.com\/pl\/wp-json\/wp\/v2\/tags?post=640181"}],"curies":[{"name":"wp","href":"https:\/\/api.w.org\/{rel}","templated":true}]}}