{"id":640419,"date":"2026-08-23T03:37:34","date_gmt":"2026-08-23T03:37:34","guid":{"rendered":"https:\/\/www.europesays.com\/pl\/640419\/"},"modified":"2026-08-23T03:37:34","modified_gmt":"2026-08-23T03:37:34","slug":"me-wegierki-pokonane-choc-latwo-nie-bylo-wazne-zwyciestwo-bialo-czerwonych","status":"publish","type":"post","link":"https:\/\/www.europesays.com\/pl\/640419\/","title":{"rendered":"ME: W\u0119gierki pokonane, cho\u0107 \u0142atwo nie by\u0142o. Wa\u017cne zwyci\u0119stwo Bia\u0142o-Czerwonych"},"content":{"rendered":"\n<p class=\"contentpart contentpart--default contentpart--text\" data-position=\"0\">Terminarz <a href=\"https:\/\/sportowefakty.wp.pl\/siatkowka\/mistrzostwa-europy-2026-kobiet\" rel=\"nofollow noopener\" target=\"_blank\">Mistrzostw Europy 2026<\/a>\u00a0u\u0142o\u017cy\u0142 si\u0119 dla Bia\u0142o-Czerwonych teoretycznie korzystnie. Na pocz\u0105tek czeka je starcie z W\u0119gierkami, nast\u0119pnie \u0141otw\u0105 i S\u0142oweni\u0105, by w ko\u0144c\u00f3wce fazy grupowej zmierzy\u0107 si\u0119 z Niemkami oraz g\u0142\u00f3wnymi faworytkami &#8211; Turczynkami. Polki b\u0119d\u0105 wi\u0119c stopniowo podnosi\u0107 poprzeczk\u0119. Na pierwszy ogie\u0144 posz\u0142a reprezentacja W\u0119gier.<\/p>\n<p class=\"contentpart contentpart--default contentpart--text\" data-position=\"1\">Przed spotkaniem niewiele os\u00f3b wyobra\u017ca\u0142o sobie inny scenariusz ni\u017c pewne zwyci\u0119stwo Polek &#8211; strata seta z ni\u017cej notowanymi rywalkami mia\u0142a by\u0107 wr\u0119cz sensacj\u0105. Bia\u0142o-Czerwone wysz\u0142y na to spotkanie bardzo pewne siebie. Od pocz\u0105tku imponowa\u0142y gr\u0105 w bloku i wcze\u015bnie wypracowa\u0142y sobie kilkupunktow\u0105 przewag\u0119 (5:10). Polki skupi\u0142y si\u0119 na zatrzymaniu liderki reprezentacji W\u0119gier, Anett Nemeth i doskonale im to wychodzi\u0142o.<\/p>\n<p>  <img decoding=\"async\" src=\"https:\/\/v.wpimg.pl\/X3dwLnN2d1IFFTpdYUl6R0ZNbgcnEHQREVV2TGEGbUtRT2MdOlZ2RBQUKABgQjQcDRotCStBd1IAAWMeIlM7VgwYIAorQAdEFFk_GCkQJQ\" alt=\"\" width=\"45\" height=\"58\" loading=\"lazy\"\/>  <\/p>\n<p class=\"contentpart contentpart--default contentpart--text\" data-position=\"2\">ZOBACZ WIDEO: Bia\u0142o-Czerwone gotowe na ME. Tak wygl\u0105da\u0142 pierwszy dzie\u0144 siatkarek w Stambule<\/p>\n<p class=\"contentpart contentpart--default contentpart--text\" data-position=\"4\">A\u017c sze\u015b\u0107 punktowych blok\u00f3w, 70 proc. skuteczno\u015bci w ataku i 50 proc. pozytywnego przyj\u0119cia &#8211; statystyki pierwszego seta m\u00f3wi\u0105 wiele. Jeszcze wi\u0119cej m\u00f3wi wynik ko\u0144cowy (12:25). Ca\u0142kowita dominacja w wykonaniu podopiecznych Stefano Lavariniego, znakomita gra w systemie blok-obrona. Je\u015bli rozpoczyna\u0107 mistrzostwa Europy, to w\u0142a\u015bnie w taki spos\u00f3b.<\/p>\n<p class=\"contentpart contentpart--default contentpart--text\" data-position=\"5\">W drugiej partii oblicze tego spotkania nie zmieni\u0142o si\u0119 ani troch\u0119 &#8211; przynajmniej na pocz\u0105tku. Polki zacz\u0119\u0142y od prowadzenia siedmioma punktami, co pozwoli\u0142o kontrolowa\u0107 gr\u0119 (8:17). Trener Lavarini zdecydowa\u0142 si\u0119 da\u0107 szanse rezerwowym, ale to odbi\u0142o mu si\u0119 czkawk\u0105. Przewaga Bia\u0142o-Czerwonych b\u0142yskawicznie topnia\u0142a (16:19) i w\u0142oski szkoleniowiec szybko wycofa\u0142 si\u0119 ze swojego pomys\u0142u.<\/p>\n<p class=\"contentpart contentpart--default contentpart--text\" data-position=\"6\">Zmiany ca\u0142kowicie rozregulowa\u0142y nasz zesp\u00f3\u0142, a W\u0119gierki poczu\u0142y, \u017ce s\u0105 w stanie co\u015b ugra\u0107 w tym spotkaniu. Uwierzy\u0142y w siebie i w ko\u0144cowe fragmenty drugiej ods\u0142ony wchodzili\u015bmy z remisem (21:21). Sekundy p\u00f3\u017aniej to reprezentacja W\u0119gier prowadzi\u0142a, ale brak do\u015bwiadczenia z gry na tym poziomie da\u0142 si\u0119 we znaki. Trzy proste b\u0142\u0119dy W\u0119gierek i to Bia\u0142o-Czerwone wygra\u0142y tego seta (24:26).<\/p>\n<p>  <img decoding=\"async\" src=\"https:\/\/v.wpimg.pl\/X3dwLnN2d1IFFTpdYUl6R0ZNbgcnEHQREVV2TGEGbUtRT2MdOlZ2RBQUKABgQjQcDRotCStBd1IAAWMeIlM7VgwYIAorQAdEFFk_GCkQJQ\" alt=\"\" width=\"45\" height=\"58\" loading=\"lazy\"\/>  <\/p>\n<p class=\"contentpart contentpart--default contentpart--text\" data-position=\"7\">Podobnie jak w dw\u00f3ch poprzednich ods\u0142onach, Polki szybko wypracowa\u0142y sobie kilkupunktow\u0105 przewag\u0119 (1:6). Nasze siatkarki zatraci\u0142y atut z pierwszego i pocz\u0105tku drugiego seta &#8211; nie potrafi\u0142y zablokowa\u0107 rywalek, kt\u00f3re zyska\u0142y wiatr w \u017cagle i zdecydowanie poprawi\u0142y swoj\u0105 gr\u0119 w ofensywie. Przede wszystkim Anett Nemeth &#8211; atakuj\u0105ca by\u0142a zdecydowanie najja\u015bniejszym punktem dru\u017cyny, kt\u00f3ra krok po kroku zbli\u017ca\u0142a si\u0119 Polek (9:10).<\/p>\n<p class=\"contentpart contentpart--default contentpart--text\" data-position=\"8\">Chwile p\u00f3\u017aniej W\u0119gierki wysz\u0142y na prowadzenie (15:13). W ko\u0144cu ci\u0119\u017car odpowiedzialno\u015bci wzi\u0119\u0142a na siebie <a href=\"https:\/\/sportowefakty.wp.pl\/siatkowka\/monika-fedusio\" rel=\"nofollow noopener\" target=\"_blank\">Monika Lampkowska<\/a>, o kt\u00f3rej zdrowie przecie\u017c dr\u017celi\u015bmy przed rozpocz\u0119ciem turnieju. W ko\u0144cu si\u0142 brak\u0142o te\u017c reprezentacji W\u0119gier. Zn\u00f3w pojawia\u0107 zacz\u0119\u0142y si\u0119 proste b\u0142\u0119dy, <a href=\"https:\/\/sportowefakty.wp.pl\/siatkowka\/maja-koput\" rel=\"nofollow noopener\" target=\"_blank\">Maja Koput<\/a>\u00a0wr\u00f3ci\u0142a do blokowania i ostatecznie Polki zamkn\u0119\u0142y to spotkanie w trzech setach (20:25).<\/p>\n<p class=\"contentpart contentpart--default contentpart--text\" data-position=\"9\"><a href=\"https:\/\/sportowefakty.wp.pl\/siatkowka\/mistrzostwa-europy-2026-kobiet\" rel=\"nofollow noopener\" target=\"_blank\">Mistrzostwa Europy 2026 kobiet<\/a><\/p>\n<p class=\"contentpart contentpart--default contentpart--text\" data-position=\"10\"><a href=\"https:\/\/sportowefakty.wp.pl\/siatkowka\/reprezentacja-wegier-kobiet\" rel=\"nofollow noopener\" target=\"_blank\">W\u0119gry<\/a>\u00a0&#8211; <a href=\"https:\/\/sportowefakty.wp.pl\/siatkowka\/reprezentacja-kobiet\" rel=\"nofollow noopener\" target=\"_blank\">Polska<\/a>\u00a00:3 (12:25, 24:26, 20:25)<\/p>\n<p class=\"contentpart contentpart--default contentpart--text\" data-position=\"11\">W\u0119gry: A.Nemeth, A.Zsombok, L.Kiss, Petrenko, Csereklye, Bozoki-Szedmak, Kertesz (libero) oraz E.Zsombok, N.Kiss, Kump, L.Nemeth;<\/p>\n<p>  <img decoding=\"async\" src=\"https:\/\/v.wpimg.pl\/X3dwLnN2d1IFFTpdYUl6R0ZNbgcnEHQREVV2TGEGbUtRT2MdOlZ2RBQUKABgQjQcDRotCStBd1IAAWMeIlM7VgwYIAorQAdEFFk_GCkQJQ\" alt=\"\" width=\"45\" height=\"58\" loading=\"lazy\"\/>  <\/p>\n<p class=\"contentpart contentpart--default contentpart--text\" data-position=\"12\">Polska:\u00a0Wenerska, Stysiak, Koput, Jurczyk, Piasecka, Lampkowska, Szczyg\u0142owska (libero) oraz \u0141ysiak, Szczurowska, Grabka, Damaske, Czyrnia\u0144ska.<\/p>\n","protected":false},"excerpt":{"rendered":"Terminarz Mistrzostw Europy 2026\u00a0u\u0142o\u017cy\u0142 si\u0119 dla Bia\u0142o-Czerwonych teoretycznie korzystnie. Na pocz\u0105tek czeka je starcie z W\u0119gierkami, nast\u0119pnie \u0141otw\u0105&hellip;\n","protected":false},"author":2,"featured_media":640420,"comment_status":"","ping_status":"","sticky":false,"template":"","format":"standard","meta":{"footnotes":"","_share_on_mastodon":"0"},"categories":[12],"tags":[124983,42,38,40,39,41,539,131,2670],"class_list":["post-640419","post","type-post","status-publish","format-standard","has-post-thumbnail","category-polska","tag-mistrzostwa-europy-2026-kobiet","tag-pl","tag-poland","tag-polish","tag-polska","tag-polski","tag-reprezentacje","tag-siatkowka","tag-wegry"],"share_on_mastodon":{"url":"https:\/\/pubeurope.com\/@pl\/117142739285794908","error":""},"_links":{"self":[{"href":"https:\/\/www.europesays.com\/pl\/wp-json\/wp\/v2\/posts\/640419","targetHints":{"allow":["GET"]}}],"collection":[{"href":"https:\/\/www.europesays.com\/pl\/wp-json\/wp\/v2\/posts"}],"about":[{"href":"https:\/\/www.europesays.com\/pl\/wp-json\/wp\/v2\/types\/post"}],"author":[{"embeddable":true,"href":"https:\/\/www.europesays.com\/pl\/wp-json\/wp\/v2\/users\/2"}],"replies":[{"embeddable":true,"href":"https:\/\/www.europesays.com\/pl\/wp-json\/wp\/v2\/comments?post=640419"}],"version-history":[{"count":0,"href":"https:\/\/www.europesays.com\/pl\/wp-json\/wp\/v2\/posts\/640419\/revisions"}],"wp:featuredmedia":[{"embeddable":true,"href":"https:\/\/www.europesays.com\/pl\/wp-json\/wp\/v2\/media\/640420"}],"wp:attachment":[{"href":"https:\/\/www.europesays.com\/pl\/wp-json\/wp\/v2\/media?parent=640419"}],"wp:term":[{"taxonomy":"category","embeddable":true,"href":"https:\/\/www.europesays.com\/pl\/wp-json\/wp\/v2\/categories?post=640419"},{"taxonomy":"post_tag","embeddable":true,"href":"https:\/\/www.europesays.com\/pl\/wp-json\/wp\/v2\/tags?post=640419"}],"curies":[{"name":"wp","href":"https:\/\/api.w.org\/{rel}","templated":true}]}}