{"id":640429,"date":"2026-08-23T03:43:11","date_gmt":"2026-08-23T03:43:11","guid":{"rendered":"https:\/\/www.europesays.com\/pl\/640429\/"},"modified":"2026-08-23T03:43:11","modified_gmt":"2026-08-23T03:43:11","slug":"zus-ma-dobra-wiadomosc-dla-seniorow-teraz-emerytury-wylicza-wyzsze-o-10-procent","status":"publish","type":"post","link":"https:\/\/www.europesays.com\/pl\/640429\/","title":{"rendered":"ZUS ma dobr\u0105 wiadomo\u015b\u0107 dla senior\u00f3w: teraz emerytury wylicza wy\u017csze o 10 procent"},"content":{"rendered":"<p>Z dniem 1 czerwca ZUS dokonuje waloryzacji kont i subkont emerytalnych, kt\u00f3re ma ka\u017cdy kto zap\u0142aci\u0142 cho\u0107 raz sk\u0142adk\u0119 na ubezpieczenie emerytalne. Warto\u015b\u0107 sk\u0142adek zapisanych na kontach emerytalnych wzros\u0142a w\u0142a\u015bnie o 9,81 proc., a na subkontach a\u017c o 10,61 proc. Co to oznacza dla przysz\u0142ych emeryt\u00f3w?<\/p>\n<p>Czas to pieni\u0105dz &#8211; ta maksyma ma wiele praktycznych wymiar\u00f3w. W przypadku emerytur i senior\u00f3w oczekuj\u0105cych na moment przej\u015bcia na emerytur\u0119 ten czas ma wymiar wysoko\u015bci \u015bwiadczenia. Tegoroczna waloryzacja kont i subkont emerytalnych, na podstawie kt\u00f3rych ustala si\u0119 wysoko\u015b\u0107 emerytury na ca\u0142e \u017cycie &#8211; potem jest ju\u017c ona tylko waloryzowana raz w roku adekwatnie do inflacji &#8211; pokazuje to z ca\u0142\u0105 moc\u0105.<br \/>Wysoki wska\u017anik waloryzacji sprawi\u0142, \u017ce odczekanie z wnioskiem o emerytur\u0119 kilka miesi\u0119cy  sprawi\u0142o, i\u017c ju\u017c na starcie ZUS wyliczy\u0142 j\u0105 nawet o 10 procent wy\u017csz\u0105.<\/p>\n<p>W tym roku roczna waloryzacja kont i subkont emerytalnych w ZUS by\u0142a jedn\u0105 z najwy\u017cszych w historii &#8211; to efekt wysokiej inflacji z lat wcze\u015bniejszych, kt\u00f3ry w przypadku wska\u017anika waloryzacji kont i subkont dzia\u0142a z po\u015blizgiem. Jest to jednak przede wszystkim doskona\u0142a ilustracja do udowodnienia tezy jak wa\u017cne znaczenie przy przechodzeniu na emerytur\u0119 ma wyb\u00f3r optymalnego terminu na z\u0142o\u017cenie wniosku o emerytur\u0119 w ZUS.<\/p>\n<p>Teraz ZUS wyliczy emerytury wy\u017csze o 10 procent &#8211; to efekt drugiej rocznej waloryzacji<\/p>\n<p>Sprawa jest widoczna jak na d\u0142oni: odczekanie miesi\u0105ca a nawet kilku po uko\u0144czeniu 65 lat lub 60 lat w przypadku kobiet pozwala na uzyskanie emerytury nawet o kilkaset z\u0142otych wy\u017cszej, jak w tym roku ni\u017c po\u015bpiech by sko\u0144czy\u0107 z prac\u0105 z dnia na dzie\u0144.<br \/>A trzeba pami\u0119ta\u0107, \u017ce ZUS co do zasady ustala wysoko\u015b\u0107 emerytury tylko raz &#8211; potem podlega ona tylko corocznej waloryzacji na og\u00f3lnych zasadach. Przy czym waloryzacja \u015bwiadczenia o 10 proc. wy\u017cszego wyliczonego ju\u017c na wst\u0119pie jest oczywi\u015bcie te\u017c odpowiednio wy\u017csza.<\/p>\n<p>Roczna waloryzacja kont i subkont emerytalnych w ZUS 2026<\/p>\n<p>Lipiec to wed\u0142ug ekspert\u00f3w od ubezpiecze\u0144 spo\u0142ecznych drugi &#8211; zaraz po lutym &#8211; najlepszy w roku miesi\u0105c do przechodzenia na emerytur\u0119. Dlaczego &#8211; to g\u0142\u00f3wnie zas\u0142uga waloryzacji rocznej kont i subkont emerytalnych w ZUS. Zgromadzone tam \u015brodki wskutek waloryzacji ulegaj\u0105 tam zwi\u0119kszeniu, a s\u0105 podstaw do wyliczenia emerytury. Gdy odpowiednio wy\u017csz\u0105 kwot\u0119 dzielimy przez t\u0119 sam\u0105 liczb\u0119 (statystyczne miesi\u0105ce dalszego trwania \u017cycia), to oczywiste jest, \u017ce wynik wychodzi wy\u017cszy. I tak jest z emerytur\u0105, kt\u00f3r\u0105 ZUS wyliczy w lipcu a nie w dajmy na to w marcu.<\/p>\n<p>Ujmuj\u0105c rzec najpro\u015bciej &#8211; przechodz\u0105cym na emerytur\u0119 teraz ZUS wyliczy \u015bwiadczenie o oko\u0142o 10 proc. wy\u017csze ni\u017c przed rokiem. Tak\u017ce Ci, kt\u00f3rzy ze z\u0142o\u017ceniem wniosku o emerytur\u0119 wstrzymali si\u0119 kilka miesi\u0119cy i z\u0142o\u017c\u0105 go np. w lipcu b\u0119d\u0105 dostawa\u0107 emerytur\u0119 o ok. 10 proc. wy\u017csz\u0105 ni\u017c gdyby zrobili to przed waloryzacj\u0105 kapita\u0142u.<br \/>Zyskali tak\u017ce ci, kt\u00f3rzy nie przechodzili na emerytur\u0119 w lutym, licz\u0105c \u017ce zostanie ona od razu zwaloryzowana w marcu \u2013 przypomnijmy, \u017ce waloryzacja emerytur w tym roku by\u0142a o po\u0142ow\u0119 ni\u017csza \u2013 wska\u017anik waloryzacji rocznej emerytur wyni\u00f3s\u0142 1,05 przy 1,0981 proc. waloryzacji konta emerytalnego i 1,1061 waloryzacji subkonta.<\/p>\n<p>Dalszy ci\u0105g materia\u0142u pod wideo<\/p>\n<p>Kapita\u0142 emerytalny po waloryzacji to wy\u017csze nowe emerytury od lipca<\/p>\n<p>Je\u015bli kto\u015b ma aktualnie zgromadzone na koncie emerytalnym 300 tys. z\u0142, a jest to kwota zbli\u017cona do niej do\u015b\u0107 powszechnie u os\u00f3b w wieku przedemerytalnym, to aktualnie ma ju\u017c 329 430 z\u0142 czyli jego kapita\u0142 wzr\u00f3s\u0142 automatycznie o 29 430 z\u0142.<br \/>Ten sam wska\u017anik waloryzacji dotyczy kapita\u0142u pocz\u0105tkowego, kt\u00f3ry jest trzecim sk\u0142adnikiem stanowi\u0105cym podstaw\u0119 do wyliczania emerytur, a dotyczy os\u00f3b, kt\u00f3rym sk\u0142adki emerytalne potr\u0105cano przed 1999 rokiem.<\/p>\n<p>Jeszcze wy\u017csza jest waloryzacja sk\u0142adek zgromadzonych na subkoncie emerytalnym w ZUS. Dopisano do nich 10,61 proc. warto\u015bci. Subkonta posiadaj\u0105 wszyscy p\u0142ac\u0105cy sk\u0142adki po 1 stycznia 1999 r. \u2013 o ile nie przyst\u0105pili do OFE lub sami nie przenie\u015bli \u015brodk\u00f3w z OFE do ZUS.<br \/>Ponadto obowi\u0105zkowo w ramach tak zwanego suwaka przenoszone s\u0105 na subkonto emerytalne \u015brodki z OFE pocz\u0105wszy od dnia, gdy przysz\u0142emu emerytowi pozostaje ju\u017c tylko 10 lat do ustawowego wieku emerytalnego.<br \/>Je\u015bli 221 20 z\u0142 kto\u015b ma na subkoncie 200 tys. z\u0142, to z dniem 1 czerwca automatycznie kapita\u0142 na subkoncie wzr\u00f3s\u0142 mu do 221 220 z\u0142 czyli o 21 20 z\u0142.<\/p>\n<p>Wy\u017cszy wska\u017anik waloryzacji subkonta od konta to efekt innego sposobu waloryzacji \u2013 zale\u017cy ona nie od inflacji, ale od tego jak r\u00f3s\u0142 produkt krajowy brutto \u2013 PKB w ostatnich pi\u0119ciu latach. To z kolei jest zwi\u0105zane z tym, \u017ce \u015brodki zgromadzone w OFE s\u0105 pomna\u017cane dzi\u0119ki inwestowaniu ich na rynkach kapita\u0142owych.<\/p>\n<p>Teraz ZUS wylicza wy\u017csze emerytury &#8211; dlaczego<\/p>\n<p>Tegoroczna waloryzacja sk\u0142adek zgromadzonych na kontach i subkontach ZUS nie jest jednak rekordowa \u2013 taka by\u0142a dwa lata temu gdy ZUS dopisa\u0142 do kont emerytalnych 9,91 proc. ich warto\u015bci, a do subkont a\u017c 14,87 proc.<br \/>Zgodnie z prawem, jak co roku po waloryzacji kont i subkont emerytalnych ZUS przygotuje aktualne informacje dla ka\u017cdego ubezpieczonego urodzonego po 31 grudnia 1948 r. Dokument ten \u2013 Informacja o Stanie Konta Ubezpieczonego (IOSKU) i zostanie udost\u0119pniony elektronicznie na eZUS (PUE ZUS) by\u0142 przez wiele lat wysy\u0142any do wszystkich listownie, aktualnie jednak ta zasada nie obowi\u0105zuje powszechnie.<\/p>\n<p>Kalendarz przes\u0105dza, \u017ce ZUS wyliczy emerytur\u0119 wy\u017csz\u0105 lub ni\u017csz\u0105<\/p>\n<p>Czerwcowa waloryzacja kont i subkont emerytalnych w ZUS to doskona\u0142y moment, by wskaza\u0107 na korzy\u015bci z odpowiedniego wyboru miesi\u0105ca, w kt\u00f3rym \u2013 oczywi\u015bcie po osi\u0105gni\u0119ciu ustawowego wieku emerytalnego &#8211; z\u0142o\u017cy si\u0119 wniosek o emerytur\u0119.<br \/>Czasami wystarczy nawet miesi\u0119czna zw\u0142oka, by ZUS wyliczy\u0142 \u015bwiadczenie du\u017co wy\u017csze od tego, jakie ustali gdy wniosek o emerytur\u0119 trafi do Zak\u0142du ju\u017c nast\u0119pnego dnia po osi\u0105gni\u0119ciu przez kobiet\u0119 wieku 60 lat a m\u0119\u017cczyzn\u0119 \u2013 65 lat.<\/p>\n<p>Eksperci wskazuj\u0105 przy tym dwa miesi\u0105ce jako najlepsze z tego punktu widzenia. Pierwszy to luty \u2013 wtedy emerytura wyliczona na podstawie aktualnego stanu konta i subkonta, z ewentualnym uwzgl\u0119dnieniem kapita\u0142u pocz\u0105tkowego zostanie natychmiast zwaloryzowana w marcu.<br \/>W tym roku marcowa emerytura \u201ez marszu\u201d by\u0142a wy\u017csza od pierwszej, lutowej o 3,5 procent.<\/p>\n<p>Drugi miesi\u0105c to lipiec gdy ZUS b\u0119dzie \u015bwiadczenie wylicza\u0142 na podstawie kapita\u0142\u00f3w zgromadzonych na koncie i subkoncie, \u015bwie\u017co co zwaloryzowanych w czerwcu czyli podwy\u017cszonych jak w tym roku niemal o 10 procent.<br \/>Co oczywi\u015bcie od\u0142o\u017cenie w czasie wniosku o emerytur\u0119 sprawi, \u017ce ZUS ustali w konsekwencji jej wysoko\u015b\u0107 odpowiednio wy\u017csz\u0105 ni\u017c gdyby wylicza\u0142 j\u0105 np. w maju, przed waloryzacj\u0105 czerwcow\u0105.<\/p>\n","protected":false},"excerpt":{"rendered":"Z dniem 1 czerwca ZUS dokonuje waloryzacji kont i subkont emerytalnych, kt\u00f3re ma ka\u017cdy kto zap\u0142aci\u0142 cho\u0107 raz&hellip;\n","protected":false},"author":2,"featured_media":640430,"comment_status":"","ping_status":"","sticky":false,"template":"","format":"standard","meta":{"footnotes":"","_share_on_mastodon":"0"},"categories":[16],"tags":[113,112,90365,42,38,40,39,41,90366,4058,660],"class_list":["post-640429","post","type-post","status-publish","format-standard","has-post-thumbnail","category-biznes","tag-biznes","tag-business","tag-konto-emerytalne","tag-pl","tag-poland","tag-polish","tag-polska","tag-polski","tag-subkonto-w-zus","tag-waloryzacja","tag-zus"],"share_on_mastodon":{"url":"https:\/\/pubeurope.com\/@pl\/117142762754868694","error":""},"_links":{"self":[{"href":"https:\/\/www.europesays.com\/pl\/wp-json\/wp\/v2\/posts\/640429","targetHints":{"allow":["GET"]}}],"collection":[{"href":"https:\/\/www.europesays.com\/pl\/wp-json\/wp\/v2\/posts"}],"about":[{"href":"https:\/\/www.europesays.com\/pl\/wp-json\/wp\/v2\/types\/post"}],"author":[{"embeddable":true,"href":"https:\/\/www.europesays.com\/pl\/wp-json\/wp\/v2\/users\/2"}],"replies":[{"embeddable":true,"href":"https:\/\/www.europesays.com\/pl\/wp-json\/wp\/v2\/comments?post=640429"}],"version-history":[{"count":0,"href":"https:\/\/www.europesays.com\/pl\/wp-json\/wp\/v2\/posts\/640429\/revisions"}],"wp:featuredmedia":[{"embeddable":true,"href":"https:\/\/www.europesays.com\/pl\/wp-json\/wp\/v2\/media\/640430"}],"wp:attachment":[{"href":"https:\/\/www.europesays.com\/pl\/wp-json\/wp\/v2\/media?parent=640429"}],"wp:term":[{"taxonomy":"category","embeddable":true,"href":"https:\/\/www.europesays.com\/pl\/wp-json\/wp\/v2\/categories?post=640429"},{"taxonomy":"post_tag","embeddable":true,"href":"https:\/\/www.europesays.com\/pl\/wp-json\/wp\/v2\/tags?post=640429"}],"curies":[{"name":"wp","href":"https:\/\/api.w.org\/{rel}","templated":true}]}}