{"id":640491,"date":"2026-08-23T04:31:08","date_gmt":"2026-08-23T04:31:08","guid":{"rendered":"https:\/\/www.europesays.com\/pl\/640491\/"},"modified":"2026-08-23T04:31:08","modified_gmt":"2026-08-23T04:31:08","slug":"boeing-boeing-w-lodzi-lodz-nasze-miasto-4","status":"publish","type":"post","link":"https:\/\/www.europesays.com\/pl\/640491\/","title":{"rendered":"Boeing, Boeing w \u0141odzi | \u0141\u00f3d\u017a Nasze Miasto"},"content":{"rendered":"<p class=\"atomsHappeningContent__desc\">\u201eBoeing, Boeing\u201d to rekordzista w\u015br\u00f3d komedii &#8211; sztuka wpisana do Ksi\u0119gi Guinnessa za najwi\u0119ksz\u0105 liczb\u0119 wystawie\u0144. Do dzi\u015b jest grana z wielkim powodzeniem w kilkudziesi\u0119ciu krajach na ca\u0142ym \u015bwiecie. Jej autorem jest Marc Camoletti &#8211; francuski autor, kt\u00f3ry z niezwyk\u0142\u0105 precyzj\u0105 i intuicj\u0105 potrafi budowa\u0107 komediow\u0105 fabu\u0142\u0119. Na polskich scenach sztuk\u0119 \u201eBoeing, Boeing\u201d ogl\u0105da\u0107 mo\u017cna w brawurowym t\u0142umaczeniu Bartosza Wierzbi\u0119ty.<\/p>\n<p>Re\u017cyser: Bartosz Wierzbi\u0119ta<\/p>\n<p>Obsada: Aleksandra Bogulewska, Karolina Kleniewska, Diana Krupa, Sebastian Jasnoch, Jakub Kryszta\u0142, Arkadiusz W\u00f3jcik.<\/p>\n<p>Autor: Marc Camoletti<br \/>Data premiery: 2025-11-07<br \/>Gatunek: komedia<br \/>Scenografia: Wojciech Stefaniak<br \/>Muzyka: Jakub Firewicz<br \/>Kostiumy: Anna Poniewierska<\/p>\n","protected":false},"excerpt":{"rendered":"\u201eBoeing, Boeing\u201d to rekordzista w\u015br\u00f3d komedii &#8211; sztuka wpisana do Ksi\u0119gi Guinnessa za najwi\u0119ksz\u0105 liczb\u0119 wystawie\u0144. Do dzi\u015b&hellip;\n","protected":false},"author":2,"featured_media":640492,"comment_status":"","ping_status":"","sticky":false,"template":"","format":"standard","meta":{"footnotes":"","_share_on_mastodon":"0"},"categories":[51608],"tags":[6226,10195,3652,42,38,40,39,41,8812,22920],"class_list":["post-640491","post","type-post","status-publish","format-standard","has-post-thumbnail","category-lodz","tag-bilety","tag-impreza","tag-lodz","tag-pl","tag-poland","tag-polish","tag-polska","tag-polski","tag-spektakle","tag-wydarzenie"],"share_on_mastodon":{"url":"https:\/\/pubeurope.com\/@pl\/117142951309457771","error":""},"_links":{"self":[{"href":"https:\/\/www.europesays.com\/pl\/wp-json\/wp\/v2\/posts\/640491","targetHints":{"allow":["GET"]}}],"collection":[{"href":"https:\/\/www.europesays.com\/pl\/wp-json\/wp\/v2\/posts"}],"about":[{"href":"https:\/\/www.europesays.com\/pl\/wp-json\/wp\/v2\/types\/post"}],"author":[{"embeddable":true,"href":"https:\/\/www.europesays.com\/pl\/wp-json\/wp\/v2\/users\/2"}],"replies":[{"embeddable":true,"href":"https:\/\/www.europesays.com\/pl\/wp-json\/wp\/v2\/comments?post=640491"}],"version-history":[{"count":0,"href":"https:\/\/www.europesays.com\/pl\/wp-json\/wp\/v2\/posts\/640491\/revisions"}],"wp:featuredmedia":[{"embeddable":true,"href":"https:\/\/www.europesays.com\/pl\/wp-json\/wp\/v2\/media\/640492"}],"wp:attachment":[{"href":"https:\/\/www.europesays.com\/pl\/wp-json\/wp\/v2\/media?parent=640491"}],"wp:term":[{"taxonomy":"category","embeddable":true,"href":"https:\/\/www.europesays.com\/pl\/wp-json\/wp\/v2\/categories?post=640491"},{"taxonomy":"post_tag","embeddable":true,"href":"https:\/\/www.europesays.com\/pl\/wp-json\/wp\/v2\/tags?post=640491"}],"curies":[{"name":"wp","href":"https:\/\/api.w.org\/{rel}","templated":true}]}}