{"id":640531,"date":"2026-08-23T04:58:09","date_gmt":"2026-08-23T04:58:09","guid":{"rendered":"https:\/\/www.europesays.com\/pl\/640531\/"},"modified":"2026-08-23T04:58:09","modified_gmt":"2026-08-23T04:58:09","slug":"bolero-carmina-burana-w-lodzi","status":"publish","type":"post","link":"https:\/\/www.europesays.com\/pl\/640531\/","title":{"rendered":"Bolero \/ Carmina Burana w \u0141odzi"},"content":{"rendered":"<p class=\"atomsHappeningContent__desc\">Utwory dw\u00f3ch wspania\u0142ych kompozytor\u00f3w jednego wieczoru \u2013 to ju\u017c jest wydarzeniem wyj\u0105tkowym! Spotkanie muzyki do Bolera Mauricego Ravela z uwielbian\u0105 przez publiczno\u015b\u0107 kantat\u0105 Carla Orffa Carmina burana \u2013 w dwucz\u0119\u015bciowym wieczorze baletowym, gwarantuje du\u017ce emocje, a \u017ce dodatkowo owe kompozycje mo\u017cna b\u0119dzie \u201ezobaczy\u0107\u201d, to niezapomniane wra\u017cenia artystyczne i prze\u017cycia duchowe \u2013 zapewnione.<\/p>\n<p>Choreografowie: Jacek Przyby\u0142owicz \u2013 Bolero i Tam\u00e1s Juronics \u2013 Carmina burana, ka\u017cdy na sw\u00f3j spos\u00f3b, nie tylko przek\u0142adaj\u0105 muzyczne frazy na taneczne pas, ale w obu kompozycjach odnajduj\u0105 obrazy \u201ez \u017cycia wzi\u0119te\u201d, \u017cywych bohater\u00f3w z ich emocjami, rozterkami i egzystencjalnymi dylematami; postacie jak\u017ce nam bliskie, bo bardzo podobne ka\u017cdemu z nas.<\/p>\n<p>Re\u017cyser: Jacek Przyby\u0142owicz, Tam\u00e1s Juronics<\/p>\n<p>Autor: Jacek Przyby\u0142owicz, Tam\u00e1s Juronics<br \/>Gatunek: balet<br \/>Scenografia: Jacek Przyby\u0142owicz, Bianca Imelda Jeremias<br \/>Muzyka: Piotr Su\u0142kowski<br \/>Choreografia: Jacek Przyby\u0142owicz, Tam\u00e1s Juronics<br \/>Kostiumy: Bianca Imelda Jeremias<\/p>\n","protected":false},"excerpt":{"rendered":"Utwory dw\u00f3ch wspania\u0142ych kompozytor\u00f3w jednego wieczoru \u2013 to ju\u017c jest wydarzeniem wyj\u0105tkowym! Spotkanie muzyki do Bolera Mauricego Ravela&hellip;\n","protected":false},"author":2,"featured_media":640532,"comment_status":"","ping_status":"","sticky":false,"template":"","format":"standard","meta":{"footnotes":"","_share_on_mastodon":"0"},"categories":[51608],"tags":[6226,10195,3652,42,38,40,39,41,8812,22920],"class_list":["post-640531","post","type-post","status-publish","format-standard","has-post-thumbnail","category-lodz","tag-bilety","tag-impreza","tag-lodz","tag-pl","tag-poland","tag-polish","tag-polska","tag-polski","tag-spektakle","tag-wydarzenie"],"share_on_mastodon":{"url":"https:\/\/pubeurope.com\/@pl\/117143057636873120","error":""},"_links":{"self":[{"href":"https:\/\/www.europesays.com\/pl\/wp-json\/wp\/v2\/posts\/640531","targetHints":{"allow":["GET"]}}],"collection":[{"href":"https:\/\/www.europesays.com\/pl\/wp-json\/wp\/v2\/posts"}],"about":[{"href":"https:\/\/www.europesays.com\/pl\/wp-json\/wp\/v2\/types\/post"}],"author":[{"embeddable":true,"href":"https:\/\/www.europesays.com\/pl\/wp-json\/wp\/v2\/users\/2"}],"replies":[{"embeddable":true,"href":"https:\/\/www.europesays.com\/pl\/wp-json\/wp\/v2\/comments?post=640531"}],"version-history":[{"count":0,"href":"https:\/\/www.europesays.com\/pl\/wp-json\/wp\/v2\/posts\/640531\/revisions"}],"wp:featuredmedia":[{"embeddable":true,"href":"https:\/\/www.europesays.com\/pl\/wp-json\/wp\/v2\/media\/640532"}],"wp:attachment":[{"href":"https:\/\/www.europesays.com\/pl\/wp-json\/wp\/v2\/media?parent=640531"}],"wp:term":[{"taxonomy":"category","embeddable":true,"href":"https:\/\/www.europesays.com\/pl\/wp-json\/wp\/v2\/categories?post=640531"},{"taxonomy":"post_tag","embeddable":true,"href":"https:\/\/www.europesays.com\/pl\/wp-json\/wp\/v2\/tags?post=640531"}],"curies":[{"name":"wp","href":"https:\/\/api.w.org\/{rel}","templated":true}]}}