{"id":640856,"date":"2026-08-23T08:55:20","date_gmt":"2026-08-23T08:55:20","guid":{"rendered":"https:\/\/www.europesays.com\/pl\/640856\/"},"modified":"2026-08-23T08:55:20","modified_gmt":"2026-08-23T08:55:20","slug":"wegrzy-napisali-wprost-po-meczu-z-polska-zgodnie-z-przewidywaniami","status":"publish","type":"post","link":"https:\/\/www.europesays.com\/pl\/640856\/","title":{"rendered":"W\u0119grzy napisali wprost po meczu z Polsk\u0105. &#8222;Zgodnie z przewidywaniami&#8221;"},"content":{"rendered":"\n<p class=\"contentpart contentpart--default contentpart--text\" data-position=\"0\">&#8222;Nemzeti Sport&#8221; okre\u015bli\u0142 wynik mianem &#8222;pora\u017cki zgodnej z przewidywaniami&#8221;, przypominaj\u0105c, \u017ce Polki nale\u017c\u0105 obecnie do \u015bwiatowej czo\u0142\u00f3wki. W\u0119grzy szczeg\u00f3lnie podkre\u015blili przebieg drugiej i trzeciej partii. W pierwszej Bia\u0142o-Czerwone dominowa\u0142y i zwyci\u0119\u017cy\u0142y 25:12, ale p\u00f3\u017aniej rywalki d\u0142ugo utrzymywa\u0142y si\u0119 blisko zespo\u0142u Stefano Lavariniego. &#8222;W dw\u00f3ch setach potrafi\u0142y dotrzyma\u0107 kroku jednej z najlepszych dru\u017cyn \u015bwiata&#8221; &#8211; podsumowa\u0142 w\u0119gierski dziennik.<\/p>\n<p>  <img decoding=\"async\" src=\"https:\/\/v.wpimg.pl\/X3dwLnN2d1IFFTpdYUl6R0ZNbgcnEHQREVV2TGEGbUtRT2MdOlZ2RBQUKABgQjQcDRotCStBd1IAAWMeIlM7VgwYIAorQAdEFFk_GCkQJQ\" alt=\"\" width=\"45\" height=\"58\" loading=\"lazy\"\/>  <\/p>\n<p class=\"contentpart contentpart--default contentpart--text\" data-position=\"1\">Podobnie spotkanie oceniono w serwisie M4 Sport. Tam ju\u017c w tytule zaznaczono, \u017ce W\u0119gierki dwukrotnie przekroczy\u0142y granic\u0119 20 punkt\u00f3w, ale mimo tego przegra\u0142y w trzech setach. Szczeg\u00f3ln\u0105 uwag\u0119 zwr\u00f3cono na Nemeth Anett, kt\u00f3ra zdoby\u0142a a\u017c 22 punkty i by\u0142a najskuteczniejsz\u0105 zawodniczk\u0105 ca\u0142ego spotkania. Po polskiej stronie najwi\u0119cej, 14 punkt\u00f3w, zanotowa\u0142a Magdalena Stysiak.<\/p>\n<p class=\"contentpart contentpart--default contentpart--text\" data-position=\"2\">W\u0119gierski selekcjoner Alessandro Chiappini r\u00f3wnie\u017c nie traktowa\u0142 wyniku jako powodu do wi\u0119kszego rozczarowania. &#8211; Pod koniec set\u00f3w wychodzi\u0142a r\u00f3\u017cnica wynikaj\u0105ca z tego, \u017ce one s\u0105 pi\u0105t\u0105 najlepsz\u0105 dru\u017cyn\u0105 \u015bwiata &#8211; t\u0142umaczy\u0142 po meczu. Csereklye Zsofia dodawa\u0142a natomiast, \u017ce mimo pora\u017cki zesp\u00f3\u0142 by\u0142 zadowolony z tego, i\u017c potrafi\u0142 postawi\u0107 si\u0119 tak mocnemu przeciwnikowi.<\/p>\n<p class=\"contentpart contentpart--default contentpart--text\" data-position=\"3\">&#8222;Magyar Nemzet&#8221; przypomnia\u0142 z kolei, \u017ce dla reprezentacji W\u0119gier by\u0142 to pocz\u0105tek sz\u00f3stych z rz\u0119du mistrzostw Europy. Portal nie szuka\u0142 sensacji w wyniku i ju\u017c przed turniejem podkre\u015bla\u0142, \u017ce dru\u017cyna trafi\u0142a do bardzo wymagaj\u0105cej grupy. W \u015bwiatowym rankingu Polki zajmuj\u0105 pi\u0105te miejsce, podczas gdy W\u0119gierki s\u0105 26.<\/p>\n<p>  <img decoding=\"async\" src=\"https:\/\/v.wpimg.pl\/X3dwLnN2d1IFFTpdYUl6R0ZNbgcnEHQREVV2TGEGbUtRT2MdOlZ2RBQUKABgQjQcDRotCStBd1IAAWMeIlM7VgwYIAorQAdEFFk_GCkQJQ\" alt=\"\" width=\"45\" height=\"58\" loading=\"lazy\"\/>  <\/p>\n<p class=\"contentpart contentpart--default contentpart--text\" data-position=\"4\">ZOBACZ WIDEO: Bia\u0142o-Czerwone gotowe na ME. Tak wygl\u0105da\u0142 pierwszy dzie\u0144 siatkarek w Stambule<\/p>\n","protected":false},"excerpt":{"rendered":"&#8222;Nemzeti Sport&#8221; okre\u015bli\u0142 wynik mianem &#8222;pora\u017cki zgodnej z przewidywaniami&#8221;, przypominaj\u0105c, \u017ce Polki nale\u017c\u0105 obecnie do \u015bwiatowej czo\u0142\u00f3wki. W\u0119grzy&hellip;\n","protected":false},"author":2,"featured_media":640857,"comment_status":"","ping_status":"","sticky":false,"template":"","format":"standard","meta":{"footnotes":"","_share_on_mastodon":"0"},"categories":[12],"tags":[124983,42,38,40,39,41,539,131,913,2670],"class_list":["post-640856","post","type-post","status-publish","format-standard","has-post-thumbnail","category-polska","tag-mistrzostwa-europy-2026-kobiet","tag-pl","tag-poland","tag-polish","tag-polska","tag-polski","tag-reprezentacje","tag-siatkowka","tag-siatkowka-w-europie","tag-wegry"],"share_on_mastodon":{"url":"","error":""},"_links":{"self":[{"href":"https:\/\/www.europesays.com\/pl\/wp-json\/wp\/v2\/posts\/640856","targetHints":{"allow":["GET"]}}],"collection":[{"href":"https:\/\/www.europesays.com\/pl\/wp-json\/wp\/v2\/posts"}],"about":[{"href":"https:\/\/www.europesays.com\/pl\/wp-json\/wp\/v2\/types\/post"}],"author":[{"embeddable":true,"href":"https:\/\/www.europesays.com\/pl\/wp-json\/wp\/v2\/users\/2"}],"replies":[{"embeddable":true,"href":"https:\/\/www.europesays.com\/pl\/wp-json\/wp\/v2\/comments?post=640856"}],"version-history":[{"count":0,"href":"https:\/\/www.europesays.com\/pl\/wp-json\/wp\/v2\/posts\/640856\/revisions"}],"wp:featuredmedia":[{"embeddable":true,"href":"https:\/\/www.europesays.com\/pl\/wp-json\/wp\/v2\/media\/640857"}],"wp:attachment":[{"href":"https:\/\/www.europesays.com\/pl\/wp-json\/wp\/v2\/media?parent=640856"}],"wp:term":[{"taxonomy":"category","embeddable":true,"href":"https:\/\/www.europesays.com\/pl\/wp-json\/wp\/v2\/categories?post=640856"},{"taxonomy":"post_tag","embeddable":true,"href":"https:\/\/www.europesays.com\/pl\/wp-json\/wp\/v2\/tags?post=640856"}],"curies":[{"name":"wp","href":"https:\/\/api.w.org\/{rel}","templated":true}]}}