{"id":641086,"date":"2026-08-23T11:50:15","date_gmt":"2026-08-23T11:50:15","guid":{"rendered":"https:\/\/www.europesays.com\/pl\/641086\/"},"modified":"2026-08-23T11:50:15","modified_gmt":"2026-08-23T11:50:15","slug":"syreny-alarmowe-uruchomily-sie-przez-pomylke-sygnal-uslyszeli-mieszkancy-pieciu-powiatow","status":"publish","type":"post","link":"https:\/\/www.europesays.com\/pl\/641086\/","title":{"rendered":"Syreny alarmowe uruchomi\u0142y si\u0119 przez pomy\u0142k\u0119. Sygna\u0142 us\u0142yszeli mieszka\u0144cy pi\u0119ciu powiat\u00f3w"},"content":{"rendered":"<p>                                    Przypadkowe uruchomienie syren<\/p>\n<p>Lubelski Urz\u0105d Wojew\u00f3dzki wyja\u015bni\u0142, \u017ce syreny w\u0142\u0105czy\u0142y si\u0119 podczas sprawdzania systemu ostrzegania mieszka\u0144c\u00f3w.<\/p>\n<p>\u2014 W niedziel\u0119, 23 sierpnia 2026 r. w godzinach porannych podczas prowadzenia zaplanowanych cichych test\u00f3w systemu alarmowego na terenie wojew\u00f3dztwa lubelskiego, dosz\u0142o do przypadkowego uruchomienia cz\u0119\u015bci syren emituj\u0105cych sygna\u0142 odwo\u0142ania alarmu (ci\u0105g\u0142y sygna\u0142 trwaj\u0105cy 3 minuty) \u2014 przekaza\u0142 urz\u0105d.<\/p>\n<p>Sygna\u0142 nadano w powiatach bi\u0142gorajskim, zamojskim, hrubieszowskim i tomaszowskim, a tak\u017ce na terenie miasta Zamo\u015b\u0107.<\/p>\n<p>System alarmowy jest regularnie sprawdzany<\/p>\n<p>Testy s\u0142u\u017c\u0105 weryfikowaniu sprawno\u015bci infrastruktury odpowiedzialnej za alarmowanie i ostrzeganie ludno\u015bci.<\/p>\n<p>\u2014 Przeprowadzenie test\u00f3w jest elementem dzia\u0142a\u0144 zwi\u0105zanych z \u0107wiczeniami i sprawdzaniem sprawno\u015bci systemu alarmowania i ostrzegania ludno\u015bci. Ich celem jest zapewnienie jego prawid\u0142owego funkcjonowania w sytuacji rzeczywistego zagro\u017cenia \u2014 poinformowa\u0142 Lubelski Urz\u0105d Wojew\u00f3dzki.<\/p>\n<p>Administracja i s\u0142u\u017cby monitoruj\u0105 funkcjonowanie systemu oraz analizuj\u0105 stwierdzone nieprawid\u0142owo\u015bci.<\/p>\n<p>\u2014 Priorytetem pozostaje bezpiecze\u0144stwo mieszka\u0144c\u00f3w. S\u0142u\u017cby i administracja na bie\u017c\u0105co monitoruj\u0105 dzia\u0142anie systemu, a wszelkie nieprawid\u0142owo\u015bci s\u0105 analizowane. Dzi\u0119kujemy za wyrozumia\u0142o\u015b\u0107 \u2014 podkre\u015blono w komunikacie.<\/p>\n<p>Przypomnijmy, \u017ce dzi\u015b, w niedziel\u0119 23 sierpnia, w godzinach od 7.00 do 11.00 na terenie powiatu parczewskiego odbywa\u0142 si\u0119 trening systemu alarmowania z wykorzystaniem syren. Rz\u0105dowe Centrum Bezpiecze\u0144stwa uprzedzi\u0142o o nim w sobotnim alercie: \u201e\u0106wiczenie: jutro (23.08) w godz. 7:00\u201311:00 na terenie powiatu parczewskiego odb\u0119dzie si\u0119 trening systemu alarmowania z wykorzystaniem syren. Zachowaj spok\u00f3j\u201d.<\/p>\n<p>\u0179r\u00f3d\u0142o: LUW<\/p>\n<p>\n                                    <a href=\"https:\/\/www.google.com\/preferences\/source?q=lublin112.pl\" target=\"_blank\" rel=\"noopener noreferrer nofollow\" onclick=\"if (!window.__cfRLUnblockHandlers) return false; gtag(&#039;event&#039;, &#039;google_preferred_source_click&#039;, {&#010;                                           &#039;link_url&#039;: this.href,&#010;                                           &#039;link_text&#039;: &#039;Ustaw lublin112.pl jako preferowane \u017ar\u00f3d\u0142o&#039;&#010;                                       });\" style=\"text-align:center;display:block;\" data-cf-modified-44bb194b07c8e26923e52f43-=\"\"><br \/>\n                                        <img decoding=\"async\" src=\"https:\/\/www.europesays.com\/pl\/wp-content\/uploads\/2026\/08\/1787485815_567_lublin112-google-source.webp\" alt=\"Ustaw lublin112.pl jako preferowane \u017ar\u00f3d\u0142o w Google\" style=\"max-width: 70%;\"\/><br \/>\n                                    <\/a><br \/>\n                                    <\/p>\n","protected":false},"excerpt":{"rendered":"Przypadkowe uruchomienie syren Lubelski Urz\u0105d Wojew\u00f3dzki wyja\u015bni\u0142, \u017ce syreny w\u0142\u0105czy\u0142y si\u0119 podczas sprawdzania systemu ostrzegania mieszka\u0144c\u00f3w. \u2014 W&hellip;\n","protected":false},"author":2,"featured_media":641087,"comment_status":"","ping_status":"","sticky":false,"template":"","format":"standard","meta":{"footnotes":"","_share_on_mastodon":"0"},"categories":[51612],"tags":[96504,1081,42,38,40,39,41,118193,66333,125722,28331,125723,61159,7752],"class_list":["post-641086","post","type-post","status-publish","format-standard","has-post-thumbnail","category-lublin","tag-lubelski-urzad-wojewodzki","tag-lublin","tag-pl","tag-poland","tag-polish","tag-polska","tag-polski","tag-powiat-bilgorajski","tag-powiat-hrubieszowski","tag-powiat-tomaszowski","tag-syreny-alarmowe","tag-system-alarmowy","tag-wojewodztwo-lubelskie","tag-zamosc"],"share_on_mastodon":{"url":"https:\/\/pubeurope.com\/@pl\/117144678473221888","error":""},"_links":{"self":[{"href":"https:\/\/www.europesays.com\/pl\/wp-json\/wp\/v2\/posts\/641086","targetHints":{"allow":["GET"]}}],"collection":[{"href":"https:\/\/www.europesays.com\/pl\/wp-json\/wp\/v2\/posts"}],"about":[{"href":"https:\/\/www.europesays.com\/pl\/wp-json\/wp\/v2\/types\/post"}],"author":[{"embeddable":true,"href":"https:\/\/www.europesays.com\/pl\/wp-json\/wp\/v2\/users\/2"}],"replies":[{"embeddable":true,"href":"https:\/\/www.europesays.com\/pl\/wp-json\/wp\/v2\/comments?post=641086"}],"version-history":[{"count":0,"href":"https:\/\/www.europesays.com\/pl\/wp-json\/wp\/v2\/posts\/641086\/revisions"}],"wp:featuredmedia":[{"embeddable":true,"href":"https:\/\/www.europesays.com\/pl\/wp-json\/wp\/v2\/media\/641087"}],"wp:attachment":[{"href":"https:\/\/www.europesays.com\/pl\/wp-json\/wp\/v2\/media?parent=641086"}],"wp:term":[{"taxonomy":"category","embeddable":true,"href":"https:\/\/www.europesays.com\/pl\/wp-json\/wp\/v2\/categories?post=641086"},{"taxonomy":"post_tag","embeddable":true,"href":"https:\/\/www.europesays.com\/pl\/wp-json\/wp\/v2\/tags?post=641086"}],"curies":[{"name":"wp","href":"https:\/\/api.w.org\/{rel}","templated":true}]}}