{"id":641136,"date":"2026-08-23T12:28:52","date_gmt":"2026-08-23T12:28:52","guid":{"rendered":"https:\/\/www.europesays.com\/pl\/641136\/"},"modified":"2026-08-23T12:28:52","modified_gmt":"2026-08-23T12:28:52","slug":"slask-widzew-awansowali-do-ekstraklasy-ale-niezwykla-seria-trwa-2","status":"publish","type":"post","link":"https:\/\/www.europesays.com\/pl\/641136\/","title":{"rendered":"\u015al\u0105sk \u2014 Widzew. Awansowali do Ekstraklasy, ale niezwyk\u0142a seria trwa"},"content":{"rendered":"<p>Bezbramkowy remis w ostatnim domowym meczu \u015al\u0105ska Wroc\u0142aw przeciwko Cracovii oznacza\u0142, \u017ce dru\u017cyna Ante \u0160imund\u017ey przed\u0142u\u017cy\u0142a seri\u0119 bez ligowej pora\u017cki przed w\u0142asn\u0105 publiczno\u015bci\u0105 do dziesi\u0119ciu wyst\u0119p\u00f3w. W tym czasie dru\u017cyna z Oporowskiej po r\u00f3wno podzieli\u0142a liczb\u0119 zwyci\u0119stw oraz remis\u00f3w (wliczaj\u0105c walkower za nierozegrany mecz przeciwko Wi\u015ble Krak\u00f3w w marcu), a ostatniego pogromc\u0119 znalaz\u0142a w listopadzie ubieg\u0142ego roku. Wtedy \u015al\u0105sk przegra\u0142 jedyny domowy mecz w ubieg\u0142ym sezonie I ligi z rewelacyjn\u0105 Poloni\u0105 Bytom (2:3) prowadzon\u0105 przez \u0141ukasza Tomczyka, jednak poza t\u0105 wpadk\u0105, to w\u0142a\u015bnie \u015bwietna dyspozycja we Wroc\u0142awiu umo\u017cliwi\u0142a mu szybki powr\u00f3t w szeregi PKO BP Ekstraklasy.<\/p>\n<p>Dalszy ci\u0105g artyku\u0142u pod materia\u0142em wideoAleksandar Vukovi\u0107 potrafi wygrywa\u0107 we Wroc\u0142awiu<\/p>\n<p>Uprzedzaj\u0105c argumenty o tym, \u017ce w I lidze o podobne serie klubom pokroju \u015al\u0105ska jest zdecydowanie \u0142atwiej, warto zwr\u00f3ci\u0107 uwag\u0119, \u017ce Ante \u0160imund\u017ea nie zwyk\u0142 przegrywa\u0107 we Wroc\u0142awiu r\u00f3wnie\u017c przed spadkiem.<\/p>\n<p>S\u0142oweniec prowadzi\u0142 zesp\u00f3\u0142 przez ca\u0142\u0105 rund\u0119 wiosenn\u0105 2025 r., w trakcie kt\u00f3rej nie uda\u0142o mu si\u0119 wywalczy\u0107 utrzymania i da\u0142 si\u0119 ogra\u0107 jako gospodarz tylko dwukrotnie \u2014 w debiucie Piastowi Gliwice (1:3) oraz w ko\u0144c\u00f3wce sezonu, gdy sytuacja stawa\u0142a si\u0119 ju\u017c coraz trudniejsza GKS-owi Katowice (0:2).<\/p>\n<p>Przy nazwie tego pierwszego przeciwnika warto zatrzyma\u0107 si\u0119 na d\u0142u\u017cej, bo pierwszym rywalem, jakiego podj\u0105\u0142 \u0160imund\u017ea w PKO BP Ekstraklasie by\u0142\u2026 Aleksandar Vukovi\u0107, obecny szkoleniowiec Widzewa \u0141\u00f3d\u017a, czyli najbli\u017cszego rywala Wroc\u0142awian.<\/p>\n<p>Dla Serba sezon 2024\/25 by\u0142 zreszt\u0105 bardzo udany w kontek\u015bcie rywalizacji ze \u015al\u0105skiem na jego stadionie, bo kr\u00f3tko przed przyj\u015bciem \u0160imund\u017ey, wygra\u0142 tak\u017ce w 1\/8 fina\u0142u Pucharu Polski (1:1 po dogrywce, karne: 8:9). Je\u017celi kto\u015b mia\u0142by zatem zna\u0107 spos\u00f3b na z\u0142amanie wroc\u0142awskiej twierdzy, to szkoleniowiec, kt\u00f3remu we wcze\u015bniejszych ekstraklasowych meczach r\u00f3wnie\u017c wiod\u0142o si\u0119 w meczach na terenie aktualnego beniaminka PKO BP Ekstraklasy.<\/p>\n<p><img class=\"ods-a-photo ods-a-photo--background\" src=\"https:\/\/www.europesays.com\/pl\/wp-content\/uploads\/2026\/08\/ZS0k9lBaHR0cHM6Ly9vY2RuLmV1L3B1bHNjbXMvTURBXy80ODMwOTg5ODA4NmNkYjYzYmNkMTFmMDA5MTJlOTEwMi5qcGeRkwXNB.jpeg\" height=\"627\" width=\"940\" alt=\"Aleksandar Vukovi\u0107 jako trener Piasta podczas meczu we Wroc\u0142awiu w lutym 2025 r. (3:1)\" loading=\"lazy\" fetchpriority=\"auto\" decoding=\"auto\"\/><\/p>\n<p>Maciej Kulczy\u0144ski \/ newspix.pl<\/p>\n<p>Aleksandar Vukovi\u0107 jako trener Piasta podczas meczu we Wroc\u0142awiu w lutym 2025 r. (3:1)<\/p>\n<p>Bergier wraca do Wroc\u0142awia<\/p>\n<p>Vukovi\u0107, prowadz\u0105c Legi\u0119 i Piasta wygra\u0142 bowiem 4 z 5 oficjalnych mecz\u00f3w we Wroc\u0142awiu, wy\u0142\u0105czaj\u0105c bardzo pechow\u0105 pora\u017ck\u0119 z jesieni 2024 roku (0:1), kiedy \u015al\u0105sk by\u0142 niespodziewanym liderem tabeli. Og\u00f3\u0142em to jedyna przegrana serbskiego szkoleniowca w dziesi\u0119ciu ligowych oraz pucharowych konfrontacjach z sobotnim przeciwnikiem Widzewa, a starcie z \u0160imund\u017e\u0105 w ekstraklasowym debiucie S\u0142owe\u0144ca do dzi\u015b pozostaje jej ostatnim aktem.<\/p>\n<p>Co ciekawe, jednym z najwa\u017cniejszych element\u00f3w sk\u0142adu \u0141odzian na sobotni mecz we Wroc\u0142awiu ma by\u0107 zawodnik, kt\u00f3ry gra\u0142\u2026 w drugim przegranym meczu \u0160imund\u017ey na w\u0142asnym stadionie w PKO BP Ekstraklasie. Kiedy w kwietniu 2025 roku na stadionie \u015al\u0105ska pewnie triumfowa\u0142 wspomniany GKS Katowice, w podstawowym sk\u0142adzie \u00f3wczesnego beniaminka biega\u0142 Sebastian Bergier.<\/p>\n<p><img class=\"ods-a-photo ods-a-photo--background\" src=\"https:\/\/www.europesays.com\/pl\/wp-content\/uploads\/2026\/08\/prWk9lBaHR0cHM6Ly9vY2RuLmV1L3B1bHNjbXMvTURBXy81MmY0ZDAxYmZjM2NkMzQ2Zjg5NGI1NzcxZDA3NTM2OS5qcGeRkwXNB.jpeg\" height=\"626\" width=\"940\" alt=\"Sebastian Bergier w barwach GKS Katowice podczas meczu we Wroc\u0142awiu w kwietniu 2025 r. (2:0)\" loading=\"lazy\" fetchpriority=\"auto\" decoding=\"auto\"\/><\/p>\n<p>Credit: Pawel Andrachiewicz \/ PressFocus \/ NEWSPIX.PL \/ newspix.pl<\/p>\n<p>Sebastian Bergier w barwach GKS Katowice podczas meczu we Wroc\u0142awiu w kwietniu 2025 r. (2:0)<\/p>\n<p>Urodzony we Wroc\u0142awiu wychowanek zielono-bia\u0142o-czerwonych bramki nie zdoby\u0142, jednak by\u0142 bardzo aktywny, a tamto spotkanie okaza\u0142o si\u0119 ostatnim w jego wykonaniu w barwach GieKSy przed transferem do Widzewa. Przypomnienie si\u0119 poprzedniemu klubowi, w kt\u00f3rym nie dosta\u0142 prawdziwej szansy i mo\u017ce by\u0107 dzi\u015b powodem do wielkich wyrzut\u00f3w sumienia, to cel dla Bergiera na sobotni wiecz\u00f3r.<\/p>\n<p>Smak motywacji, a co najwa\u017cniejsze skuteczno\u015bci w spotkaniu z by\u0142ym pracodawc\u0105 ju\u017c zna, bo kiedy na pocz\u0105tku poprzedniego sezonu po raz pierwszy w koszulce Widzewa wybieg\u0142 przeciwko GKS-owi Katowice, to bez \u017cadnej lito\u015bci zapakowa\u0142 mu gola otwieraj\u0105cego wynik meczu zako\u0144czonego wynikiem 3:0.<\/p>\n<p><img class=\"ods-a-photo ods-a-photo--background\" src=\"https:\/\/www.europesays.com\/pl\/wp-content\/uploads\/2026\/08\/g1Gk9lBaHR0cHM6Ly9vY2RuLmV1L3B1bHNjbXMvTURBXy9lNTE2OTRlNGJmNzZiNGY5ZjQ1NmMwNTk4ZGZmMjI4Ni5qcGeRkwXNB.jpeg\" height=\"627\" width=\"940\" alt=\"Trener \u015al\u0105ska Ante \u0160imund\u017ea\" loading=\"lazy\" fetchpriority=\"auto\" decoding=\"auto\"\/><\/p>\n<p>\u0141ukasz Skwiot \/ newspix.pl<\/p>\n<p>Trener \u015al\u0105ska Ante \u0160imund\u017ea<\/p>\n<p>\u015al\u0105sk os\u0142abiony na pocz\u0105tku sezonu<\/p>\n<p>\u2014 Je\u017celi nie b\u0119dziemy na odpowiednim poziomie, to w ka\u017cdym meczu w PKO BP Ekstraklasie mo\u017cemy mie\u0107 problemy \u2014 regularnie podkre\u015bla \u0160imund\u017ea, kt\u00f3ry po pierwszym spotkaniu z najwy\u017csz\u0105 klas\u0105 rozgrywkow\u0105 sprzed p\u00f3\u0142tora roku, musia\u0142 mie\u0107 \u015bwiadomo\u015b\u0107, \u017ce poprzeczka p\u00f3jdzie zdecydowanie wy\u017cej.<\/p>\n<p>Jego dru\u017cyna w pierwszych czterech meczach przegra\u0142a ju\u017c wi\u0119cej mecz\u00f3w ni\u017c w tym samym okresie z pocz\u0105tku spadkowego sezonu 2024\/25 (dwa do jednego), jednak zdoby\u0142a nieco wi\u0119cej punkt\u00f3w (cztery do trzech). Potrafi\u0142a te\u017c ju\u017c wygra\u0107 dzi\u0119ki efektownemu odwr\u00f3ceniu los\u00f3w spotkania z Rakowem Cz\u0119stochowa (2:1) w samej ko\u0144c\u00f3wce, a dwa lata temu na pierwszy komplet punkt\u00f3w musia\u0142a poczeka\u0107 a\u017c do ko\u0144c\u00f3wki pa\u017adziernika (2:1 ze Stal\u0105 Mielec, kt\u00f3ra na koniec r\u00f3wnie\u017c spad\u0142a do I ligi).<\/p>\n<p>Prawdziwe wyzwania w tym sezonie s\u0105 jednak dopiero przed \u015al\u0105skiem, bo po meczu z Widzewem czekaj\u0105 go ligowe wyjazdy do Legii Warszawa i Jagiellonii Bia\u0142ystok, a tak\u017ce domowa potyczka w Pucharze Polski z Pogoni\u0105 Szczecin. Wroc\u0142awianie nara\u017caj\u0105 si\u0119 na straty bramek w sytuacjach, przed kt\u00f3rymi przestrzega ich \u0160imund\u017ea, co gorzko podkre\u015bla\u0142 s\u0142owe\u0144ski szkoleniowiec po ubieg\u0142otygodniowych derbach Dolnego \u015al\u0105ska w Lubinie (1:2).<\/p>\n<p><img class=\"ods-a-photo ods-a-photo--background\" src=\"https:\/\/www.europesays.com\/pl\/wp-content\/uploads\/2026\/08\/Q64k9lBaHR0cHM6Ly9vY2RuLmV1L3B1bHNjbXMvTURBXy9hYmUzMmU5MDlhZGM1ZWE1YzMzYjQzY2NhYTEzOTMwMi5qcGeRkwXNB.jpeg\" height=\"627\" width=\"940\" alt=\"Micha\u0142 Mokrzycki dozna\u0142 kontuzji w meczu \u015al\u0105ska przeciwko Cracovii (0:0)\" loading=\"lazy\" fetchpriority=\"auto\" decoding=\"auto\"\/><\/p>\n<p>Foto Pawel Andrachiewicz \/ PressFocus \/ newspix.pl<\/p>\n<p>Micha\u0142 Mokrzycki dozna\u0142 kontuzji w meczu \u015al\u0105ska przeciwko Cracovii (0:0)<\/p>\n<p>Maj\u0105 te\u017c problem z zarz\u0105dzaniem prowadzeniem, bo przebieg spotkania na stadionie KGHM Zag\u0142\u0119bia mocno przypomina\u0142 wydarzenia z inauguracji przeciwko G\u00f3rnikowi w Zabrzu (r\u00f3wnie\u017c sko\u0144czy\u0142o si\u0119 1:2). \u015al\u0105sk ma lidera z prawdziwego zdarzenia w postaci kapitana Piotra Samca-Talara, ale niekoniecznie kreuje pi\u0142karzy, kt\u00f3rzy mogliby r\u00f3wna\u0107 do niego poziomem. Zmaga si\u0119 tak\u017ce ze znacz\u0105cymi os\u0142abieniami kadrowymi, bo wi\u0119zad\u0142o krzy\u017cowe w kolanie zerwa\u0142 Micha\u0142 Mokrzycki, a w sobot\u0119 drugi mecz pauzy zwi\u0105zanej z czerwon\u0105 kartk\u0105 w meczu z Cracovi\u0105 (0:0) b\u0119dzie odbywa\u0142 Lamine Ba.<\/p>\n","protected":false},"excerpt":{"rendered":"Bezbramkowy remis w ostatnim domowym meczu \u015al\u0105ska Wroc\u0142aw przeciwko Cracovii oznacza\u0142, \u017ce dru\u017cyna Ante \u0160imund\u017ey przed\u0142u\u017cy\u0142a seri\u0119 bez&hellip;\n","protected":false},"author":2,"featured_media":641137,"comment_status":"","ping_status":"","sticky":false,"template":"","format":"standard","meta":{"footnotes":"","_share_on_mastodon":"0"},"categories":[51607],"tags":[56,61195,3106,274,48,46,55,948,42,38,40,39,41,47,3143,130,1853],"class_list":["post-641136","post","type-post","status-publish","format-standard","has-post-thumbnail","category-wroclaw","tag-article_premium","tag-bottomfeed_styl","tag-dzis_pisza_dla_was","tag-ekstraklasa","tag-nat_styl","tag-omp","tag-phx","tag-pilka_nozna","tag-pl","tag-poland","tag-polish","tag-polska","tag-polski","tag-screening_general","tag-slask_wroclaw","tag-wiadomosci_sportowe","tag-wroclaw"],"share_on_mastodon":{"url":"https:\/\/pubeurope.com\/@pl\/117144832234367885","error":""},"_links":{"self":[{"href":"https:\/\/www.europesays.com\/pl\/wp-json\/wp\/v2\/posts\/641136","targetHints":{"allow":["GET"]}}],"collection":[{"href":"https:\/\/www.europesays.com\/pl\/wp-json\/wp\/v2\/posts"}],"about":[{"href":"https:\/\/www.europesays.com\/pl\/wp-json\/wp\/v2\/types\/post"}],"author":[{"embeddable":true,"href":"https:\/\/www.europesays.com\/pl\/wp-json\/wp\/v2\/users\/2"}],"replies":[{"embeddable":true,"href":"https:\/\/www.europesays.com\/pl\/wp-json\/wp\/v2\/comments?post=641136"}],"version-history":[{"count":0,"href":"https:\/\/www.europesays.com\/pl\/wp-json\/wp\/v2\/posts\/641136\/revisions"}],"wp:featuredmedia":[{"embeddable":true,"href":"https:\/\/www.europesays.com\/pl\/wp-json\/wp\/v2\/media\/641137"}],"wp:attachment":[{"href":"https:\/\/www.europesays.com\/pl\/wp-json\/wp\/v2\/media?parent=641136"}],"wp:term":[{"taxonomy":"category","embeddable":true,"href":"https:\/\/www.europesays.com\/pl\/wp-json\/wp\/v2\/categories?post=641136"},{"taxonomy":"post_tag","embeddable":true,"href":"https:\/\/www.europesays.com\/pl\/wp-json\/wp\/v2\/tags?post=641136"}],"curies":[{"name":"wp","href":"https:\/\/api.w.org\/{rel}","templated":true}]}}