{"id":641310,"date":"2026-08-23T14:33:15","date_gmt":"2026-08-23T14:33:15","guid":{"rendered":"https:\/\/www.europesays.com\/pl\/641310\/"},"modified":"2026-08-23T14:33:15","modified_gmt":"2026-08-23T14:33:15","slug":"agustin-egurrola-zabral-glos-po-drugim-slubie-zwrocil-sie-do-zony","status":"publish","type":"post","link":"https:\/\/www.europesays.com\/pl\/641310\/","title":{"rendered":"Agustin Egurrola zabra\u0142 g\u0142os po drugim \u015blubie. Zwr\u00f3ci\u0142 si\u0119 do \u017cony"},"content":{"rendered":"<p><a href=\"https:\/\/plejada.pl\/temat\/agustin-egurrola\/yx5pd54\" id=\"08f84591-f11f-4e59-852d-96af92df879e\" rel=\"nofollow noopener\" target=\"_blank\">Agustin Egurrola<\/a> odnalaz\u0142 szcz\u0119\u015bcie u boku ukochanej Diany. Zakochani wzi\u0119li \u015blub cywilny w 2020 r. Rok p\u00f3\u017aniej na \u015bwiat przyszed\u0142 ich syn Oscar \u2014 warto doda\u0107, \u017ce tancerz jest tak\u017ce ojcem c\u00f3rki Carmen, kt\u00f3ra urodzi\u0142a si\u0119, gdy by\u0142 zwi\u0105zany z Nin\u0105 Tyrk\u0105.Niedawno <a href=\"https:\/\/plejada.pl\/newsy\/agustin-egurrola-wzial-slub-koscielny-ma-jeszcze-wieksze-znaczenie\/g7s3bcg\" id=\"f8462daf-d77d-4015-81fc-83d1ea407a5c\" rel=\"nofollow noopener\" target=\"_blank\">Agustin Egurrola z \u017con\u0105 podj\u0119li decyzj\u0119, aby ponownie powiedzie\u0107 sobie &#8222;tak&#8221;<\/a> \u2014 tym razem jednak przed o\u0142tarzem. S\u0142ynny choreograf ujawni\u0142 szczeg\u00f3\u0142y \u015blubu w rozmowie z &#8222;Viv\u0105!&#8221;, gdzie zosta\u0142y opublikowane r\u00f3wnie\u017c zjawiskowe zdj\u0119cia z uroczysto\u015bci. Panna m\u0142oda zaprezentowa\u0142a si\u0119 w koronkowej sukni \u015blubnej, natomiast jej ukochany postawi\u0142 na jasnobe\u017cowy garnitur.Dalszy ci\u0105g artyku\u0142u pod materia\u0142em wideoAgustin Egurrola zabra\u0142 g\u0142os po drugim \u015blubie. Zwr\u00f3ci\u0142 si\u0119 do \u017cony<\/p>\n<p>Po ukazaniu si\u0119 wywiadu Agustin Egurrola opublikowa\u0142 wpis na Instagramie, w kt\u00f3rym ze wzruszeniem opowiedzia\u0142 o ceremonii.<\/p>\n<blockquote class=\"ods-o-quote\">\n<p class=\"ods-o-quote__paragraph\">Po sze\u015bciu latach ma\u0142\u017ce\u0144stwa powiedzieli\u015bmy sobie z Dian\u0105 &#8222;tak&#8221; jeszcze raz. Przed Bogiem. W obecno\u015bci naszych dzieci, rodziny i najbli\u017cszych przyjaci\u00f3\u0142<\/p>\n<\/blockquote>\n<p>&#8222;To nie by\u0142 pocz\u0105tek naszej historii. To by\u0142o pi\u0119kne podzi\u0119kowanie za wszystko, co ju\u017c razem stworzyli\u015bmy \u2014 za rodzin\u0119, dom, mi\u0142o\u015b\u0107 i blisko\u015b\u0107. By\u0142o wzruszenie, taniec, muzyka, kuba\u0144ska energia, polska wra\u017cliwo\u015b\u0107 i w\u0142oskie La Dolce Vita&#8221; \u2014 napisa\u0142 choreograf.<\/p>\n<p>W dalszej cz\u0119\u015bci wpisu zwr\u00f3ci\u0142 si\u0119 do \u017cony, nie kryj\u0105c emocji.<\/p>\n<blockquote class=\"ods-o-quote\">\n<p class=\"ods-o-quote__paragraph\">Diana, dzi\u0119kuj\u0119 Ci za ten dzie\u0144. Za spok\u00f3j, kt\u00f3ry wnosisz do mojego \u017cycia. Za dom, kt\u00f3ry razem tworzymy. I za to, \u017ce ka\u017cdego dnia mog\u0119 wybiera\u0107 ciebie<\/p>\n<\/blockquote>\n<p>\u2014 podsumowa\u0142. Do wpisu do\u0142\u0105czy\u0142 seri\u0119 malowniczych fotografii ze \u015blubu.<\/p>\n<p><img class=\"ods-a-photo ods-a-photo--background\" src=\"https:\/\/www.europesays.com\/pl\/wp-content\/uploads\/2026\/08\/PmVk9lBaHR0cHM6Ly9vY2RuLmV1L3B1bHNjbXMvTURBXy9lZDUyOTU5N2UzMTVhZmEwYWE3YzA3YjU2MDQ4ZjJiNC5wbmeRlQLNA.jpeg\" height=\"300\" width=\"450\" alt=\"Krzysztof Piasecki\" loading=\"lazy\" fetchpriority=\"low\" decoding=\"async\"\/><img class=\"ods-a-photo ods-a-photo--background\" src=\"https:\/\/www.europesays.com\/pl\/wp-content\/uploads\/2026\/08\/c6ck9lBaHR0cHM6Ly9vY2RuLmV1L3B1bHNjbXMvTURBXy8xMjFlM2I1NTZiMWM0NzE3Nzc0ZjMzOTdkNjAxYWEzZS5wbmeRkwXNA.jpeg\" height=\"856\" width=\"487\" alt=\"Agustin Egurrola na Instagramie\" loading=\"lazy\" fetchpriority=\"auto\" decoding=\"auto\"\/><\/p>\n<p>instagram<\/p>\n<p>Agustin Egurrola na Instagramie<\/p>\n<p>Dzi\u0119kujemy, \u017ce przeczyta\u0142a\u015b\/e\u015b nasz artyku\u0142 do ko\u0144ca. W serwisie Plejada.pl ka\u017cdego dnia piszemy o najwa\u017cniejszych wydarzeniach show-biznesowych. B\u0105d\u017a na bie\u017c\u0105co!<a rel=\"nofollow noopener\" href=\"https:\/\/profile.google.com\/cp\/Cg0vZy8xMWJ6X19wdHBx\" id=\"4e6c5609-d848-4c51-9ce3-779276dd87e6\" target=\"_blank\"> Obserwuj<\/a> Plejad\u0119 w Google. Odwied\u017a nas tak\u017ce na<a rel=\"nofollow noopener\" href=\"https:\/\/www.facebook.com\/plejadapl\" id=\"090c7beb-2526-440f-ba00-9f92f2427ea5\" target=\"_blank\"> Facebooku<\/a>,<a rel=\"nofollow noopener\" href=\"https:\/\/www.instagram.com\/plejadapl\/\" id=\"12f4c29b-7f5d-4a1a-9555-a8c57137ddc9\" target=\"_blank\"> Instagramie<\/a>,<a rel=\"nofollow noopener\" href=\"https:\/\/www.youtube.com\/c\/plejada\" id=\"78670c2f-deb6-4788-8e65-2ac956a0a090\" target=\"_blank\"> YouTubie<\/a> oraz<a rel=\"nofollow noopener\" href=\"https:\/\/www.tiktok.com\/@plejada_pl\" id=\"166794a9-790a-476f-aa9f-d63397112b02\" target=\"_blank\"> TikToku<\/a>.Chcesz podzieli\u0107 si\u0119 ciekawym newsem lub zaproponowa\u0107 temat? Skontaktuj si\u0119 z nami, pisz\u0105c maila na adres: <a rel=\"nofollow noopener\" href=\"https:\/\/plejada.pl\/newsy\/agustin-egurrola-zabral-glos-po-drugim-slubie-zwrocil-sie-do-zony\/mailto:plejada@redakcjaonet.pl\" id=\"f8358e18-df9f-4b5d-a811-e70f2ea3367e\" target=\"_blank\">plejada@redakcjaonet.pl<\/a>.<script async src=\"\/\/www.instagram.com\/embed.js\"><\/script><script async src=\"\/\/www.tiktok.com\/embed.js\"><\/script><\/p>\n","protected":false},"excerpt":{"rendered":"Agustin Egurrola odnalaz\u0142 szcz\u0119\u015bcie u boku ukochanej Diany. Zakochani wzi\u0119li \u015blub cywilny w 2020 r. Rok p\u00f3\u017aniej na&hellip;\n","protected":false},"author":2,"featured_media":641311,"comment_status":"","ping_status":"","sticky":false,"template":"","format":"standard","meta":{"footnotes":"","_share_on_mastodon":"0"},"categories":[22],"tags":[31101,61195,122,48,125,46,42,38,40,39,41,123,47,556],"class_list":["post-641310","post","type-post","status-publish","format-standard","has-post-thumbnail","category-rozrywka","tag-agustin_egurrola","tag-bottomfeed_styl","tag-entertainment","tag-nat_styl","tag-newsy","tag-omp","tag-pl","tag-poland","tag-polish","tag-polska","tag-polski","tag-rozrywka","tag-screening_general","tag-slub"],"share_on_mastodon":{"url":"https:\/\/pubeurope.com\/@pl\/117145320201344346","error":""},"_links":{"self":[{"href":"https:\/\/www.europesays.com\/pl\/wp-json\/wp\/v2\/posts\/641310","targetHints":{"allow":["GET"]}}],"collection":[{"href":"https:\/\/www.europesays.com\/pl\/wp-json\/wp\/v2\/posts"}],"about":[{"href":"https:\/\/www.europesays.com\/pl\/wp-json\/wp\/v2\/types\/post"}],"author":[{"embeddable":true,"href":"https:\/\/www.europesays.com\/pl\/wp-json\/wp\/v2\/users\/2"}],"replies":[{"embeddable":true,"href":"https:\/\/www.europesays.com\/pl\/wp-json\/wp\/v2\/comments?post=641310"}],"version-history":[{"count":0,"href":"https:\/\/www.europesays.com\/pl\/wp-json\/wp\/v2\/posts\/641310\/revisions"}],"wp:featuredmedia":[{"embeddable":true,"href":"https:\/\/www.europesays.com\/pl\/wp-json\/wp\/v2\/media\/641311"}],"wp:attachment":[{"href":"https:\/\/www.europesays.com\/pl\/wp-json\/wp\/v2\/media?parent=641310"}],"wp:term":[{"taxonomy":"category","embeddable":true,"href":"https:\/\/www.europesays.com\/pl\/wp-json\/wp\/v2\/categories?post=641310"},{"taxonomy":"post_tag","embeddable":true,"href":"https:\/\/www.europesays.com\/pl\/wp-json\/wp\/v2\/tags?post=641310"}],"curies":[{"name":"wp","href":"https:\/\/api.w.org\/{rel}","templated":true}]}}