{"id":641550,"date":"2026-08-23T17:21:17","date_gmt":"2026-08-23T17:21:17","guid":{"rendered":"https:\/\/www.europesays.com\/pl\/641550\/"},"modified":"2026-08-23T17:21:17","modified_gmt":"2026-08-23T17:21:17","slug":"zawrzalo-po-decyzji-sedziego-w-meczu-widzewa-lodz-pzpn-reaguje","status":"publish","type":"post","link":"https:\/\/www.europesays.com\/pl\/641550\/","title":{"rendered":"Zawrza\u0142o po decyzji s\u0119dziego w meczu Widzewa \u0141\u00f3d\u017a. PZPN reaguje"},"content":{"rendered":"<p>Mecz \u015al\u0105sk \u2014 Widzew mia\u0142 dramatyczny przebieg, graj\u0105cy w dziesi\u0105tk\u0119 go\u015bcie prowadzili ju\u017c 3:1, ale gospodarze doprowadzili do remisu 3:3. W pi\u0105tej minucie doliczonego czasu gry dosz\u0142o za\u015b do spornej sytuacji. W zamieszaniu podbramkowym metr od bramki skacz\u0105cy do pi\u0142ki Emil Kornvig z Widzewa upad\u0142 po starciu z Enissem Shabanim ze \u015al\u0105ska.<\/p>\n<p>Dalszy ci\u0105g artyku\u0142u pod materia\u0142em wideo<\/p>\n<p>M\u0142ody arbiter Marcin Kochanek nie podyktowa\u0142 rzutu karnego. Tak\u017ce du\u017co bardziej do\u015bwiadczony s\u0119dzia VAR Daniel Stefa\u0144ski nie interweniowa\u0142. Mecz zako\u0144czy\u0142 si\u0119 podzia\u0142em punkt\u00f3w.<\/p>\n<p>Kolegium S\u0119dzi\u00f3w wskazuje na b\u0142\u0105d arbitra<\/p>\n<p>Teraz Kolegium S\u0119dzi\u00f3w uzna\u0142o, \u017ce obaj podj\u0119li b\u0142\u0119dn\u0105 decyzj\u0119.Na stronie \u0141\u0105czy Nas Pi\u0142ka przedstawili szczeg\u00f3\u0142ow\u0105 analiz\u0119 tej sytuacji.<\/p>\n<p>Do g\u00f3rnej pi\u0142ki wyskakuje zawodnik \u015al\u0105ska nr 77 [Shabani]. Po chwili do walki o ni\u0105 w\u0142\u0105cza si\u0119 zawodnik Widzewa nr 8 [Kornvig]. W wyniku fizycznej walki obu graczy o pi\u0142k\u0119 nast\u0119puje kontakt r\u0105k pi\u0142karza gospodarzy z g\u0142ow\u0105\/twarz\u0105 pi\u0142karza go\u015bci.<\/p>\n<p>W tego typu sytuacjach nale\u017cy oceni\u0107 spos\u00f3b gry obu zawodnik\u00f3w oraz nast\u0119pstwo zdarze\u0144. Id\u0105c chronologicznie:<\/p>\n<p>\u2014 kontakt r\u0105k z g\u0142ow\u0105\/twarz\u0105 przeciwnika nast\u0119puje zdecydowanie wcze\u015bniej ni\u017c zagranie pi\u0142ki przez obro\u0144c\u0119, co finalnie uniemo\u017cliwi\u0142o napastnikowi skuteczn\u0105 walk\u0119 o pi\u0142k\u0119\/pozycj\u0119;<\/p>\n<p>\u2014 u\u0142o\u017cenie r\u0105k obro\u0144cy nie jest adekwatne do wykonywanych dzia\u0142a\u0144 i nie stanowi dopuszczalnej bariery (ochrony zawodnika) przed rywalem chc\u0105cym walczy\u0107 o pi\u0142k\u0119;<\/p>\n<p>\u2014 w tej sytuacji mamy kontakt r\u0105k z wra\u017cliw\u0105 cz\u0119\u015bci\u0105 cia\u0142a jak\u0105 jest twarz\/g\u0142owa, kt\u00f3ra jest bardziej chroniona. Sam kontakt jest nieostro\u017cny i jest przewinieniem.<\/p>\n<p>S\u0119dzia VAR powinien zarekomendowa\u0107 arbitrowi wideoweryfikacj\u0119, tak by umo\u017cliwi\u0107 mu ponown\u0105 analiz\u0119 zdarzenia w ko\u0144cowych sekundach meczu. Chwil\u0119 przed tym zdarzeniem nast\u0119puje walka zawodnik\u00f3w (\u015al\u0105ska nr 33 oraz Widzewa nr 4 i nr 3) o pozycj\u0119, kt\u00f3ra nie jest przewinieniem na pi\u0142karzu gospodarzy.<\/p>\n<p>Prezydium KS PZPN wskazuje jednak, \u017ce nie ka\u017cdy kontakt r\u0119ki z g\u0142ow\u0105\/twarz\u0105 rywala w walce o pi\u0142k\u0119 b\u0119dzie uznany jako przewinienie. Podejmuj\u0105c decyzj\u0119 s\u0119dziowie kieruj\u0105 si\u0119 ocen\u0105 sposobu gry zawodnik\u00f3w, a np. celowe podchodzenie pod zawodnika bez walki o pi\u0142k\u0119, by zaistnia\u0142 kontakt fizyczny, b\u0119dzie jednym z czynnik\u00f3w podczas analizy tego typu sytuacji \u2014 g\u0142osi o\u015bwiadczenie Kolegium S\u0119dzi\u00f3w.<\/p>\n","protected":false},"excerpt":{"rendered":"Mecz \u015al\u0105sk \u2014 Widzew mia\u0142 dramatyczny przebieg, graj\u0105cy w dziesi\u0105tk\u0119 go\u015bcie prowadzili ju\u017c 3:1, ale gospodarze doprowadzili do&hellip;\n","protected":false},"author":2,"featured_media":641551,"comment_status":"","ping_status":"","sticky":false,"template":"","format":"standard","meta":{"footnotes":"","_share_on_mastodon":"0"},"categories":[51608],"tags":[61195,33868,274,3652,48,46,948,42,38,40,39,41,11817,47,3143,3469],"class_list":["post-641550","post","type-post","status-publish","format-standard","has-post-thumbnail","category-lodz","tag-bottomfeed_styl","tag-daniel_stefanski","tag-ekstraklasa","tag-lodz","tag-nat_styl","tag-omp","tag-pilka_nozna","tag-pl","tag-poland","tag-polish","tag-polska","tag-polski","tag-polski_zwiazek_pilki_noznej","tag-screening_general","tag-slask_wroclaw","tag-widzew_lodz"],"share_on_mastodon":{"url":"https:\/\/pubeurope.com\/@pl\/117145979215726037","error":""},"_links":{"self":[{"href":"https:\/\/www.europesays.com\/pl\/wp-json\/wp\/v2\/posts\/641550","targetHints":{"allow":["GET"]}}],"collection":[{"href":"https:\/\/www.europesays.com\/pl\/wp-json\/wp\/v2\/posts"}],"about":[{"href":"https:\/\/www.europesays.com\/pl\/wp-json\/wp\/v2\/types\/post"}],"author":[{"embeddable":true,"href":"https:\/\/www.europesays.com\/pl\/wp-json\/wp\/v2\/users\/2"}],"replies":[{"embeddable":true,"href":"https:\/\/www.europesays.com\/pl\/wp-json\/wp\/v2\/comments?post=641550"}],"version-history":[{"count":0,"href":"https:\/\/www.europesays.com\/pl\/wp-json\/wp\/v2\/posts\/641550\/revisions"}],"wp:featuredmedia":[{"embeddable":true,"href":"https:\/\/www.europesays.com\/pl\/wp-json\/wp\/v2\/media\/641551"}],"wp:attachment":[{"href":"https:\/\/www.europesays.com\/pl\/wp-json\/wp\/v2\/media?parent=641550"}],"wp:term":[{"taxonomy":"category","embeddable":true,"href":"https:\/\/www.europesays.com\/pl\/wp-json\/wp\/v2\/categories?post=641550"},{"taxonomy":"post_tag","embeddable":true,"href":"https:\/\/www.europesays.com\/pl\/wp-json\/wp\/v2\/tags?post=641550"}],"curies":[{"name":"wp","href":"https:\/\/api.w.org\/{rel}","templated":true}]}}