{"id":641596,"date":"2026-08-23T17:57:18","date_gmt":"2026-08-23T17:57:18","guid":{"rendered":"https:\/\/www.europesays.com\/pl\/641596\/"},"modified":"2026-08-23T17:57:18","modified_gmt":"2026-08-23T17:57:18","slug":"prof-kornat-hitler-nienawidzil-kosciola-katolickiego-jak-stalin","status":"publish","type":"post","link":"https:\/\/www.europesays.com\/pl\/641596\/","title":{"rendered":"Prof. Kornat: Hitler nienawidzi\u0142 Ko\u015bcio\u0142a katolickiego jak Stalin"},"content":{"rendered":"<p>23 sierpnia jest obchodzony Europejski Dzie\u0144 Pami\u0119ci Ofiar Re\u017cim\u00f3w Totalitarnych. Tego dnia, 87 lat temu, podpisano pakt Ribbentrop-Mo\u0142otow &#8211; porozumienie mi\u0119dzy Niemcami i Zwi\u0105zkiem Sowieckim, kt\u00f3re utorowa\u0142o drog\u0119 do wybuchu II wojny \u015bwiatowej.<\/p>\n<p>                                    &#13;<\/p>\n<p>                                    &#13;<\/p>\n<p>Jednym z go\u015bci wydania specjalnego przygotowanego z tej okazji przez telewizj\u0119 Newsmax Polska by\u0142 prof. Marek Kornat, kierownik Zak\u0142adu Dziej\u00f3w Dyplomacji i System\u00f3w Totalitarnych w Instytucie Historii Polskiej Akademii Nauk.<\/p>\n<p>                                    &#13;<\/p>\n<p>                                    &#13;<\/p>\n<p>W rozmowie z Krzysztofem Puternickim naukowiec zwr\u00f3ci\u0142 uwag\u0119, \u017ce charakterystyczn\u0105 cech\u0105 wszystkich totalitaryzm\u00f3w jest organiczna nienawi\u015b\u0107 do katolicyzmu. Podczas gdy prze\u015bladowania Ko\u015bcio\u0142a w Zwi\u0105zku Sowieckim i bloku komunistycznym s\u0105 raczej powszechnie znane, to ma\u0142o kto wie, \u017ce w pa\u0144stwie Hitlera by\u0142y one &#8222;odroczone do zwyci\u0119skiego zako\u0144czenia II wojny \u015bwiatowej&#8221;. <\/p>\n<p>                                    &#13;<\/p>\n<p>                                    &#13;<\/p>\n<p>&#8222;Poziom nienawi\u015bci Hitlera i jego ludzi do Ko\u015bcio\u0142a katolickiego jest tak wysoki, \u017ce przypomina do z\u0142udzenia wypowiedzi na ten sam temat ze strony Lenina, czy Stalina. O tym si\u0119 na Zachodzie nie m\u00f3wi. Na Zachodzie dzisiaj lewicowe \u015brodowiska akademickie produkuj\u0105 ksi\u0105\u017cki, gdzie Ko\u015bci\u00f3\u0142 ustawia si\u0119 w pozycji pomocnika i sojusznika totalitaryzm\u00f3w. To jest horrendum&#8221; &#8211; ubolewa\u0142 historyk.  <\/p>\n<p>                                    &#13;<\/p>\n<p>                                    &#13;<\/p>\n<p>Jako dow\u00f3d przywo\u0142a\u0142 dokument \u017arod\u0142owy &#8211; dziennik Josepha Goebbelsa, jednego z najbli\u017cszych wsp\u00f3\u0142pracownik\u00f3w Adolfa Hitlera odpowiadaj\u0105cego za propagand\u0119. <\/p>\n<p>                                    &#13;<\/p>\n<p>                                    &#13;<\/p>\n<p>&#8222;Wystarczy zajrze\u0107 do dziennik\u00f3w Goebbelsa. Po jednym z posiedze\u0144 episkopatu w Fuldzie w roku 1942 Goebbels zapisa\u0142: 'Wida\u0107, \u017ce jest to komitet defetyzmu i dywersji&#8217;. Tak w\u0142a\u015bnie my\u015bleli o katolickich biskupach&#8221; &#8211; podsumowa\u0142 prof. Kornat.   <\/p>\n<p>\n            Pobierz aplikacj\u0119 Newsmax Polska:\n        <\/p>\n<p>            <a href=\"https:\/\/apps.apple.com\/us\/app\/newsmax-polska\/id6762452749\" rel=\"nofollow noopener\" target=\"_blank\"><br \/>\n                <img decoding=\"async\" src=\"https:\/\/www.europesays.com\/pl\/wp-content\/uploads\/2026\/08\/1787507837_871_app-store.png\" alt=\"AppStore\" width=\"169\" height=\"auto\"\/><br \/>\n            <\/a><br \/>\n            <a href=\"https:\/\/play.google.com\/store\/apps\/details?id=newsmax.poland\" rel=\"nofollow noopener\" target=\"_blank\"><br \/>\n                <img decoding=\"async\" src=\"https:\/\/www.europesays.com\/pl\/wp-content\/uploads\/2026\/08\/1787507838_898_google-play.png\" alt=\"GooglePlay\" width=\"169\" height=\"auto\"\/><br \/>\n            <\/a><\/p>\n<p>\n            Aplikacj\u0119 Newsmax Polska mo\u017cna pobra\u0107 z Google Play i App Store.        <\/p>\n","protected":false},"excerpt":{"rendered":"23 sierpnia jest obchodzony Europejski Dzie\u0144 Pami\u0119ci Ofiar Re\u017cim\u00f3w Totalitarnych. Tego dnia, 87 lat temu, podpisano pakt Ribbentrop-Mo\u0142otow&hellip;\n","protected":false},"author":2,"featured_media":641597,"comment_status":"","ping_status":"","sticky":false,"template":"","format":"standard","meta":{"footnotes":"","_share_on_mastodon":"0"},"categories":[12],"tags":[26137,125851,125849,125854,13928,42,38,40,39,41,125853,125850,125852],"class_list":["post-641596","post","type-post","status-publish","format-standard","has-post-thumbnail","category-polska","tag-adolf-hitler","tag-hitler-a-katolicyzm-na-zachodzie","tag-hitler-nienawisc-kosciol-katolicki-stalin","tag-joseph-goebbels-dzienniki-kosciol","tag-kosciol-katolicki","tag-pl","tag-poland","tag-polish","tag-polska","tag-polski","tag-profesor-marek-kornat-hitler-kosciol","tag-przesladowania-kosciola-w-iii-rzeszy","tag-totalitaryzmy-a-kosciol-katolicki"],"share_on_mastodon":{"url":"https:\/\/pubeurope.com\/@pl\/117146121365491628","error":""},"_links":{"self":[{"href":"https:\/\/www.europesays.com\/pl\/wp-json\/wp\/v2\/posts\/641596","targetHints":{"allow":["GET"]}}],"collection":[{"href":"https:\/\/www.europesays.com\/pl\/wp-json\/wp\/v2\/posts"}],"about":[{"href":"https:\/\/www.europesays.com\/pl\/wp-json\/wp\/v2\/types\/post"}],"author":[{"embeddable":true,"href":"https:\/\/www.europesays.com\/pl\/wp-json\/wp\/v2\/users\/2"}],"replies":[{"embeddable":true,"href":"https:\/\/www.europesays.com\/pl\/wp-json\/wp\/v2\/comments?post=641596"}],"version-history":[{"count":0,"href":"https:\/\/www.europesays.com\/pl\/wp-json\/wp\/v2\/posts\/641596\/revisions"}],"wp:featuredmedia":[{"embeddable":true,"href":"https:\/\/www.europesays.com\/pl\/wp-json\/wp\/v2\/media\/641597"}],"wp:attachment":[{"href":"https:\/\/www.europesays.com\/pl\/wp-json\/wp\/v2\/media?parent=641596"}],"wp:term":[{"taxonomy":"category","embeddable":true,"href":"https:\/\/www.europesays.com\/pl\/wp-json\/wp\/v2\/categories?post=641596"},{"taxonomy":"post_tag","embeddable":true,"href":"https:\/\/www.europesays.com\/pl\/wp-json\/wp\/v2\/tags?post=641596"}],"curies":[{"name":"wp","href":"https:\/\/api.w.org\/{rel}","templated":true}]}}