{"id":641658,"date":"2026-08-23T18:50:19","date_gmt":"2026-08-23T18:50:19","guid":{"rendered":"https:\/\/www.europesays.com\/pl\/641658\/"},"modified":"2026-08-23T18:50:19","modified_gmt":"2026-08-23T18:50:19","slug":"h-skrzydlewska-orzel-lodz-abramczyk-polonia-bydgoszcz-zdjecia-z-pierwszego-polfinalu-metalkas-2-ekstraligi","status":"publish","type":"post","link":"https:\/\/www.europesays.com\/pl\/641658\/","title":{"rendered":"H.Skrzydlewska Orze\u0142 \u0141\u00f3d\u017a &#8211; Abramczyk Polonia Bydgoszcz &#8211; Zdj\u0119cia z pierwszego p\u00f3\u0142fina\u0142u Metalkas 2 Ekstraligi"},"content":{"rendered":"<p style=\"text-align: null;\">Trudny pocz\u0105tek i fatalna kontuzja<\/p>\n<p style=\"text-align: null;\">Poloni\u015bci przyst\u0105pili do rywalizacji bez swojego m\u0142odzie\u017cowego lidera, Wiktora Przyjemskiego, co znacz\u0105co zmniejszy\u0142o ich si\u0142\u0119 ra\u017cenia. Gospodarze od pierwszych bieg\u00f3w stawiali twardy op\u00f3r. Bydgoszczanie wyszli na prowadzenie tylko raz \u2013 po 6. wy\u015bcigu (19:17), kiedy para Szymon Wo\u017aniak \u2013 Maksymilian Pawe\u0142czak wygra\u0142a podw\u00f3jnie.<\/p>\n<p style=\"text-align: null;\">Rado\u015b\u0107 nie trwa\u0142a jednak d\u0142ugo. W 7. biegu, tu\u017c po przekroczeniu linii mety, dosz\u0142o do makabrycznego wypadku. Krzysztof Buczkowski sczepi\u0142 si\u0119 motocyklem z Villadsem Nagelem i z impetem uderzy\u0142 w tor. Lider Polonii zosta\u0142 odwieziony do szpitala i nie pojawi\u0142 si\u0119 ju\u017c do ko\u0144ca zawod\u00f3w. Strata Buczkowskiego mocno ograniczy\u0142a pole manewru taktycznego sztabu z Bydgoszczy \u2013 na torze musia\u0142 pojawi\u0107 si\u0119 m.in. Maksymilian Kostera.<\/p>\n<p style=\"text-align: null;\">Bohaterki po\u015bcig w ko\u0144c\u00f3wce<\/p>\n<p style=\"text-align: null;\">Gdy gospodarze wypracowali sobie ju\u017c o\u015bmiopunktow\u0105 przewag\u0119, sytuacja Polonii wydawa\u0142a si\u0119 godna wsp\u00f3\u0142czucia. Sztab trenerski zacz\u0105\u0142 jednak efektywnie wykorzystywa\u0107 rezerwy taktyczne. Zdziesi\u0105tkowana dru\u017cyna z Bydgoszczy pokaza\u0142a charakter, odrabiaj\u0105c straty w ostatnich wy\u015bcigach i wywalczaj\u0105c cenny remis 45:45.<\/p>\n<p style=\"text-align: null;\">Dobre wie\u015bci ze szpitala<\/p>\n<p style=\"text-align: null;\">Najwa\u017cniejsze informacje po meczu przekaza\u0142 szkoleniowiec go\u015bci.<\/p>\n<p style=\"text-align: null;\">\u2013 Na szcz\u0119\u015bcie z tego, co wiem, Krzysztof Buczkowski jest tylko poobijany i nie ma \u017cadnych z\u0142ama\u0144 \u2013 uspokoi\u0142 kibic\u00f3w Dariusz \u015aled\u017a.<\/p>\n<p style=\"text-align: null;\">Brak powa\u017cnych uraz\u00f3w u kluczowego zawodnika to najlepsza wiadomo\u015b\u0107 dla Bydgoszczy przed meczem rewan\u017cowym u siebie, gdzie Polonia b\u0119dzie faworytem do awansu do fina\u0142u.<\/p>\n<p>    <a href=\"https:\/\/bydgoszcz.naszemiasto.pl\/h-skrzydlewska-orzel-lodz-abramczyk-polonia-bydgoszcz-zdjecia-z-pierwszego-polfinalu-metalkas-2-ekstraligi\/gh\/c2p2-29287565\" class=\"componentsArticleGalleryButton__hyperlink\" data-ec=\"componentsArticleGalleryButton\" data-event-position-el=\"gallery\" data-ecp=\"href=https:\/\/bydgoszcz.naszemiasto.pl\/h-skrzydlewska-orzel-lodz-abramczyk-polonia-bydgoszcz-zdjecia-z-pierwszego-polfinalu-metalkas-2-ekstraligi\/gh\/c2p2-29287565\" rel=\"nofollow noopener\" target=\"_blank\">Zobacz galeri\u0119(214 zdj\u0119\u0107)<\/a><\/p>\n<p style=\"text-align: null;\">H.Skrzydlewska Orze\u0142 \u0141\u00f3d\u017a &#8211; Abramczyk Polonia Bydgoszcz 45:45<\/p>\n<p style=\"text-align: null;\">H.Skrzydlewska Orze\u0142 \u0141\u00f3d\u017a &#8211; 45<\/p>\n<p style=\"text-align: null;\">9. Marcin Nowak &#8211; 6 (3,3,w,0)<\/p>\n<p style=\"text-align: null;\">10. Villads Nagel &#8211; 7+1 (2,2*,3,0,t)<\/p>\n<p style=\"text-align: null;\">11. Zach Cook &#8211; 7+1 (1,1,2*,3,0)<\/p>\n<p style=\"text-align: null;\">12. Szymon Szlauderbach &#8211; 13 (3,3,3,3,1)<\/p>\n<p style=\"text-align: null;\">13. Oliver Berntzon &#8211; 7 (0,1,2,3,1)<\/p>\n<p style=\"text-align: null;\">14. Kacper Halkiewicz &#8211; 3+1 (2,1*,0,0)<\/p>\n<p style=\"text-align: null;\">15. Krzysztof Lewandowski &#8211; 2+1 (0,0,2*)<\/p>\n<p style=\"text-align: null;\">Abramczyk Polonia Bydgoszcz &#8211; 45<\/p>\n<p style=\"text-align: null;\">1. Szymon Wo\u017aniak &#8211; 14 (2,3,2,2,2,3)<\/p>\n<p style=\"text-align: null;\">2. Maksymilian Kostera &#8211; 1 (-,-,1,0,-)<\/p>\n<p style=\"text-align: null;\">3. Kai Huckenbeck &#8211; 1 (w,0,1,-,-)<\/p>\n<p style=\"text-align: null;\">4. Aleksandr \u0141oktajew &#8211; 10+3 (0,2,3,1*,2*,2*)<\/p>\n<p style=\"text-align: null;\">5. Krzysztof Buczkowski &#8211; 1+1 (1*,w,-,-)<\/p>\n<p style=\"text-align: null;\">6. Maksymilian Pawe\u0142czak &#8211; 12+2 (3,3,2*,0,1*,3)<\/p>\n<p style=\"text-align: null;\">7. Kacper Andrzejewski &#8211; 6 (1,2,1,1,1)<\/p>\n<p>    <a class=\"componentsRecommendationsSingleArticle__link\" href=\"https:\/\/bydgoszcz.naszemiasto.pl\/14-lat-czekania-na-ekstralige-abramczyk-polonia-bydgoszcz-rozpoczyna-decydujaca-walke\/ar\/c2p2-29268195\" data-ec=\"componentsRecommendationsSingleArticle\" data-event-position-el=\"link\" data-ecp=\"url=https:\/\/bydgoszcz.naszemiasto.pl\/14-lat-czekania-na-ekstralige-abramczyk-polonia-bydgoszcz-rozpoczyna-decydujaca-walke\/ar\/c2p2-29268195,title=14 lat czekania na Ekstralig&#x119;.Abramczyk Polonia Bydgoszcz rozpoczyna decyduj&#x105;c&#x105; walk&#x119;\" rel=\"nofollow noopener\" target=\"_blank\"><img decoding=\"async\" class=\"componentsRecommendationsSingleArticle__tileImg\" loading=\"lazy\" src=\"https:\/\/www.europesays.com\/pl\/wp-content\/uploads\/2026\/08\/26082312b0_974488543_small.jpg\" data-image-type=\"articles\" alt=\"14 lat czekania na Ekstralig&#x119;.Abramczyk Polonia Bydgoszcz rozpoczyna decyduj&#x105;c&#x105; walk&#x119;\"\/>14 lat czekania na Ekstralig\u0119.Abramczyk Polonia Bydgoszcz rozpoczyna decyduj\u0105c\u0105 walk\u0119<\/p>\n<p class=\"componentsRecommendationsSingleArticle__lead\">Abramczyk Polonia Bydgoszcz wygra\u0142a rund\u0119 zasadnicz\u0105 Metalkas 2. Ekstraligi 2026 z kompletem zwyci\u0119stw i przyst\u0119puje do najwa\u017cniejszej cz\u0119\u015bci sezonu. Przed bydgoszczanami faza play-off, kt\u00f3ra zdecyduj&#8230;<\/p>\n<p><img decoding=\"async\" class=\"atomsPartialImageAvatar atomsPartialImageAvatar--textSubtle\" data-event-position-context=\"atomsPartialImageAvatar\" alt=\"Jakub Soboczy&#x144;ski\" width=\"24\" height=\"24\" src=\"https:\/\/s-nsk.ppstatic.pl\/assets\/nsk\/v1.401.0\/images\/author.svg\" loading=\"lazy\"\/>Jakub Soboczy\u0144ski<\/a><\/p>\n<p>Dalsza cz\u0119\u015b\u0107 materia\u0142u pod wideo<\/p>\n<p><img decoding=\"async\" class=\"atomsPartialImgIcon\" loading=\"lazy\" src=\"https:\/\/www.europesays.com\/pl\/wp-content\/uploads\/2026\/08\/1787511017_777_0.webp\" alt=\"emisja bez ogranicze&#x144; wiekowych\" width=\"1\" height=\"1\"\/><\/p>\n<p style=\"text-align: null;\">Szukasz ubra\u0144 sportowych w dobrych cenach? Sprawd\u017a kody rabatowe <a href=\"https:\/\/kodyrabatowe.naszemiasto.pl\/kody-rabatowe\/decathlon\" title=\"\" rel=\"nofollow noopener\" target=\"_blank\">Decathlon<\/a> oraz promocje i przeceny w innych sklepach z odzie\u017c\u0105 i sprz\u0119tem sportowym.<\/p>\n<p>    <a class=\"componentsRecommendationsSingleArticle__link\" href=\"https:\/\/bydgoszcz.naszemiasto.pl\/jaki-smartring-kupic-odkryj-modele-monitorujace-zdrowie-24-7\/ar\/c12p2-28891489\" data-ec=\"componentsRecommendationsSingleArticle\" data-event-position-el=\"link\" data-ecp=\"url=https:\/\/bydgoszcz.naszemiasto.pl\/jaki-smartring-kupic-odkryj-modele-monitorujace-zdrowie-24-7\/ar\/c12p2-28891489,title=Jaki smartring kupi&#x107;? Odkryj modele monitoruj&#x105;ce zdrowie 24\/7\" rel=\"nofollow noopener\" target=\"_blank\"><img decoding=\"async\" class=\"componentsRecommendationsSingleArticle__tileImg\" loading=\"lazy\" src=\"https:\/\/www.europesays.com\/pl\/wp-content\/uploads\/2026\/08\/1787511018_949_il20260408_961865531_small.jpg\" data-image-type=\"articles\" alt=\"Jaki smartring kupi&#x107;? Odkryj modele monitoruj&#x105;ce zdrowie 24\/7\"\/>Jaki smartring kupi\u0107? Odkryj modele monitoruj\u0105ce zdrowie 24\/7<\/p>\n<p class=\"componentsRecommendationsSingleArticle__lead\">Inteligentne pier\u015bcienie, czyli smartringi, to rewolucja w monitorowaniu zdrowia. Niewielkie, dyskretne i niezwykle stylowe, oferuj\u0105 zaawansowane funkcje \u015bledzenia aktywno\u015bci, snu, t\u0119tna, a nawet pozi&#8230;<\/p>\n<p><img decoding=\"async\" class=\"atomsPartialImageAvatar atomsPartialImageAvatar--textSubtle\" data-event-position-context=\"atomsPartialImageAvatar\" alt=\"Redakcja Naszemiasto.pl\" width=\"24\" height=\"24\" src=\"https:\/\/www.europesays.com\/pl\/wp-content\/uploads\/2026\/08\/1787511019_969_6a3d0791e174d_icon.jpg\" loading=\"lazy\"\/>Redakcja Naszemiasto.pl<\/a><\/p>\n","protected":false},"excerpt":{"rendered":"Trudny pocz\u0105tek i fatalna kontuzja Poloni\u015bci przyst\u0105pili do rywalizacji bez swojego m\u0142odzie\u017cowego lidera, Wiktora Przyjemskiego, co znacz\u0105co zmniejszy\u0142o&hellip;\n","protected":false},"author":2,"featured_media":641659,"comment_status":"","ping_status":"","sticky":false,"template":"","format":"standard","meta":{"footnotes":"","_share_on_mastodon":"0"},"categories":[51613],"tags":[7132,106931,42,38,40,72993,39,41,882],"class_list":["post-641658","post","type-post","status-publish","format-standard","has-post-thumbnail","category-bydgoszcz","tag-bydgoszcz","tag-bydgoszcz-wiadomosci","tag-pl","tag-poland","tag-polish","tag-polonia-bydgoszcz","tag-polska","tag-polski","tag-speedway"],"share_on_mastodon":{"url":"https:\/\/pubeurope.com\/@pl\/117146330257200760","error":""},"_links":{"self":[{"href":"https:\/\/www.europesays.com\/pl\/wp-json\/wp\/v2\/posts\/641658","targetHints":{"allow":["GET"]}}],"collection":[{"href":"https:\/\/www.europesays.com\/pl\/wp-json\/wp\/v2\/posts"}],"about":[{"href":"https:\/\/www.europesays.com\/pl\/wp-json\/wp\/v2\/types\/post"}],"author":[{"embeddable":true,"href":"https:\/\/www.europesays.com\/pl\/wp-json\/wp\/v2\/users\/2"}],"replies":[{"embeddable":true,"href":"https:\/\/www.europesays.com\/pl\/wp-json\/wp\/v2\/comments?post=641658"}],"version-history":[{"count":0,"href":"https:\/\/www.europesays.com\/pl\/wp-json\/wp\/v2\/posts\/641658\/revisions"}],"wp:featuredmedia":[{"embeddable":true,"href":"https:\/\/www.europesays.com\/pl\/wp-json\/wp\/v2\/media\/641659"}],"wp:attachment":[{"href":"https:\/\/www.europesays.com\/pl\/wp-json\/wp\/v2\/media?parent=641658"}],"wp:term":[{"taxonomy":"category","embeddable":true,"href":"https:\/\/www.europesays.com\/pl\/wp-json\/wp\/v2\/categories?post=641658"},{"taxonomy":"post_tag","embeddable":true,"href":"https:\/\/www.europesays.com\/pl\/wp-json\/wp\/v2\/tags?post=641658"}],"curies":[{"name":"wp","href":"https:\/\/api.w.org\/{rel}","templated":true}]}}